{"id":197714,"date":"2025-10-24T06:20:08","date_gmt":"2025-10-24T06:20:08","guid":{"rendered":"https:\/\/www.europesays.com\/es\/197714\/"},"modified":"2025-10-24T06:20:08","modified_gmt":"2025-10-24T06:20:08","slug":"puigdemont-cita-a-su-ejecutiva-el-lunes-en-perpinan-para-acelerar-la-decision-de-si-rompen-con-sanchez","status":"publish","type":"post","link":"https:\/\/www.europesays.com\/es\/197714\/","title":{"rendered":"Puigdemont cita a su ejecutiva el lunes en Perpi\u00f1\u00e1n para acelerar la decisi\u00f3n de si rompen con S\u00e1nchez"},"content":{"rendered":"<p style=\"\">Junts parece decidido, esta vez s\u00ed, a llevar hasta las \u00faltimas consecuencias su \u00f3rdago a Pedro S\u00e1nchez. Ante los incumplimientos de los acuerdos alcanzados y un creciente malestar en el seno de la formaci\u00f3n independentista por el<a href=\"https:\/\/www.abc.es\/espana\/cataluna\/avance-alianca-cataluna-interior-dispara-alarmas-junts-20250929090637-nt.html\" target=\"_self\" data-voc-vtm-id=\"in-text-traffic\" title=\" ascenso de Alian\u00e7a Catalana\" data-mrf-link=\"www.abc.es\" rel=\"nofollow noopener\"> ascenso de Alian\u00e7a Catalana<\/a>, principalmente en el  &#8230; mundo municipal, Carles Puigdemont ha convocado a su ejecutiva el lunes en Perpi\u00f1\u00e1n (Francia) para <strong>acelerar la decisi\u00f3n de romper o no con S\u00e1nchez<\/strong>.<\/p>\n<p class=\"voc-p\" style=\"\">El encuentro, que no estaba previsto a principios de semana en la agenda de Junts, se ha convocado apenas un d\u00eda despu\u00e9s del \u00faltimo aviso de la portavoz en Madrid, M\u00edriam Nogueras, al jefe del Ejecutivo. Este mi\u00e9rcoles, en el marco de la sesi\u00f3n de control al Gobierno,<a href=\"https:\/\/www.abc.es\/espana\/junts-amenaza-hablar-cambio-horario-hora-cambio-20251022112900-nt.html\" target=\"_self\" data-voc-vtm-id=\"in-text-traffic\" title=\" Nogueras le dijo a S\u00e1nchez\" data-mrf-link=\"www.abc.es\" rel=\"nofollow noopener\"> Nogueras le dijo a S\u00e1nchez<\/a> que en lugar de \u00abhablar del cambio de hora, deber\u00edamos hablar de la hora del cambio\u00bb. Unas palabras que <a href=\"https:\/\/www.abc.es\/espana\/gobierno-ningunea-ordago-junts-siempre-teatro-20251023174719-nt.html\" target=\"_self\" data-voc-vtm-id=\"in-text-traffic\" title=\"en Moncloa desde\u00f1aron\" data-mrf-link=\"www.abc.es\" rel=\"nofollow noopener\">en Moncloa desde\u00f1aron<\/a>, algo que no ha gustado en Junts, que creen que \u00abel PSOE no se lo est\u00e1 tomando en serio\u00bb.<\/p>\n<p class=\"voc-p\" style=\"\">En el partido independentista hace meses que amenazan con poner fin al acuerdo de Bruselas, que firmaron a finales de 2023 Santos Cerd\u00e1n y Jordi Turull, al considerar que no se est\u00e1 cumpliendo pr\u00e1cticamente nada y que Salvador Illa lo est\u00e1 \u00abboicoteando permanentemente\u00bb. Pero desde diciembre del a\u00f1o pasado, cuando Junts plante\u00f3 por primera vez un gran \u00f3rdago, el de obligar a S\u00e1nchez a someterse a una cuesti\u00f3n de confianza, el mediador internacional les ha pedido <strong>varias pr\u00f3rrogar para dar tiempo a una negociaci\u00f3n que sigue sin avances<\/strong>.<\/p>\n<p class=\"voc-p\" style=\"\">El aumento de los decibelios en las quejas de los alcaldes, que denuncian que seguir en la situaci\u00f3n actual puede hacerles perder muchos ayuntamientos en beneficio de Alian\u00e7a Catalana, encendi\u00f3 todas las alarmas hace una semana. Varios ediles se plantaron en Waterloo (B\u00e9lgica), sin que les recibiera Puigdemont -en su lugar lo hizo Turull, que lo podr\u00eda haber hecho igualmente en Barcelona-, para lanzar a la direcci\u00f3n un ultim\u00e1tum a nivel interno. A partir de ah\u00ed se reactiv\u00f3 toda la operaci\u00f3n de acelerar la decisi\u00f3n sobre qu\u00e9 hacer con el PSOE, <strong>si mantener vivo el acuerdo de Bruselas o si romper definitivamente<\/strong>.<\/p>\n<p class=\"voc-p\" style=\"\">En el caso de optar por este segundo escenario, algo que se podr\u00eda saber el mismo lunes, ya que tras el encuentro Junts ha convocado una rueda de prensa, faltar\u00e1 por ver las <strong>consecuencias reales que tiene esa eventual ruptura<\/strong>. Tal como avanz\u00f3 ABC hace unas semanas, desde finales de verano los de Nogueras ya se hab\u00edan abonado al<a href=\"https:\/\/www.abc.es\/espana\/cataluna\/junts-cambia-tactica-sanchez-dira-incluido-embargo-20250915041958-nt.html\" target=\"_self\" data-voc-vtm-id=\"in-text-traffic\" title=\" &#039;no&#039; a todo en las votaciones\" data-mrf-link=\"www.abc.es\" rel=\"nofollow noopener\"> &#8216;no&#8217; a todo en las votaciones<\/a> del Congreso. Por lo que en ese sentido tendr\u00eda pocos efectos pr\u00e1cticos la ruptura. El otro escenario, el de provocar la salida de S\u00e1nchez de Moncloa con una moci\u00f3n de censura que siempre hab\u00edan descartado en Junts, ha vuelto a situarse sobre la mesa en los \u00faltimos d\u00edas.<\/p>\n","protected":false},"excerpt":{"rendered":"Junts parece decidido, esta vez s\u00ed, a llevar hasta las \u00faltimas consecuencias su \u00f3rdago a Pedro S\u00e1nchez. Ante&hellip;\n","protected":false},"author":2,"featured_media":197715,"comment_status":"","ping_status":"","sticky":false,"template":"","format":"standard","meta":{"footnotes":""},"categories":[8],"tags":[3896,17,18,7716,2347,54749,25,24,13,14,11,19,20,1051,9,10,15,16,31409,5667,15281,199,23,12,21,22],"class_list":{"0":"post-197714","1":"post","2":"type-post","3":"status-publish","4":"format-standard","5":"has-post-thumbnail","7":"category-espana","8":"tag-acelerar","9":"tag-breaking-news","10":"tag-breakingnews","11":"tag-cita","12":"tag-decision","13":"tag-ejecutiva","14":"tag-es","15":"tag-espana","16":"tag-featured-news","17":"tag-featurednews","18":"tag-headlines","19":"tag-latest-news","20":"tag-latestnews","21":"tag-lunes","22":"tag-news","23":"tag-noticias","24":"tag-noticias-destacadas","25":"tag-noticiasdestacadas","26":"tag-perpinan","27":"tag-puigdemont","28":"tag-rompen","29":"tag-sanchez","30":"tag-spain","31":"tag-titulares","32":"tag-ultimas-noticias","33":"tag-ultimasnoticias"},"share_on_mastodon":{"url":"","error":""},"_links":{"self":[{"href":"https:\/\/www.europesays.com\/es\/wp-json\/wp\/v2\/posts\/197714","targetHints":{"allow":["GET"]}}],"collection":[{"href":"https:\/\/www.europesays.com\/es\/wp-json\/wp\/v2\/posts"}],"about":[{"href":"https:\/\/www.europesays.com\/es\/wp-json\/wp\/v2\/types\/post"}],"author":[{"embeddable":true,"href":"https:\/\/www.europesays.com\/es\/wp-json\/wp\/v2\/users\/2"}],"replies":[{"embeddable":true,"href":"https:\/\/www.europesays.com\/es\/wp-json\/wp\/v2\/comments?post=197714"}],"version-history":[{"count":0,"href":"https:\/\/www.europesays.com\/es\/wp-json\/wp\/v2\/posts\/197714\/revisions"}],"wp:featuredmedia":[{"embeddable":true,"href":"https:\/\/www.europesays.com\/es\/wp-json\/wp\/v2\/media\/197715"}],"wp:attachment":[{"href":"https:\/\/www.europesays.com\/es\/wp-json\/wp\/v2\/media?parent=197714"}],"wp:term":[{"taxonomy":"category","embeddable":true,"href":"https:\/\/www.europesays.com\/es\/wp-json\/wp\/v2\/categories?post=197714"},{"taxonomy":"post_tag","embeddable":true,"href":"https:\/\/www.europesays.com\/es\/wp-json\/wp\/v2\/tags?post=197714"}],"curies":[{"name":"wp","href":"https:\/\/api.w.org\/{rel}","templated":true}]}}