{"id":197720,"date":"2025-10-24T06:23:16","date_gmt":"2025-10-24T06:23:16","guid":{"rendered":"https:\/\/www.europesays.com\/es\/197720\/"},"modified":"2025-10-24T06:23:16","modified_gmt":"2025-10-24T06:23:16","slug":"cartel-con-sello-mexicano-para-huamantla","status":"publish","type":"post","link":"https:\/\/www.europesays.com\/es\/197720\/","title":{"rendered":"Cartel con sello mexicano para Huamantla"},"content":{"rendered":"<p>La <strong>Plaza de Toros La Taurina<\/strong> de <strong>Huamantla, Tlaxcala<\/strong>, ser\u00e1 escenario de una <strong>corrida de toros<\/strong> que se celebrar\u00e1 el pr\u00f3ximo <strong>s\u00e1bado 13 de diciembre<\/strong> a las <strong>4 de la tarde<\/strong>, en un <strong>cartel<\/strong> que re\u00fane a reconocidos <strong>exponentes del toreo nacional<\/strong>.<\/p>\n<p class=\"has-blue-ova-color has-white-background-color has-text-color has-background\"><strong>TE PUEDE INTERESAR: <a href=\"https:\/\/ovaciones.com\/america-a-tomar-por-asalto-el-liderato-en-el-puerto-de-mazatlan-juarez-por-liguilla-directa\/\" rel=\"nofollow noopener\" target=\"_blank\">Am\u00e9rica, a tomar por asalto el liderato en el puerto de Mazatl\u00e1n; Ju\u00e1rez, por Liguilla directa<\/a><\/strong><\/p>\n<p>La <strong>empresa Feria Toro<\/strong> ha conformado un <strong>programa<\/strong> que encabezar\u00e1 <strong>Uriel Moreno \u201cEl Zapata\u201d<\/strong>, <strong>matador tlaxcalteca<\/strong> con amplia <strong>trayectoria<\/strong> en <strong>M\u00e9xico<\/strong> y en el <strong>extranjero<\/strong>. Compartir\u00e1 <strong>cartel<\/strong> con <strong>Gerardo Rivera<\/strong>, torero tambi\u00e9n de esta <strong>casa<\/strong> que el pasado fin de semana <strong>indultara<\/strong> a un <strong>ejemplar de Atlanga<\/strong>.<\/p>\n<p>Cierra la <strong>combinaci\u00f3n<\/strong> el <strong>triunfador<\/strong> de la <strong>Feria de Pachuca<\/strong>, el <strong>rejoneador Javier Funtanet<\/strong>, quien presentar\u00e1 su <strong>cuadra de caballos<\/strong> en una <strong>actuaci\u00f3n<\/strong> que promete el <strong>alto nivel<\/strong> que ha mantenido en su <strong>temporada<\/strong> que reci\u00e9n comienza.<\/p>\n<p>Durante la <strong>corrida<\/strong> tambi\u00e9n participar\u00e1n los <strong>Forcados de Tlaxcala<\/strong>, <strong>agrupaci\u00f3n<\/strong> que aporta un <strong>elemento distintivo<\/strong> por su <strong>valor<\/strong> y <strong>trabajo en conjunto<\/strong> dentro del <strong>ruedo<\/strong>.<\/p>\n<p>El <strong>encierro<\/strong> estar\u00e1 compuesto por <strong>seis toros<\/strong> de la <strong>ganader\u00eda regiomontana de La Playa<\/strong>, cuyos <strong>ejemplares<\/strong> ser\u00e1n parte del tradicional <strong>encierro matutino<\/strong>, programado para las <strong>9 de la ma\u00f1ana<\/strong>, una <strong>actividad<\/strong> que forma parte del <strong>ambiente festivo<\/strong> caracter\u00edstico de <strong>Huamantla<\/strong>.<\/p>\n<p>La <strong>empresa Feria Toro<\/strong>, que encabeza <strong>Jos\u00e9 Luis Alatorre<\/strong>, extern\u00f3 que esta <strong>corrida<\/strong> cuenta con el <strong>apoyo<\/strong> del <strong>Gobierno Municipal de Huamantla 2024\u20132027<\/strong>, que respalda la <strong>realizaci\u00f3n<\/strong> del <strong>festejo<\/strong> bajo el <strong>lema<\/strong> \u201c<strong>Por amor a Huamantla<\/strong>\u201d, con el <strong>prop\u00f3sito<\/strong> de <strong>preservar<\/strong> las <strong>manifestaciones culturales y populares<\/strong> que forman parte de la <strong>identidad tlaxcalteca<\/strong>.<\/p>\n","protected":false},"excerpt":{"rendered":"La Plaza de Toros La Taurina de Huamantla, Tlaxcala, ser\u00e1 escenario de una corrida de toros que se&hellip;\n","protected":false},"author":2,"featured_media":197721,"comment_status":"","ping_status":"","sticky":false,"template":"","format":"standard","meta":{"footnotes":""},"categories":[277],"tags":[373,168,25,24,23,167,374],"class_list":{"0":"post-197720","1":"post","2":"type-post","3":"status-publish","4":"format-standard","5":"has-post-thumbnail","7":"category-toreo","8":"tag-bullfighting","9":"tag-deportes","10":"tag-es","11":"tag-espana","12":"tag-spain","13":"tag-sports","14":"tag-toreo"},"share_on_mastodon":{"url":"https:\/\/pubeurope.com\/@es\/115427711560731165","error":""},"_links":{"self":[{"href":"https:\/\/www.europesays.com\/es\/wp-json\/wp\/v2\/posts\/197720","targetHints":{"allow":["GET"]}}],"collection":[{"href":"https:\/\/www.europesays.com\/es\/wp-json\/wp\/v2\/posts"}],"about":[{"href":"https:\/\/www.europesays.com\/es\/wp-json\/wp\/v2\/types\/post"}],"author":[{"embeddable":true,"href":"https:\/\/www.europesays.com\/es\/wp-json\/wp\/v2\/users\/2"}],"replies":[{"embeddable":true,"href":"https:\/\/www.europesays.com\/es\/wp-json\/wp\/v2\/comments?post=197720"}],"version-history":[{"count":0,"href":"https:\/\/www.europesays.com\/es\/wp-json\/wp\/v2\/posts\/197720\/revisions"}],"wp:featuredmedia":[{"embeddable":true,"href":"https:\/\/www.europesays.com\/es\/wp-json\/wp\/v2\/media\/197721"}],"wp:attachment":[{"href":"https:\/\/www.europesays.com\/es\/wp-json\/wp\/v2\/media?parent=197720"}],"wp:term":[{"taxonomy":"category","embeddable":true,"href":"https:\/\/www.europesays.com\/es\/wp-json\/wp\/v2\/categories?post=197720"},{"taxonomy":"post_tag","embeddable":true,"href":"https:\/\/www.europesays.com\/es\/wp-json\/wp\/v2\/tags?post=197720"}],"curies":[{"name":"wp","href":"https:\/\/api.w.org\/{rel}","templated":true}]}}