{"id":197729,"date":"2025-10-24T06:31:12","date_gmt":"2025-10-24T06:31:12","guid":{"rendered":"https:\/\/www.europesays.com\/es\/197729\/"},"modified":"2025-10-24T06:31:12","modified_gmt":"2025-10-24T06:31:12","slug":"las-chicas-listas-leen-libros","status":"publish","type":"post","link":"https:\/\/www.europesays.com\/es\/197729\/","title":{"rendered":"Las chicas listas leen libros"},"content":{"rendered":"<p class=\"c-paragraph\">La &#8216;guerra&#8217; de indirectas entre <b><a href=\"https:\/\/www.20minutos.es\/tags\/personas\/maria-pombo.html\" title=\"Mar\u00eda Pombo\" rel=\"nofollow noopener\" target=\"_blank\">Mar\u00eda Pombo<\/a><\/b> y <b><a href=\"https:\/\/www.20minutos.es\/tags\/personas\/laura-escanes.html\" title=\"Laura Escanes\" rel=\"nofollow noopener\" target=\"_blank\">Laura Escanes<\/a><\/b> ha vuelto a poner sobre la mesa el <b>debate sobre la lectura <\/b>que, hace un mes, situ\u00f3 a la peque\u00f1a del clan Pombo en el ojo del hurac\u00e1n despu\u00e9s de sugerir, a trav\u00e9s de su perfil de TikTok, que \u00abhay que superar que haya <b>gente a la que no le guste leer\u00bb<\/b> y que, en tal sentido, nadie deber\u00eda sentirse superior por tener este h\u00e1bito.<\/p>\n<p class=\"c-paragraph\">Ya en aquel entonces, multitud de personalidades conocidas de distintos \u00e1mbitos, entre ellas\u00a0<b>Alba Carrillo, <\/b>compartieron su punto de vista al respecto y\u00a0expresaron abiertamente su rechazo ante la difusi\u00f3n de este tipo de mensajes por parte de influencers, especialmente cuando est\u00e1n dirigidos a una audiencia masiva y, en su mayor\u00eda, joven.\u00a0<\/p>\n<p class=\"c-paragraph\">Ahora, con motivo del<b> resurgimiento de esta pol\u00e9mica,<\/b> la modelo y colaboradora de televisi\u00f3n ha vuelto a reafirmarse en su postura con una contundente reflexi\u00f3n publicada en Instagram en la que, si bien<b> no menciona expl\u00edcitamente a Mar\u00eda,<\/b> hace referencia a todo el revuelo generado en torno a su figura y su desinter\u00e9s por la lectura.<\/p>\n<p class=\"c-paragraph\">\u00abLo avis\u00e9. <b>Nadie que haga apolog\u00eda de la falta de atenci\u00f3n por la cultura, merece llamarse<\/b><b> influencer\u00bb,<\/b> expres\u00f3 Carrillo a trav\u00e9s de sus historias de Instagram, poniendo el foco en el supuesto impacto negativo de esta manera de pensar. \u00abPrescriptora de belleza y moda, vale. Se debe influir (influencer) \u2014y, sobre todo, a nuestros ni\u00f1os y adolescentes que siguen por millones a estas personas\u2014, en las ganas de aprender y evolucionar\u00bb.<\/p>\n<p class=\"c-paragraph\">Acompa\u00f1ando sus palabras, la participante de Hasta el fin del mundo, que inst\u00f3 de forma indirecta a la influencer a que se aficiona a la lectura mediante el hashtag #Lee, public\u00f3 la fotograf\u00eda de dos menores con dos sugerentes mensajes que no dejan lugar a dudas: \u00abLos chicos listos leen libros\u00bb y <b>\u00ablas chicas listas leen libros\u00bb.\u00a0<\/b><\/p>\n<p class=\"c-paragraph\">En las \u00faltimas horas, una tercera persona en discordia,<b><a href=\"https:\/\/www.20minutos.es\/tags\/temas\/marta-pombo.html\" title=\"Marta Pombo\" rel=\"nofollow noopener\" target=\"_blank\"> Marta Pombo, <\/a><\/b>se ha sumado tambi\u00e9n a la pol\u00e9mica surgida a ra\u00edz del comentario de Laura Escanes en Al cielo con ella, el programa de Henar \u00c1lvarez en La 2, pero, en esta ocasi\u00f3n, para defender a su hermana Mar\u00eda y<b> solicitar que la dejen \u00abtranquila\u00bb <\/b>en la recta final de su embarazo.\u00a0<\/p>\n<p class=\"c-paragraph\">\u00abSu mensaje (en contra del bullying) no iba enfocado a nadie (&#8230;) Hay que tener en cuenta que est\u00e1 embarazada de siete meses<b><b>, con Vega ya tuvo un susto por estr\u00e9s\u00bb,<\/b><\/b>\u00a0se\u00f1al\u00f3 la influencer durante su intervenci\u00f3n ante la prensa en los premios GenZ Awards 2025.\u00a0<\/p>\n","protected":false},"excerpt":{"rendered":"La &#8216;guerra&#8217; de indirectas entre Mar\u00eda Pombo y Laura Escanes ha vuelto a poner sobre la mesa el&hellip;\n","protected":false},"author":2,"featured_media":197730,"comment_status":"","ping_status":"","sticky":false,"template":"","format":"standard","meta":{"footnotes":""},"categories":[174],"tags":[9623,16360,24039,255,19913,146,147,25,24,256,1932,23],"class_list":{"0":"post-197729","1":"post","2":"type-post","3":"status-publish","4":"format-standard","5":"has-post-thumbnail","7":"category-famosos","8":"tag-alba","9":"tag-arremete","10":"tag-carrillo","11":"tag-celebrities","12":"tag-contra","13":"tag-entertainment","14":"tag-entretenimiento","15":"tag-es","16":"tag-espana","17":"tag-famosos","18":"tag-maria","19":"tag-spain"},"share_on_mastodon":{"url":"https:\/\/pubeurope.com\/@es\/115427743115802304","error":""},"_links":{"self":[{"href":"https:\/\/www.europesays.com\/es\/wp-json\/wp\/v2\/posts\/197729","targetHints":{"allow":["GET"]}}],"collection":[{"href":"https:\/\/www.europesays.com\/es\/wp-json\/wp\/v2\/posts"}],"about":[{"href":"https:\/\/www.europesays.com\/es\/wp-json\/wp\/v2\/types\/post"}],"author":[{"embeddable":true,"href":"https:\/\/www.europesays.com\/es\/wp-json\/wp\/v2\/users\/2"}],"replies":[{"embeddable":true,"href":"https:\/\/www.europesays.com\/es\/wp-json\/wp\/v2\/comments?post=197729"}],"version-history":[{"count":0,"href":"https:\/\/www.europesays.com\/es\/wp-json\/wp\/v2\/posts\/197729\/revisions"}],"wp:featuredmedia":[{"embeddable":true,"href":"https:\/\/www.europesays.com\/es\/wp-json\/wp\/v2\/media\/197730"}],"wp:attachment":[{"href":"https:\/\/www.europesays.com\/es\/wp-json\/wp\/v2\/media?parent=197729"}],"wp:term":[{"taxonomy":"category","embeddable":true,"href":"https:\/\/www.europesays.com\/es\/wp-json\/wp\/v2\/categories?post=197729"},{"taxonomy":"post_tag","embeddable":true,"href":"https:\/\/www.europesays.com\/es\/wp-json\/wp\/v2\/tags?post=197729"}],"curies":[{"name":"wp","href":"https:\/\/api.w.org\/{rel}","templated":true}]}}