{"id":197731,"date":"2025-10-24T06:32:08","date_gmt":"2025-10-24T06:32:08","guid":{"rendered":"https:\/\/www.europesays.com\/es\/197731\/"},"modified":"2025-10-24T06:32:08","modified_gmt":"2025-10-24T06:32:08","slug":"quiero-que-quien-vea-mis-cuadros-sienta-que-esta-alli","status":"publish","type":"post","link":"https:\/\/www.europesays.com\/es\/197731\/","title":{"rendered":"Quiero que quien vea mis cuadros sienta que est\u00e1 all\u00ed"},"content":{"rendered":"<p>            Jes\u00fas Monge, el artista aragon\u00e9s que celebra 35 a\u00f1os dedicados al arte: \u00abQuiero que quien vea mis cuadros sienta que est\u00e1 all\u00ed\u00bb                <\/p>\n<p>Jes\u00fas Monge, el artista aragon\u00e9s que celebra 35 a\u00f1os dedicados al arte: \u00abQuiero que quien vea mis cuadros sienta que est\u00e1 all\u00ed\u00bb<\/p>\n<p class=\"epigraph\">El pintor abri\u00f3 las puertas de su casa para mostrar parte de su obra hace algunas semanas.<\/p>\n<p class=\"paragraph\">Jes\u00fas Monge (Zaragoza, 1956) camina por su jard\u00edn mientras explica c\u00f3mo fue el <a href=\"https:\/\/www.heraldo.es\/noticias\/ocio-y-cultura\/2025\/10\/01\/el-pintor-jesus-monge-abre-la-torre-liria-en-movera-para-ensenar-sus-pinturas-mas-recientes-1858124.html\" title=\"El pintor Jes\u00fas Monge abre la Torre Liria, en Movera, para ense\u00f1ar sus pinturas m\u00e1s recientes\" target=\"_blank\" rel=\"nofollow noopener\">Open Art de su nueva exposici\u00f3n<\/a>: durante unos d\u00edas abri\u00f3 las puertas de su casa como si fuera una sala de exposiciones.\u00a0Torre de Liria, su espectacular casa en Santa Isabel, es tambi\u00e9n su estudio.<\/p>\n<p>            Conforme a los criterios de<br \/>\n            <a class=\"trustproject_img\" id=\"trustproject_img\" href=\"https:\/\/thetrustproject.org\/\" target=\"_blank\" rel=\"nofollow noopener\" aria-label=\"Trust Project\"><img decoding=\"async\" loading=\"lazy\" src=\"https:\/\/www.heraldo.es\/images\/Trust-Logo-Horizontal.svg\" alt=\"Logo Trust Project\" width=\"200\" height=\"34\"\/><\/a><\/p>\n<p>        <a href=\"https:\/\/www.henneo.com\/\" title=\"Grupo Henneo\" class=\"logo\" rel=\"nofollow noopener\" target=\"_blank\"><br \/>\n            <img decoding=\"async\" src=\"https:\/\/www.heraldo.es\/images\/logo_henneo_gris.svg\" alt=\"Logo Henneo\" width=\"559\" height=\"389\" loading=\"lazy\"\/><br \/>\n        <\/a><\/p>\n<p>\u00a9 HERALDO DE ARAGON EDITORA, S.L.U.<br \/>Tel\u00e9fono 976 765 000 \/ &#8211; P\u00ba. Independencia, 29, 50001 Zaragoza &#8211; CIF: B99288763 &#8211; Inscrita en el Registro Mercantil de Zaragoza al Tomo 3796, Libro 0, Folio 177, Secci\u00f3n 8, Hoja Z-50564<br \/>Queda prohibida toda reproducci\u00f3n sin permiso escrito de la empresa a los efectos del art\u00edculo 32.1, p\u00e1rrafo segundo, de la Ley de Propiedad Intelectual<\/p>\n<p>\n                P\u00ba Independencia, 29, 50001 Zaragoza<br \/> Tel\u00e9fono 976 765 000\n            <\/p>\n<p>                    Actualmente tu navegador no permite ejecutar JavaScript. Para poder disfrutar de nuestro contenido es necesario que lo permita.<br \/>\n                                        <img decoding=\"async\" loading=\"lazy\" alt=\"Heraldo logo\" src=\"https:\/\/dkumiip2e9ary.cloudfront.net\/xalok\/heraldo\/especiales\/hola-de-nuevo\/logo-heraldo.svg\" width=\"215\" height=\"43\"\/><\/p>\n","protected":false},"excerpt":{"rendered":"Jes\u00fas Monge, el artista aragon\u00e9s que celebra 35 a\u00f1os dedicados al arte: \u00abQuiero que quien vea mis cuadros&hellip;\n","protected":false},"author":2,"featured_media":197732,"comment_status":"","ping_status":"","sticky":false,"template":"","format":"standard","meta":{"footnotes":""},"categories":[173],"tags":[9069,229,233,1830,231,230,4194,16112,232,234,146,147,25,24,2893,23],"class_list":{"0":"post-197731","1":"post","2":"type-post","3":"status-publish","4":"format-standard","5":"has-post-thumbnail","7":"category-arte-y-diseno","8":"tag-aragones","9":"tag-arte","10":"tag-arte-y-diseno","11":"tag-artista","12":"tag-arts","13":"tag-arts-and-design","14":"tag-cuadros","15":"tag-decadas","16":"tag-design","17":"tag-diseno","18":"tag-entertainment","19":"tag-entretenimiento","20":"tag-es","21":"tag-espana","22":"tag-industria","23":"tag-spain"},"share_on_mastodon":{"url":"https:\/\/pubeurope.com\/@es\/115427747336667750","error":""},"_links":{"self":[{"href":"https:\/\/www.europesays.com\/es\/wp-json\/wp\/v2\/posts\/197731","targetHints":{"allow":["GET"]}}],"collection":[{"href":"https:\/\/www.europesays.com\/es\/wp-json\/wp\/v2\/posts"}],"about":[{"href":"https:\/\/www.europesays.com\/es\/wp-json\/wp\/v2\/types\/post"}],"author":[{"embeddable":true,"href":"https:\/\/www.europesays.com\/es\/wp-json\/wp\/v2\/users\/2"}],"replies":[{"embeddable":true,"href":"https:\/\/www.europesays.com\/es\/wp-json\/wp\/v2\/comments?post=197731"}],"version-history":[{"count":0,"href":"https:\/\/www.europesays.com\/es\/wp-json\/wp\/v2\/posts\/197731\/revisions"}],"wp:featuredmedia":[{"embeddable":true,"href":"https:\/\/www.europesays.com\/es\/wp-json\/wp\/v2\/media\/197732"}],"wp:attachment":[{"href":"https:\/\/www.europesays.com\/es\/wp-json\/wp\/v2\/media?parent=197731"}],"wp:term":[{"taxonomy":"category","embeddable":true,"href":"https:\/\/www.europesays.com\/es\/wp-json\/wp\/v2\/categories?post=197731"},{"taxonomy":"post_tag","embeddable":true,"href":"https:\/\/www.europesays.com\/es\/wp-json\/wp\/v2\/tags?post=197731"}],"curies":[{"name":"wp","href":"https:\/\/api.w.org\/{rel}","templated":true}]}}