{"id":197743,"date":"2025-10-24T06:39:12","date_gmt":"2025-10-24T06:39:12","guid":{"rendered":"https:\/\/www.europesays.com\/es\/197743\/"},"modified":"2025-10-24T06:39:12","modified_gmt":"2025-10-24T06:39:12","slug":"la-reina-letizia-la-princesa-leonor-y-la-infanta-sofia-coordinan-sus-looks-en-oviedo","status":"publish","type":"post","link":"https:\/\/www.europesays.com\/es\/197743\/","title":{"rendered":"La Reina Letizia, la Princesa Leonor y la Infanta Sof\u00eda coordinan sus looks en Oviedo"},"content":{"rendered":"<p style=\"\">Los <strong>Reyes Felipe VI y Letizia<\/strong>, acompa\u00f1ados de sus hijas, la Princesa de Asturias y la Infanta Sof\u00eda asistieron en la tarde del jueves al <a href=\"https:\/\/www.abc.es\/espana\/casa-real\/mirada-brahms-dvorak-bajo-mirada-familia-real-20251023200027-nt.html\" target=\"_blank\" data-voc-vtm-id=\"in-text-traffic\" title=\"tradicional concierto\" data-mrf-link=\"www.abc.es\" rel=\"nofollow noopener\">tradicional concierto<\/a> que marca el inicio de la entrega de los Premios Princesa de Asturias, en Oviedo. Los  &#8230; cuatro transmitieron una <strong>imagen de unidad a trav\u00e9s de su vestuario<\/strong>, optando por el azul marino y el negro, con looks a base de pantalones. <\/p>\n<p class=\"voc-p\" style=\"\">La <strong>Reina Letizia<\/strong> luci\u00f3 un pantal\u00f3n palazzo de cintura alta de <strong>Sybilla<\/strong> que combin\u00f3 con un<strong> original &#8216;crop top&#8217;<\/strong> de Carolina Herrera. Esta \u00faltima, la pieza m\u00e1s especial de su look, ten\u00eda como detalles cuello camisero negro y mangas adornadas con pedrer\u00eda. Complet\u00f3 el estilismo con salones bajos y bolso tipo clutch. Do\u00f1a Letizia dej\u00f3 su melena suelta peinada con ondas suaves y luci\u00f3 un maquillaje sencillo, con sombras marrones, colorete y un tono natural en los labios. <\/p>\n<p><img decoding=\"async\" loading=\"lazy\" src=\"https:\/\/www.europesays.com\/es\/wp-content\/uploads\/2025\/10\/letizia-concierto-U61134271587mTP-760x1000@diario_abc.jpg\" class=\"voc-img\" width=\"760\" height=\"1000\" alt=\"Do\u00f1a Letizia en el concierto celebrado en el auditorio de Oviedo.\" data-voc-vtm-id=\"in-text-traffic\"\/><\/p>\n<p>Do\u00f1a Letizia en el concierto celebrado en el auditorio de Oviedo.<\/p>\n<p>GTRES<\/p>\n<p class=\"voc-p\" style=\"\">La <strong>Princesa de Asturias<\/strong> tambi\u00e9n opt\u00f3 por la misma f\u00f3rmula que su madre: pantalones y top en color azul marino. De nuevo la prenda m\u00e1s especial de su look fue el top, una <strong>chaqueta de tejido tweed de Emporio Armani<\/strong>, una de las marcas del fallecido dise\u00f1ador <a href=\"https:\/\/www.abc.es\/estilo\/moda\/vestido-armani-reina-letizia-llevo-fecha-clave-20250904153654-nt.html\" target=\"_blank\" data-voc-vtm-id=\"in-text-traffic\" title=\"Giorgio Armani\" data-mrf-link=\"www.abc.es\" rel=\"nofollow noopener\">Giorgio Armani<\/a>. En cuanto a los complementos, llev\u00f3 los <strong>zapatos Yaiza de Pinkchic Guagua<\/strong>, un sal\u00f3n bajo con pulsera en el tobillo, a la venta en la web de la marca espa\u00f1ola por 135 euros. Curiosamente, tambi\u00e9n los luci\u00f3 el a\u00f1o pasado.<\/p>\n<p class=\"voc-p\" style=\"\"> Adem\u00e1s, tom\u00f3 prestados del joyero de su madre unos <strong>pendientes de la joyer\u00eda Aldao<\/strong>. Do\u00f1a Leonor llev\u00f3 tambi\u00e9n el pelo suelto con ondas marcadas y semirrecogido con unos mechones. Su maquillaje fue muy natural, con m\u00e1scara de pesta\u00f1as realzando su mirada.<\/p>\n<p><img decoding=\"async\" loading=\"lazy\" src=\"https:\/\/www.europesays.com\/es\/wp-content\/uploads\/2025\/10\/leonor-sofia-concierto-U84271816101gRs-760x1000@diario_abc.jpg\" class=\"voc-img\" width=\"760\" height=\"1000\" alt=\"La Infanta Sof\u00eda y la Princesa Leonor.\" data-voc-vtm-id=\"in-text-traffic\"\/><\/p>\n<p>La Infanta Sof\u00eda y la Princesa Leonor.<\/p>\n<p>GTRES<\/p>\n<p class=\"voc-p\" style=\"\">La <strong>Infanta Sof\u00eda<\/strong> luci\u00f3 el estilismo m\u00e1s fresco y desenfadado, al elegir un <strong>mono negro de Boss<\/strong>, con cuello halter y espalda descubierta. Es el modelo Kafesa, de punto de crep\u00e9, con cintur\u00f3n y pantal\u00f3n con ca\u00edda. Su precio en Zalando es de 251,95 euros. Complet\u00f3 el estilismo con unas bailarinas destalonadas de punta de <strong>Pretty Ballerinas<\/strong>. Se trata del modelo Yvette que en la marca ya est\u00e1 agotado, pero que es posible encontrarlo en Zalando por 148,95 euros. <\/p>\n<p class=\"voc-p\" style=\"\">Adem\u00e1s, tambi\u00e9n llev\u00f3 dos joyas: el <strong>anillo de Karen Hallam<\/strong> que durante a\u00f1os luci\u00f3 la Reina Letizia, y un brazalete tambi\u00e9n en dorado. En el plano beauty, dej\u00f3 su melena suelta, con ondas suaves en las puntas y peinada con raya en el medio, y luci\u00f3 unos labios m\u00e1s marcados en un rosa empolvado. <\/p>\n<p class=\"voc-p\" style=\"\">Por su parte, el <strong>Rey Felipe VI<\/strong> tambi\u00e9n coordin\u00f3 su traje con el vestuario de las tres, optando por el azul, con corbata a juego. <\/p>\n<p class=\"voc-p\" style=\"\">Este viernes, los Reyes tienen nueva cita. Por la ma\u00f1ana se celebran las audiencias en el Hotel de la Reconquista, y a partir de las 18,30 tendr\u00e1 lugar la entrega de los Premios Princesa de Asturias en el Teatro Campoamor.<\/p>\n","protected":false},"excerpt":{"rendered":"Los Reyes Felipe VI y Letizia, acompa\u00f1ados de sus hijas, la Princesa de Asturias y la Infanta Sof\u00eda&hellip;\n","protected":false},"author":2,"featured_media":197744,"comment_status":"","ping_status":"","sticky":false,"template":"","format":"standard","meta":{"footnotes":""},"categories":[91],"tags":[7564,2339,146,147,25,24,1642,11644,54123,15661,1796,10717,23],"class_list":{"0":"post-197743","1":"post","2":"type-post","3":"status-publish","4":"format-standard","5":"has-post-thumbnail","7":"category-entretenimiento","8":"tag-azul","9":"tag-concierto","10":"tag-entertainment","11":"tag-entretenimiento","12":"tag-es","13":"tag-espana","14":"tag-hijas","15":"tag-letizia","16":"tag-looks","17":"tag-negro","18":"tag-oviedo","19":"tag-reina","20":"tag-spain"},"share_on_mastodon":{"url":"https:\/\/pubeurope.com\/@es\/115427774765504649","error":""},"_links":{"self":[{"href":"https:\/\/www.europesays.com\/es\/wp-json\/wp\/v2\/posts\/197743","targetHints":{"allow":["GET"]}}],"collection":[{"href":"https:\/\/www.europesays.com\/es\/wp-json\/wp\/v2\/posts"}],"about":[{"href":"https:\/\/www.europesays.com\/es\/wp-json\/wp\/v2\/types\/post"}],"author":[{"embeddable":true,"href":"https:\/\/www.europesays.com\/es\/wp-json\/wp\/v2\/users\/2"}],"replies":[{"embeddable":true,"href":"https:\/\/www.europesays.com\/es\/wp-json\/wp\/v2\/comments?post=197743"}],"version-history":[{"count":0,"href":"https:\/\/www.europesays.com\/es\/wp-json\/wp\/v2\/posts\/197743\/revisions"}],"wp:featuredmedia":[{"embeddable":true,"href":"https:\/\/www.europesays.com\/es\/wp-json\/wp\/v2\/media\/197744"}],"wp:attachment":[{"href":"https:\/\/www.europesays.com\/es\/wp-json\/wp\/v2\/media?parent=197743"}],"wp:term":[{"taxonomy":"category","embeddable":true,"href":"https:\/\/www.europesays.com\/es\/wp-json\/wp\/v2\/categories?post=197743"},{"taxonomy":"post_tag","embeddable":true,"href":"https:\/\/www.europesays.com\/es\/wp-json\/wp\/v2\/tags?post=197743"}],"curies":[{"name":"wp","href":"https:\/\/api.w.org\/{rel}","templated":true}]}}