{"id":197746,"date":"2025-10-24T06:42:08","date_gmt":"2025-10-24T06:42:08","guid":{"rendered":"https:\/\/www.europesays.com\/es\/197746\/"},"modified":"2025-10-24T06:42:08","modified_gmt":"2025-10-24T06:42:08","slug":"la-resistencia-belga-frena-un-prestamo-de-140-000-millones-de-euros-para-ucrania-en-la-cumbre-de-la-ue","status":"publish","type":"post","link":"https:\/\/www.europesays.com\/es\/197746\/","title":{"rendered":"La resistencia belga frena un pr\u00e9stamo de 140.000 millones de euros para Ucrania en la cumbre de la UE"},"content":{"rendered":"<p>B\u00e9lgica se mantuvo firme durante una <a href=\"https:\/\/es.euronews.com\/my-europe\/2025\/10\/22\/ue-cumbre-bruselas-clave-ucrania-china-clima\" rel=\"nofollow noopener\" target=\"_blank\">cumbre de l\u00edderes de la Uni\u00f3n Europea<\/a>, impidiendo un avance en un audaz plan para emitir un pr\u00e9stamo de 140.000 millones de euros a Ucrania utilizando los activos inmovilizados del Banco Central ruso.<\/p>\n<p>El grueso de los activos se encuentra en Euroclear, depositario central de valores en Bruselas. El primer ministro belga, Bart De Wever, plante\u00f3 las exigencias a cambio de su bendici\u00f3n, pidiendo la <strong>\u00abmutualizaci\u00f3n total\u00bb de los riesgos financieros y la aportaci\u00f3n de garant\u00edas herm\u00e9ticas<\/strong> por parte de todos los Estados miembros. Tambi\u00e9n inst\u00f3 a a\u00f1adir al fondo com\u00fan los activos soberanos rusos depositados en otras jurisdicciones europeas.<\/p>\n<p>\u00ab\u00bfQui\u00e9n va a dar esas garant\u00edas? \u00bfSer\u00e1n los Estados miembros?\u00bb, declar\u00f3 tras concluir la cumbre. \u00abPorque <strong>la Comisi\u00f3n Europea no puede obligar a los Estados miembros a firmar una garant\u00eda<\/strong>\u00ab.<\/p>\n<p>La principal preocupaci\u00f3n del primer ministro belga son las <strong>represalias rusas si Mosc\u00fa exige la devoluci\u00f3n de sus activos y se deshacen las sanciones.<\/strong> \u00abSi le quitan el dinero a mi pa\u00eds, si sale mal, no soy capaz, y desde luego no estoy dispuesto, a pagar en una semana 140.000 millones de euros\u00bb, dijo.<\/p>\n<p>\u00abAs\u00ed que me imagino que todos los que est\u00e1n realmente a favor de esta decisi\u00f3n, los que realmente quieren que esto ocurra, tambi\u00e9n est\u00e1n preparados, dispuestos y son capaces de dar una garant\u00eda para que yo pueda dormir tranquilo por la noche sabiendo que si sale mal o agria la solidaridad se encargar\u00e1 (de) que el dinero est\u00e9 realmente ah\u00ed\u00bb, a\u00f1adi\u00f3.<\/p>\n<p>\u00abEsta pregunta no fue respondida con un tsunami de entusiasmo alrededor de la mesa\u00bb.<\/p>\n<p>Tras intensos debates y negociaciones que se prolongaron durante todo el d\u00eda, los l\u00edderes no lograron aplacar <a href=\"https:\/\/es.euronews.com\/my-europe\/2025\/10\/02\/belgica-exige-garantias-legales-y-solidaridad-antes-de-aprobar-el-plan-de-prestamo-a-ucran\" rel=\"nofollow noopener\" target=\"_blank\"><strong>las preocupaciones de De Wever<\/strong><\/a> ni obtener su ansiada bendici\u00f3n. Hungr\u00eda, por su parte, rechaz\u00f3 de plano la iniciativa, aunque era de esperar.<\/p>\n<p><strong>La resistencia jug\u00f3 en contra de la mayor\u00eda de la sala<\/strong>, que ve en los activos rusos la \u00fanica v\u00eda para evitar pagar la ayuda de su bolsillo.<\/p>\n<p>Al final, los jefes de Estado y de Gobierno se decantaron por un texto bastante m\u00e1s d\u00e9bil, en el que se ped\u00eda a la Comisi\u00f3n que presentara \u00ablo antes posible\u00bb una <strong>lista de \u00abopciones\u00bb para cubrir las necesidades financieras y militares de Kiev en 2026 y 2027<\/strong>. Una versi\u00f3n anterior de las conclusiones hablaba de elaborar \u00abpropuestas concretas\u00bb.<\/p>\n<p>Ursula von der Leyen acogi\u00f3 la vaga redacci\u00f3n como un mandato. \u00abCiertamente es un tema que no es trivial; es muy complejo\u00bb, dijo la presidenta de la Comisi\u00f3n en respuesta a una pregunta de &#8216;Euronews&#8217;.<\/p>\n<p>\u00abHay puntos que hay que aclarar y profundizar\u00bb, a\u00f1adi\u00f3. \u00abEn otras palabras, <strong>hemos acordado el qu\u00e9, es decir, el Pr\u00e9stamo de Reparaci\u00f3n, y tenemos que trabajar en el c\u00f3mo, c\u00f3mo lo hacemos posible<\/strong> (y) cu\u00e1l es la mejor opci\u00f3n para avanzar\u00bb.<\/p>\n<p>\u00bfEs posible?<\/p>\n<p>Seg\u00fan el plan provisional, Euroclear transferir\u00eda a la Comisi\u00f3n los saldos en efectivo generados por los activos rusos. <strong>La Comisi\u00f3n utilizar\u00eda entonces el dinero para emitir un pr\u00e9stamo de 140.000 millones de euros a Ucrania<\/strong>, desembolsado gradualmente y sujeto a condiciones.<\/p>\n<p>Ucrania s\u00f3lo tendr\u00eda que <strong>devolver el pr\u00e9stamo despu\u00e9s de que Rusia aceptara compensar los da\u00f1os causados<\/strong>. De ah\u00ed el nombre de \u00abPr\u00e9stamo de Reparaci\u00f3n\u00bb. Despu\u00e9s, la Comisi\u00f3n reembolsar\u00eda a Euroclear, y Euroclear reembolsar\u00eda a Rusia, completando el c\u00edrculo. El plan est\u00e1 a\u00fan en fase inicial y debe convertirse en una propuesta en toda regla.<\/p>\n<p>Ant\u00f3nio Costa, presidente del Consejo Europeo, dijo que nadie hab\u00eda \u00abvetado nada\u00bb el jueves y que, en cambio, era posible resolver \u00abtodas las cuestiones t\u00e9cnicas\u00bb.<\/p>\n<p>Seg\u00fan Costa y von der Leyen, la presidenta del Banco Central Europeo, Christine Lagarde, que particip\u00f3 en la cumbre, dijo que el plan era factible. Lagarde hab\u00eda criticado previamente cualquier plan que se asemejara a una confiscaci\u00f3n de activos soberanos.<\/p>\n<p>Costa expres\u00f3 su esperanza de que se tome una \u00abdecisi\u00f3n final\u00bb en la pr\u00f3xima cumbre de diciembre, una opini\u00f3n compartida por el franc\u00e9s Emmanuel Macron y el alem\u00e1n Friedrich Merz.<\/p>\n<p>\u00ab<strong>Utilizar\u00eda el mismo argumento (que B\u00e9lgica) si los activos estuvieran en Alemania<\/strong>. Hoy hemos dado un paso adelante que no debe darse por sentado\u00bb, dijo Merz. \u00abHaremos lo que podamos para avanzar. Estoy seguro de que todos los Estados miembros firmar\u00e1n, pero tenemos que seguir discutiendo la responsabilidad\u00bb.<\/p>\n<p>En sus comentarios, De Wever pint\u00f3 un cuadro m\u00e1s matizado del intercambio.<\/p>\n<p>\u00abMi impresi\u00f3n es que muchos jefes de Gobierno est\u00e1n un poco divididos entre su voluntad de apoyar a Ucrania (&#8230;) y (el hecho de que) tienen que reconocer que estas cuestiones son reales, que <strong>los riesgos son reales y que las garant\u00edas tienen que estar ah\u00ed<\/strong>\u00ab, dijo.<\/p>\n<p>De Wever insisti\u00f3 en que una condici\u00f3n para el pr\u00e9stamo ser\u00eda que <strong>otros aliados del G7 se sumaran<\/strong>. El Reino Unido y Canad\u00e1 ya han expresado su inter\u00e9s en sumarse. Jap\u00f3n, que tambi\u00e9n posee activos soberanos rusos, ha mantenido un perfil bajo. \u00abSer\u00eda bueno no hacerlo solo\u00bb, dijo De Wever.<\/p>\n<p>El tibio resultado del jueves aumenta la presi\u00f3n sobre los europeos para que construyan una fuente de financiaci\u00f3n fiable y predecible para Kiev.<\/p>\n<p>A primera hora del jueves, el presidente ucraniano, Volod\u00edmir Zelenski, hizo un llamamiento para que el pr\u00e9stamo se apruebe antes del a\u00f1o que viene. <strong>El pa\u00eds se est\u00e1 quedando sin fondos despu\u00e9s de que la Administraci\u00f3n estadounidense de Donald Trump cortara la ayuda<\/strong>, ahondando a\u00fan m\u00e1s el agujero.<\/p>\n<p>\u00abDinero lo necesitamos en 2026 y mejor tenerlo a (principios de) a\u00f1o\u00bb, dijo. \u00abNo s\u00e9 si es posible; no todo depende de nosotros\u00bb. \u00ab<strong>Entendemos qui\u00e9n puede bloquear y podemos trabajar con esa gente<\/strong>\u00ab, dijo, en aparente referencia a B\u00e9lgica.<\/p>\n","protected":false},"excerpt":{"rendered":"B\u00e9lgica se mantuvo firme durante una cumbre de l\u00edderes de la Uni\u00f3n Europea, impidiendo un avance en un&hellip;\n","protected":false},"author":2,"featured_media":197747,"comment_status":"","ping_status":"","sticky":false,"template":"","format":"standard","meta":{"footnotes":""},"categories":[42],"tags":[54752,3171,17,18,13,14,11,61,62,63,64,19,20,9,10,15,16,1614,12,7081,21,22,1617,1707,65,66,67],"class_list":{"0":"post-197746","1":"post","2":"type-post","3":"status-publish","4":"format-standard","5":"has-post-thumbnail","7":"category-internacional","8":"tag-bart-de-wever","9":"tag-belgica","10":"tag-breaking-news","11":"tag-breakingnews","12":"tag-featured-news","13":"tag-featurednews","14":"tag-headlines","15":"tag-internacional","16":"tag-international","17":"tag-international-news","18":"tag-internationalnews","19":"tag-latest-news","20":"tag-latestnews","21":"tag-news","22":"tag-noticias","23":"tag-noticias-destacadas","24":"tag-noticiasdestacadas","25":"tag-rusia","26":"tag-titulares","27":"tag-ucrania","28":"tag-ultimas-noticias","29":"tag-ultimasnoticias","30":"tag-union-europea","31":"tag-ursula-von-der-leyen","32":"tag-world","33":"tag-world-news","34":"tag-worldnews"},"share_on_mastodon":{"url":"https:\/\/pubeurope.com\/@es\/115427786395740547","error":""},"_links":{"self":[{"href":"https:\/\/www.europesays.com\/es\/wp-json\/wp\/v2\/posts\/197746","targetHints":{"allow":["GET"]}}],"collection":[{"href":"https:\/\/www.europesays.com\/es\/wp-json\/wp\/v2\/posts"}],"about":[{"href":"https:\/\/www.europesays.com\/es\/wp-json\/wp\/v2\/types\/post"}],"author":[{"embeddable":true,"href":"https:\/\/www.europesays.com\/es\/wp-json\/wp\/v2\/users\/2"}],"replies":[{"embeddable":true,"href":"https:\/\/www.europesays.com\/es\/wp-json\/wp\/v2\/comments?post=197746"}],"version-history":[{"count":0,"href":"https:\/\/www.europesays.com\/es\/wp-json\/wp\/v2\/posts\/197746\/revisions"}],"wp:featuredmedia":[{"embeddable":true,"href":"https:\/\/www.europesays.com\/es\/wp-json\/wp\/v2\/media\/197747"}],"wp:attachment":[{"href":"https:\/\/www.europesays.com\/es\/wp-json\/wp\/v2\/media?parent=197746"}],"wp:term":[{"taxonomy":"category","embeddable":true,"href":"https:\/\/www.europesays.com\/es\/wp-json\/wp\/v2\/categories?post=197746"},{"taxonomy":"post_tag","embeddable":true,"href":"https:\/\/www.europesays.com\/es\/wp-json\/wp\/v2\/tags?post=197746"}],"curies":[{"name":"wp","href":"https:\/\/api.w.org\/{rel}","templated":true}]}}