{"id":197750,"date":"2025-10-24T06:44:36","date_gmt":"2025-10-24T06:44:36","guid":{"rendered":"https:\/\/www.europesays.com\/es\/197750\/"},"modified":"2025-10-24T06:44:36","modified_gmt":"2025-10-24T06:44:36","slug":"en-galicia-no-se-haria-de-dia-hasta-las-10","status":"publish","type":"post","link":"https:\/\/www.europesays.com\/es\/197750\/","title":{"rendered":"En Galicia no se har\u00eda de d\u00eda hasta las 10"},"content":{"rendered":"<p>            Las claves<\/p>\n<p>\n                nuevo<br \/>\n                Generado con IA\n            <\/p>\n<p>        <a class=\"key__news__heading--closed-content\" href=\"http:\/\/www.elespanol.com\/suscripciones\/#utm_source=internal&amp;utm_medium=claves\" rel=\"nofollow noopener\" target=\"_blank\"><\/p>\n<p class=\"item--text\">\n                            Roberto Brasero advierte que mantener el horario de verano en Galicia har\u00eda que no amaneciera hasta las 10 de la ma\u00f1ana en invierno.\n                        <\/p>\n<p class=\"item--text\">\n                            El presidente Pedro S\u00e1nchez propuso acabar con los cambios de hora, sugiriendo mantener el horario de verano, lo que implicar\u00eda ma\u00f1anas m\u00e1s oscuras en gran parte del a\u00f1o.\n                        <\/p>\n<p class=\"item--text\">\n                            Los estudios sugieren que mantener un horario de invierno podr\u00eda ser beneficioso para la salud, reduciendo el riesgo de obesidad y problemas cardiovasculares.\n                        <\/p>\n<p class=\"item--text\">\n                            El cambio de hora afecta a los ritmos circadianos, aumentando el riesgo de alteraciones del sue\u00f1o, infartos card\u00edacos y accidentes de tr\u00e1fico, aunque con riesgos peque\u00f1os.\n                        <\/p>\n<p class=\"paragraph\" id=\"paragraph_1\">Cada a\u00f1o<strong> se <a href=\"https:\/\/www.elespanol.com\/ciencia\/20251017\/cambio-hora-octubre-dia-volveremos-horario-invierno\/1003743973850_0.html?utm_cmp_rs=linksinline\" rel=\"nofollow noopener\" target=\"_blank\">cambia la hora<\/a> en Espa\u00f1a en dos ocasiones<\/strong>: marzo, donde pasamos al \u00abhorario de verano\u00bb, y octubre, donde pasamos al \u00abhorario de invierno\u00bb. Y, cada a\u00f1o, se produce la misma pol\u00e9mica: <strong>\u00bfsigue siendo rentable cambiar la hora en Espa\u00f1a?<\/strong><\/p>\n<p class=\"paragraph\" id=\"paragraph_2\">En su momento el <a href=\"https:\/\/www.elespanol.com\/ciencia\/20251021\/lopez-lluch-catedratico-biologia-decida-no-cambiar-hora-protestaremos-haberla-cambiado\/1003743979428_0.html?utm_cmp_rs=linksinline\" rel=\"nofollow noopener\" target=\"_blank\">origen de estos cambios de hora no fue por salud<\/a>, sino m\u00e1s bien por rentabilidad energ\u00e9tica, buscando potenciar la luz solar y reducir el gasto en luz. Sin embargo, hoy en d\u00eda muchas empresas funcionan las 24 horas del d\u00eda, por lo que el cambio de hora ha dejado de tener sentido en ese aspecto.<\/p>\n<p class=\"paragraph\" id=\"paragraph_3\">Recientemente, el Presidente del Gobierno, Pedro S\u00e1nchez, plante\u00f3 la <strong>posibilidad de acabar con los cambios de hora definitivamente<\/strong>, algo que ya se ha planteado en m\u00faltiples ocasiones.<\/p>\n<p class=\"paragraph\" id=\"paragraph_4\">Su petici\u00f3n era <strong>mantener el horario de verano<\/strong>, pero esto tendr\u00eda consecuencias en diferentes comunidades, como ha explicado recientemente el meteor\u00f3logo <a href=\"https:\/\/www.ondacero.es\/noticias\/sociedad\/roberto-brasero-senala-consecuencias-mantener-horario-verano-amaneceria-10_2025102268f902ca5ddd5447a1bf4110.html\" rel=\"nofollow noopener\" target=\"_blank\">Roberto Brasero a Onda Cero<\/a>: \u00abEn invierno en Galicia no se har\u00eda de d\u00eda hasta las 10 de la ma\u00f1ana, y en Madrid hasta las 9:30 horas\u00bb.<\/p>\n<p class=\"paragraph\" id=\"paragraph_5\">Por contra, <strong>si se mantuviese el horario de invierno<\/strong> para siempre, los efectos se notar\u00edan m\u00e1s en la zona este de nuestro pa\u00eds, como tambi\u00e9n explica el meteor\u00f3logo: \u00abEn Menorca se har\u00eda de d\u00eda a las 5:15 horas y empezar\u00eda a anochecer a las 20:15 horas\u00bb.<\/p>\n<p class=\"paragraph\" id=\"paragraph_6\">Por el momento, la posibilidad de mantener definitivamente un horario u otro no es viable, como tambi\u00e9n explica el experto, dado que es una normativa europea y los estados miembros deben llegar a un acuerdo.<\/p>\n<p><img loading=\"lazy\" decoding=\"async\" alt=\"El presidente del Gobierno, Pedro S\u00e1nchez, en un acto del Global Progressive Summit, en Londres.\" height=\"180\" src=\"https:\/\/www.europesays.com\/es\/wp-content\/uploads\/2025\/10\/1003743980035_259502385_320x180.jpg\" width=\"320\" data-lazy-status=\"processed\" data-lazy-info=\"remove loading item 1\"\/><\/p>\n<p class=\"paragraph\" id=\"paragraph_7\">Por su parte, tenemos las <strong>consecuencias que implican estos cambios de horario para la salud<\/strong>, dado que alterar los ritmos circadianos no es algo inocuo. Cambiar la hora y pasar al <a href=\"https:\/\/pubmed.ncbi.nlm.nih.gov\/38888468\/\" rel=\"nofollow noopener\" target=\"_blank\">horario de verano implica mayores riesgos<\/a>, habi\u00e9ndose detectado un mayor riesgo de alteraciones del sue\u00f1o, aumento del riesgo de sufrir infartos card\u00edacos y accidentes de tr\u00e1fico. Se tratar\u00eda de aumentos de riesgo peque\u00f1os, con hasta un 6% m\u00e1s de riesgo de sufrir accidentes de tr\u00e1fico la semana siguiente al cambio al horario de verano, pero medibles.<\/p>\n<p class=\"paragraph\" id=\"paragraph_8\">La <strong>hip\u00f3tesis<\/strong>, en este caso, es que tanto la p\u00e9rdida de sue\u00f1o como la alteraci\u00f3n del ritmo circadiano deteriorar\u00edan nuestro estado de alerta y alterar\u00edan tanto la regulaci\u00f3n de la tensi\u00f3n arterial como del metabolismo en general, seg\u00fan datos de <a href=\"https:\/\/pmc.ncbi.nlm.nih.gov\/articles\/PMC8707256\/\" rel=\"nofollow noopener\" target=\"_blank\">revisiones recientes<\/a>.<\/p>\n<p class=\"paragraph\" id=\"paragraph_9\">Por otra parte, <strong>mantener siempre el mismo horario podr\u00eda ser beneficioso<\/strong>. En este caso, los <strong><a href=\"https:\/\/jcsm.aasm.org\/doi\/10.5664\/jcsm.10898\" rel=\"nofollow noopener\" target=\"_blank\">estudios<\/a> se inclinan por recomendar el horario de invierno<\/strong>, dado que maximiza la luz matinal, mantiene los ritmos circadianos y reduce el \u00abjet-lag social\u00bb, asoci\u00e1ndose a su vez a mejores resultados en sue\u00f1o y nivel de alerta, y un menor potencial de eventos adversos.<\/p>\n<p class=\"paragraph\" id=\"paragraph_10\">De hecho, un <a href=\"https:\/\/www.pnas.org\/doi\/10.1073\/pnas.2508293122\" rel=\"nofollow noopener\" target=\"_blank\">estudio recientemente publicado en PNAS<\/a> sugiri\u00f3 que <strong>mantener un horario est\u00e1ndar de invierno<\/strong> reducir\u00eda el riesgo de sufrir obesidad y de sufrir un ictus, en comparaci\u00f3n a un horario est\u00e1ndar de verano, o a seguir haciendo cambios horarios dos veces al a\u00f1o.<\/p>\n<p class=\"paragraph\" id=\"paragraph_11\">Respecto a <strong>mantener el horario de verano<\/strong>, la <a href=\"https:\/\/www.frontiersin.org\/journals\/physiology\/articles\/10.3389\/fphys.2019.00944\/full\" rel=\"nofollow noopener\" target=\"_blank\">evidencia cient\u00edfica general<\/a> sugiere que <strong>ser\u00eda m\u00e1s arriesgado<\/strong>, implicando ma\u00f1anas m\u00e1s oscuras gran parte del a\u00f1o (especialmente en el oeste de Espa\u00f1a), una mayor alteraci\u00f3n de los ritmos circadianos y un sue\u00f1o m\u00e1s corto especialmente en personas m\u00e1s j\u00f3venes y en los habitantes del oeste del pa\u00eds.<\/p>\n<p><img decoding=\"async\" alt=\"Los espa\u00f1oles cambiamos la hora con la llegada del verano y el invierno.\" height=\"180\" loading=\"lazy\" width=\"320\" data-lazy-status=\"processed\" id=\"0719aa125e\" src=\"https:\/\/www.elespanol.com\/ciencia\/20251023\/roberto-brasero-meteorologo-alto-claro-mantener-horario-verano-galicia-no-haria-dia\/[\" https:=\"\" data-lazy-info=\"changed src\"\/><\/p>\n<p class=\"paragraph\" id=\"paragraph_12\"><strong>En resumen, cambiar la hora no es algo inocuo<\/strong>, y de hecho puede llegar a tener consecuencias en la salud general, especialmente a nivel cardio y cerebrovascular. Mantener un horario \u00fanico ser\u00eda la mejor opci\u00f3n, en comparaci\u00f3n a seguir cambi\u00e1ndolo dos veces al a\u00f1o; y, si hay que elegir, los estudios m\u00e1s recientes aconsejan mantener un horario de invierno respecto al horario de verano, en cuanto a nivel de salud se refiere.<\/p>\n<p class=\"paragraph\" id=\"paragraph_13\">En Espa\u00f1a el primer cambio de hora se produjo en 1918, aunque posteriormente desapareci\u00f3, hasta que fue recuperado por Franco en 1940 con el objetivo de mantener la hora de la Alemania nazi y otros pa\u00edses de Europa.<\/p>\n<p class=\"paragraph\" id=\"paragraph_14\">No fue hasta 1970 que resucit\u00f3 el &#8216;horario de verano&#8217;, por motivos energ\u00e9ticos, y sigue vigente hasta hoy. Sin embargo, <strong>hasta que la Comisi\u00f3n Europea se ponga de acuerdo, no ser\u00e1 factible mantener un horario fijo en Espa\u00f1a<\/strong>; de hecho, se iba a suspender el cambio horario en 2019, y la decisi\u00f3n se dilat\u00f3 hasta 2021, sin haber llegado a\u00fan a un consenso hoy en d\u00eda.<\/p>\n","protected":false},"excerpt":{"rendered":"Las claves nuevo Generado con IA Roberto Brasero advierte que mantener el horario de verano en Galicia har\u00eda&hellip;\n","protected":false},"author":2,"featured_media":197751,"comment_status":"","ping_status":"","sticky":false,"template":"","format":"standard","meta":{"footnotes":""},"categories":[5],"tags":[17,18,119,25,24,13,14,11,19,20,11347,9,10,15,16,23,12,21,22],"class_list":{"0":"post-197750","1":"post","2":"type-post","3":"status-publish","4":"format-standard","5":"has-post-thumbnail","7":"category-titulares","8":"tag-breaking-news","9":"tag-breakingnews","10":"tag-ciencia","11":"tag-es","12":"tag-espana","13":"tag-featured-news","14":"tag-featurednews","15":"tag-headlines","16":"tag-latest-news","17":"tag-latestnews","18":"tag-meteorologia","19":"tag-news","20":"tag-noticias","21":"tag-noticias-destacadas","22":"tag-noticiasdestacadas","23":"tag-spain","24":"tag-titulares","25":"tag-ultimas-noticias","26":"tag-ultimasnoticias"},"share_on_mastodon":{"url":"https:\/\/pubeurope.com\/@es\/115427794938482952","error":""},"_links":{"self":[{"href":"https:\/\/www.europesays.com\/es\/wp-json\/wp\/v2\/posts\/197750","targetHints":{"allow":["GET"]}}],"collection":[{"href":"https:\/\/www.europesays.com\/es\/wp-json\/wp\/v2\/posts"}],"about":[{"href":"https:\/\/www.europesays.com\/es\/wp-json\/wp\/v2\/types\/post"}],"author":[{"embeddable":true,"href":"https:\/\/www.europesays.com\/es\/wp-json\/wp\/v2\/users\/2"}],"replies":[{"embeddable":true,"href":"https:\/\/www.europesays.com\/es\/wp-json\/wp\/v2\/comments?post=197750"}],"version-history":[{"count":0,"href":"https:\/\/www.europesays.com\/es\/wp-json\/wp\/v2\/posts\/197750\/revisions"}],"wp:featuredmedia":[{"embeddable":true,"href":"https:\/\/www.europesays.com\/es\/wp-json\/wp\/v2\/media\/197751"}],"wp:attachment":[{"href":"https:\/\/www.europesays.com\/es\/wp-json\/wp\/v2\/media?parent=197750"}],"wp:term":[{"taxonomy":"category","embeddable":true,"href":"https:\/\/www.europesays.com\/es\/wp-json\/wp\/v2\/categories?post=197750"},{"taxonomy":"post_tag","embeddable":true,"href":"https:\/\/www.europesays.com\/es\/wp-json\/wp\/v2\/tags?post=197750"}],"curies":[{"name":"wp","href":"https:\/\/api.w.org\/{rel}","templated":true}]}}