{"id":197764,"date":"2025-10-24T06:59:21","date_gmt":"2025-10-24T06:59:21","guid":{"rendered":"https:\/\/www.europesays.com\/es\/197764\/"},"modified":"2025-10-24T06:59:21","modified_gmt":"2025-10-24T06:59:21","slug":"sonya-walger-la-felicidad-es-tan-especifica-como-la-infelicidad-pero-quiza-sea-menos-interesante-leer-sobre-ella","status":"publish","type":"post","link":"https:\/\/www.europesays.com\/es\/197764\/","title":{"rendered":"Sonya Walger: \u00abLa felicidad es tan espec\u00edfica como la infelicidad, pero quiz\u00e1 sea menos interesante leer sobre ella\u00bb"},"content":{"rendered":"<p><img decoding=\"async\" class=\"voc-image-signature__img\" src=\"https:\/\/www.europesays.com\/es\/wp-content\/uploads\/2025\/08\/autor-3032-foto-10.jpeg\" alt=\"Alo\u00f1a Fdez. Larrechi\"\/><\/p>\n<p class=\"voc-paragraph\">Con la literatura de plena actualidad en las \u00faltimas semanas, gracias a galardones tan prestigiosos como el <a href=\"https:\/\/www.mujerhoy.com\/vivir\/ocio\/laszlo-krasznahorkai-escritor-hungaro-premio-nobel-literatura-libros-imprescindibles-20251010225308-nt.html\" title=\"www.mujerhoy.com\" data-voc-vtm-id=\"in-text-traffic\" data-mrf-link=\"www.mujerhoy.com\" rel=\"nofollow noopener\" target=\"_blank\">Nobel de Literatura<\/a>, y las librer\u00edas tent\u00e1ndonos con los libros que vamos a querer <a href=\"https:\/\/www.mujerhoy.com\/vivir\/ocio\/mejores-libros-leer-octubre-novelas-poliamor-unabomber-20251006141829-nt.html\" title=\"www.mujerhoy.com\" data-voc-vtm-id=\"in-text-traffic\" data-mrf-link=\"www.mujerhoy.com\" rel=\"nofollow noopener\" target=\"_blank\">leer en octubre<\/a>, hay un lanzamiento reciente que ha conquistado nuestros corazones y no queremos dejar de recomendar. Se trata de Le\u00f3n, el debut literario de la <strong>actriz y escritora Sonya Walger<\/strong>, en el que ha narrado con una delicadeza y una ternura exquisitas la historia de su padre. <\/p>\n<p class=\"voc-paragraph\">Padre, pero tambi\u00e9n vividor, jugador de polo, piloto de carreras, exconvicto y exadicto a la hero\u00edna y aficionado al paracaidismo, Le\u00f3n es m\u00e1s que un hombre, una leyenda. Y Sonya, <strong>conocida por sus papeles en Perdidos y Para toda la humanidad<\/strong>, es una hija que a pesar de la distancia, la ausencia y la falta de compromiso, nunca deja de quererlo y admirarlo. Una historia sobre una familia, pero tambi\u00e9n sobre un amor que no entiende de defectos y una vida que te sit\u00faa ante momentos imborrables. <\/p>\n<p><a href=\"http:\/\/www.mujerhoy.com\/actualidad\/leonor-watling-entrevista-pienso-abrir-papeleria-montar-granja-busca-escapadas-cantante-actriz-nuevo-disco-20250913111612-nt.html#vtm_modulosEngag=mod-rel:actualidad:noticia:1:cmp:2-not\" class=\"v-a-link\" title=\"Leonor Watling: \u00abPienso: \u00bfY si abro una papeler\u00eda o monto una granja? Siempre estoy buscando una escapada\u00bb\" rel=\"nofollow noopener\" target=\"_blank\"><br \/>\n<img decoding=\"async\" loading=\"lazy\" class=\"v-a-img\" src=\"https:\/\/www.europesays.com\/es\/wp-content\/uploads\/2025\/10\/leonor-watling1-kskD-U2302870121262pb-366x256@Mujer Hoy.jpg\" alt=\"Leonor Watling: \u00abPienso: \u00bfY si abro una papeler\u00eda o monto una granja? Siempre estoy buscando una escapada\u00bb\"\/><br \/>\n<\/a><\/p>\n<p><a href=\"http:\/\/www.mujerhoy.com\/actualidad\/alvaro-morte-entrevista-dos-tumbas-miniserie-netflix-adolfo-suarez-20250824155134-nt.html#vtm_modulosEngag=mod-rel:actualidad:noticia:2:cmp:2-not\" class=\"v-a-link\" title=\"\u00c1lvaro Morte: \u00abLo interesante cuando suceden cosas como La casa de papel es intentar ir creciendo, no echar a volar\u00bb\" rel=\"nofollow noopener\" target=\"_blank\"><br \/>\n<img decoding=\"async\" loading=\"lazy\" class=\"v-a-img\" src=\"https:\/\/www.europesays.com\/es\/wp-content\/uploads\/2025\/10\/Alvaro-morte-entrevista2-kRsB--366x256@Mujer Hoy.jpg\" alt=\"\u00c1lvaro Morte: \u00abLo interesante cuando suceden cosas como La casa de papel es intentar ir creciendo, no echar a volar\u00bb\"\/><br \/>\n<\/a><\/p>\n<p class=\"voc-paragraph\">La actriz, que publicar\u00e1 su segundo libro en 2026, <strong>ha hablado con Mujerhoy sobre Le\u00f3n<\/strong> y esto es lo que nos ha contado. <\/p>\n<p class=\"voc-paragraph\"><strong>MujerHoy: \u00bfRecuerda el momento en el que decidi\u00f3 que iba a escribir un libro sobre su padre?<\/strong><\/p>\n<p class=\"voc-paragraph\">Sonya Walger: S\u00ed, poco despu\u00e9s de la muerte de mi padre, supe que ten\u00eda que escribir algunas de las extraordinarias historias de su vida. Mis hijos eran muy peque\u00f1os cuando muri\u00f3 (de uno y tres a\u00f1os) y tengo muy mala memoria, as\u00ed que era importante para m\u00ed <strong>preservar lo que pudiera de \u00e9l<\/strong> por su bien. El libro empez\u00f3 como un intento privado de conservar su memoria y se expandi\u00f3 hasta convertirse en algo m\u00e1s grande.<\/p>\n<p><img decoding=\"async\" loading=\"lazy\" src=\"https:\/\/www.europesays.com\/es\/wp-content\/uploads\/2025\/10\/Leon-sonya-walger-entrevista-libro-kV5B--650x975@Mujer Hoy.jpg\" class=\"v-a-img\" width=\"650\" height=\"975\" alt=\"Portada de Le\u00f3n, el debut literario de Sonya Walger.\" data-voc-vtm-id=\"in-text-traffic\"\/><\/p>\n<p>Portada de Le\u00f3n, el debut literario de Sonya Walger.<\/p>\n<p>Mu\u00f1eca Infinita<\/p>\n<p class=\"voc-paragraph\"><strong>MH: \u00bfLe\u00f3n es una novela o es un relato autobiogr\u00e1fico?<\/strong><\/p>\n<p class=\"voc-paragraph\">S.W: Es una novela donde todo ocurri\u00f3. Es un poema. Creo que escribir es, en s\u00ed mismo, un ejercicio de ficci\u00f3n. Mi padre <strong>fue un hombre real y un ejercicio de ficci\u00f3n<\/strong>. La \u00fanica manera de rendirle homenaje era escribir un ejercicio de ficci\u00f3n.<\/p>\n<p class=\"voc-paragraph\"><strong>MH: Pas\u00f3 a\u00f1os escribiendo este libro, consultando sus diarios\u2026 \u00bfC\u00f3mo fue ese viaje emocional?<\/strong><\/p>\n<p class=\"voc-paragraph\">S.W: Fue maravilloso, una revelaci\u00f3n de mucho que hab\u00eda olvidado y de cu\u00e1nta continuidad tengo con mi pasado. Sent\u00ed ternura y me maravill\u00e9 de cu\u00e1nto hab\u00eda olvidado y de cu\u00e1nto sigo siendo la misma persona. Fue un acto de recuperaci\u00f3n y, con <strong>el extraordinario poder de la escritura<\/strong>, de unir partes dispares en algo nuevo, una tercera cosa. Todav\u00eda me rompe el coraz\u00f3n que todo se quemara en el fuego (la actriz perdi\u00f3 su casa en los incendios de Los \u00c1ngeles en enero). La p\u00e9rdida de 30 a\u00f1os de diarios y todos mis libros siempre me perseguir\u00e1, creo.<\/p>\n<p class=\"voc-paragraph\"><strong>MH: \u00bfQu\u00e9 opinaba \u00e9l de su carrera como actriz?<\/strong><\/p>\n<p class=\"voc-paragraph\">S.W: Estaba orgulloso de m\u00ed. Se sentir\u00eda <strong>a\u00fan m\u00e1s orgulloso de mi carrera como escritora<\/strong>, de eso estoy segura. Pero disfrutaba de mi \u00e9xito, viendo mi trabajo, \u00a1cont\u00e1ndoselo a sus amigos! Pero sin duda, estar\u00eda encantado con mi escritura.<\/p>\n<p><img decoding=\"async\" loading=\"lazy\" src=\"https:\/\/www.europesays.com\/es\/wp-content\/uploads\/2025\/10\/Leon-sonya-walger-entrevista-Kayt-Jones-kV5B--650x975@Mujer Hoy.JPG\" class=\"v-a-img\" width=\"650\" height=\"975\" alt=\"Sonya Walger. escritora y actriz, autora de Le\u00f3n.\" data-voc-vtm-id=\"in-text-traffic\"\/><\/p>\n<p>Sonya Walger. escritora y actriz, autora de Le\u00f3n.<\/p>\n<p>Kayt Jones<\/p>\n<p class=\"voc-paragraph\"><strong>MH: A pesar de que viajaba para verle y estar con \u00e9l, a veces usted pasaba m\u00e1s tiempo con el resto de su familia y a\u00fan as\u00ed no se rindi\u00f3, sigui\u00f3 visit\u00e1ndole, \u00bfpor qu\u00e9?<\/strong><\/p>\n<p class=\"voc-paragraph\">S.W: Porque la esperanza es eterna. Porque tomamos lo que se nos da. Porque <strong>sab\u00eda que si me rend\u00eda, estar\u00edamos perdidos<\/strong>, que no pod\u00edamos rendirnos los dos. As\u00ed que segu\u00ed visit\u00e1ndole, insistiendo en una relaci\u00f3n, cultivando las otras que me apoyaron en Argentina cuando los visit\u00e9. \u00a1Porque soy terca y cari\u00f1osa a partes iguales!<\/p>\n<p class=\"voc-paragraph\"><strong>MH: El libro est\u00e1 narrado en presente y sin nombres, h\u00e1bleme de esas decisiones narrativas.<\/strong><\/p>\n<p class=\"voc-paragraph\">S.W: No me interesaba, ni me interesa, identificar a mi familia por su nombre, porque los detalles de sus identidades solo me importan a m\u00ed y son el elemento menos interesante de la historia. Quer\u00eda mantener a estos personajes lo m\u00e1s precisos posible y, al mismo tiempo, <strong>permitir que el lector los habitara<\/strong>, los poblara por s\u00ed mismo, que insertara a sus propios padres, madres y padrastros. Al mantenerlos espec\u00edficos y an\u00f3nimos, esperaba crear algo a la vez \u00edntimo y universal.<\/p>\n<p class=\"voc-paragraph\"><strong>MH: \u00bfSu papel de madre est\u00e1 determinado por la relaci\u00f3n que tuvo con su padre?<\/strong><\/p>\n<p class=\"voc-paragraph\">S.W: No, mi madre, con su amor constante y sus l\u00edmites firmes, es quien me hizo la madre que soy. Pero mi padre, con su atenci\u00f3n intermitente, su <strong>presencia deslumbrante y sus desapariciones impredecibles<\/strong>, me ha convertido en la persona que soy; me ha inculcado un anhelo de arraigo y estabilidad, as\u00ed como una extra\u00f1a propensi\u00f3n a lo inesperado.<\/p>\n<p class=\"voc-paragraph\"><strong>MH: \u00bfLa forma de vivir de su padre, de un pa\u00eds a otro, sin oficio, sin arraigo, le sirvi\u00f3 de algo cuando su vida cambi\u00f3 radicalmente tras los incendios de California a principios de a\u00f1o?<\/strong><\/p>\n<p class=\"voc-paragraph\">S.W: No, <strong>nada te prepara para perder tu estilo de vida por completo en una sola noche<\/strong>. Ning\u00fan padre, por muy aventurero que sea, te prepara para decirles a tus hijos que tu hogar y todo lo que han conocido se ha ido, no solo el suyo, sino todo el vecindario en el que crecieron, corrieron y se educaron. No hay preparaci\u00f3n para la devastaci\u00f3n que los incendios nos causaron a todos ese d\u00eda. Estoy acostumbrado a que desaparezca gente, pero no casas.<\/p>\n<p><img decoding=\"async\" loading=\"lazy\" src=\"https:\/\/www.europesays.com\/es\/wp-content\/uploads\/2025\/10\/Leon-sonya-walger-entrevista-arriba-kV5B--650x650@Mujer Hoy.jpg\" class=\"v-a-img\" width=\"650\" height=\"650\" alt=\"Sonya Walger en una imagen de la serie Por toda la humanidad.\" data-voc-vtm-id=\"in-text-traffic\"\/><\/p>\n<p>Sonya Walger en una imagen de la serie Por toda la humanidad.<\/p>\n<p>Apple TV+<\/p>\n<p><img loading=\"lazy\" decoding=\"async\" src=\"https:\/\/www.europesays.com\/es\/wp-content\/uploads\/2025\/10\/Leon-sonya-walger-entrevista-arriba-kV5B--650x650@Mujer Hoy.jpg\" class=\"v-mdl__img-z\" width=\"650\" height=\"650\" alt=\"\"\/><\/p>\n<p class=\"voc-paragraph\"><strong>MH: Usted es una lectora voraz y apasionada, \u00bfpens\u00f3 en otros libros sobre padres mientras escrib\u00eda el suyo? <\/strong><\/p>\n<p class=\"voc-paragraph\">SW: Leo constantemente y, como preparaci\u00f3n para Le\u00f3n, <strong>le\u00ed much\u00edsimas biograf\u00edas<\/strong> y memorias, no porque estuviera escribiendo una, sino para ver c\u00f3mo otros autores gestionaban el paso del tiempo. En la tierra somos fugazmente grandiosos, de Ocean Vuong, fue una revelaci\u00f3n: c\u00f3mo el lenguaje po\u00e9tico y la historia familiar pod\u00edan ir de la mano, y su fluidez con el pasado y el presente. Deborah Levy, Rachel Cusk y Sheila Heti fueron y son influencias.<\/p>\n<p class=\"voc-paragraph\"><strong>MH: Como amante de los cl\u00e1sicos de la literatura, habr\u00e1 le\u00eddo Anna Karenina. \u00bfQu\u00e9 opina de la frase de Tolstoi \u00abtodas las familias felices se parecen unas a otras, pero cada familia infeliz lo es a su manera\u00bb? \u00bfEst\u00e1 de acuerdo?<\/strong><\/p>\n<p class=\"voc-paragraph\">SW: Creo que <strong>la felicidad es tan espec\u00edfica como la infelicidad<\/strong>, pero quiz\u00e1 sea menos interesante leer sobre ella.<\/p>\n<p class=\"voc-paragraph\"><strong>MH: De entre todos los cl\u00e1sicos de la literatura, \u00bfcu\u00e1l es su favorito?<\/strong><\/p>\n<p class=\"voc-paragraph\">SW: Tengo much\u00edsimos favoritos. <strong>Retrato de una dama<\/strong>, Middlemarch, Wolf Hall, y podr\u00eda seguir y seguir&#8230;<\/p>\n<p class=\"voc-paragraph\"><strong>MH: \u00bfQu\u00e9 podemos esperar de su pr\u00f3xima novela, de qu\u00e9 trata?<\/strong><\/p>\n<p class=\"voc-paragraph\">S.W: Wifehouse trata sobre una mujer que toma la decisi\u00f3n, profundamente poco convencional y poco digna de ser amada, de <strong>dejar a su esposo e hijos<\/strong>. La historia se desarrolla a lo largo de un a\u00f1o y se narra desde m\u00faltiples perspectivas: la esposa, el esposo, los hijos, su amante, su mejor amiga. <\/p>\n<p class=\"voc-paragraph\">Quer\u00eda analizar la ecuaci\u00f3n desequilibrada entre el matrimonio y la plenitud, las <strong>innumerables decisiones e influencias insignificantes que pueden llevar a una mujer a tomar una decisi\u00f3n<\/strong> como esta. Quer\u00eda pedirle al lector que la comprendiera a ella y a toda la familia, que se resistiera a tomar partido y que, en lugar de eso, se limitara a presenciar el desenlace.<\/p>\n<p><a href=\"http:\/\/www.mujerhoy.com\/actualidad\/maria-duenas-violinista-siento-responsabilidad-mantener-viva-musica-clasica-estrella-prodigio-entrevista-20250726100108-nt.html#vtm_modulosEngag=mod-rel:actualidad:noticia:1:cmp:2-not\" class=\"v-a-link\" title=\"Mar\u00eda Due\u00f1as, estrella del viol\u00edn: \u00abSiento la responsabilidad de mantener viva la m\u00fasica cl\u00e1sica\u00bb\" rel=\"nofollow noopener\" target=\"_blank\"><br \/>\n<img decoding=\"async\" loading=\"lazy\" class=\"v-a-img\" src=\"https:\/\/www.europesays.com\/es\/wp-content\/uploads\/2025\/10\/maria-duenas-violinista1-kvuG-U2302464673152pCF-366x256@Mujer Hoy.jpg\" alt=\"Mar\u00eda Due\u00f1as, estrella del viol\u00edn: \u00abSiento la responsabilidad de mantener viva la m\u00fasica cl\u00e1sica\u00bb\"\/><br \/>\n<\/a><\/p>\n<p><a href=\"http:\/\/www.mujerhoy.com\/actualidad\/sophie-auster-entrevista-mundo-lugar-mejor-padre-como-el-mio-paul-auster-siri-hustvedt-20250725083020-nt.html#vtm_modulosEngag=mod-rel:actualidad:noticia:2:cmp:2-not\" class=\"v-a-link\" title=\"Sophie Auster: \u00abEl mundo ser\u00eda un lugar mejor si todos tuvieran un padre como el m\u00edo\u00bb\" rel=\"nofollow noopener\" target=\"_blank\"><br \/>\n<img decoding=\"async\" loading=\"lazy\" class=\"v-a-img\" src=\"https:\/\/www.europesays.com\/es\/wp-content\/uploads\/2025\/10\/sophie-auster3-kf2G-U2302440859553GnG-366x256@Mujer Hoy.jpg\" alt=\"Sophie Auster: \u00abEl mundo ser\u00eda un lugar mejor si todos tuvieran un padre como el m\u00edo\u00bb\"\/><br \/>\n<\/a><\/p>\n","protected":false},"excerpt":{"rendered":"Con la literatura de plena actualidad en las \u00faltimas semanas, gracias a galardones tan prestigiosos como el Nobel&hellip;\n","protected":false},"author":2,"featured_media":197765,"comment_status":"","ping_status":"","sticky":false,"template":"","format":"standard","meta":{"footnotes":""},"categories":[172],"tags":[224,146,147,25,24,54755,225,54756,54754,23],"class_list":{"0":"post-197764","1":"post","2":"type-post","3":"status-publish","4":"format-standard","5":"has-post-thumbnail","7":"category-libros","8":"tag-books","9":"tag-entertainment","10":"tag-entretenimiento","11":"tag-es","12":"tag-espana","13":"tag-libro-leon","14":"tag-libros","15":"tag-libros-sobre-padres","16":"tag-sonya-walger","17":"tag-spain"},"share_on_mastodon":{"url":"https:\/\/pubeurope.com\/@es\/115427856631645021","error":""},"_links":{"self":[{"href":"https:\/\/www.europesays.com\/es\/wp-json\/wp\/v2\/posts\/197764","targetHints":{"allow":["GET"]}}],"collection":[{"href":"https:\/\/www.europesays.com\/es\/wp-json\/wp\/v2\/posts"}],"about":[{"href":"https:\/\/www.europesays.com\/es\/wp-json\/wp\/v2\/types\/post"}],"author":[{"embeddable":true,"href":"https:\/\/www.europesays.com\/es\/wp-json\/wp\/v2\/users\/2"}],"replies":[{"embeddable":true,"href":"https:\/\/www.europesays.com\/es\/wp-json\/wp\/v2\/comments?post=197764"}],"version-history":[{"count":0,"href":"https:\/\/www.europesays.com\/es\/wp-json\/wp\/v2\/posts\/197764\/revisions"}],"wp:featuredmedia":[{"embeddable":true,"href":"https:\/\/www.europesays.com\/es\/wp-json\/wp\/v2\/media\/197765"}],"wp:attachment":[{"href":"https:\/\/www.europesays.com\/es\/wp-json\/wp\/v2\/media?parent=197764"}],"wp:term":[{"taxonomy":"category","embeddable":true,"href":"https:\/\/www.europesays.com\/es\/wp-json\/wp\/v2\/categories?post=197764"},{"taxonomy":"post_tag","embeddable":true,"href":"https:\/\/www.europesays.com\/es\/wp-json\/wp\/v2\/tags?post=197764"}],"curies":[{"name":"wp","href":"https:\/\/api.w.org\/{rel}","templated":true}]}}