{"id":197768,"date":"2025-10-24T07:01:14","date_gmt":"2025-10-24T07:01:14","guid":{"rendered":"https:\/\/www.europesays.com\/es\/197768\/"},"modified":"2025-10-24T07:01:14","modified_gmt":"2025-10-24T07:01:14","slug":"grupo-5-sorprende-con-motor-y-motivo-en-la-alfombra-de-los-premios-a-la-musica-latina","status":"publish","type":"post","link":"https:\/\/www.europesays.com\/es\/197768\/","title":{"rendered":"Grupo 5 sorprende con \u2018Motor y motivo\u2019 en la alfombra de los premios a la m\u00fasica latina"},"content":{"rendered":"<p>               La orquesta peruana sigue conquistando los escenarios m\u00e1s importantes de la industria. Esta vez brill\u00f3 en los Latin Billboard, donde su paso por la alfombra azul no pas\u00f3 desapercibido.\n            <\/p>\n<p data-start=\"447\" data-end=\"753\">El Per\u00fa dijo presente en los\u00a0<strong data-start=\"486\" data-end=\"532\">Premios Billboard de la M\u00fasica Latina 2025<\/strong>. <a href=\"https:\/\/rpp.pe\/musica\/nacional\/grupo-5-brilla-en-los-billboard-latin-music-week-en-miami-seguimos-persiguiendo-suenos-noticia-1660482\" rel=\"follow noopener nofollow\" target=\"_blank\">Christian, Andy y Elmer Yaip\u00e9n<\/a>, l\u00edderes de <strong data-start=\"577\" data-end=\"588\">Grupo 5<\/strong>, desfilaron este jueves por la alfombra azul del evento realizado en el <strong data-start=\"273\" data-end=\"299\">James L. Knight Center<\/strong> de Miami. Durante su paso, sorprendieron al p\u00fablico con una emocionante interpretaci\u00f3n de uno de sus temas m\u00e1s emblem\u00e1ticos.<\/p>\n<p data-start=\"755\" data-end=\"1015\">Los m\u00fasicos de Monsef\u00fa abrieron la transmisi\u00f3n de la alfombra para las redes sociales de los <a href=\"https:\/\/rpp.pe\/noticias\/latin-billboard-2025\" rel=\"follow noopener nofollow\" target=\"_blank\">Latin Billboard<\/a>. Lucieron un look que no pas\u00f3 inadvertido: trajes rojos escarlata de corte elegante, camisas satinadas blancas y sacos con detalles de lentejuelas brillantes, que evocaban el fuego y la pasi\u00f3n que caracteriza a la orquesta.<\/p>\n<p>Grupo 5 en los Latin Billboard 2025<\/p>\n<p data-start=\"1064\" data-end=\"1373\">\u201cHa sido una experiencia inolvidable\u201d, coment\u00f3 <strong data-start=\"1111\" data-end=\"1131\">Christian Yaip\u00e9n<\/strong> a las c\u00e1maras, recordando adem\u00e1s su hist\u00f3rica participaci\u00f3n en el\u00a0<strong data-start=\"1188\" data-end=\"1212\">Billboard Latin Week <\/strong>el mi\u00e9rcoles, donde compartieron un panel con <strong data-start=\"1246\" data-end=\"1280\">Olga Ta\u00f1\u00f3n, Guaynaa, Bebeshito<\/strong> y <strong data-start=\"1283\" data-end=\"1294\">Luck Ra<\/strong> para hablar sobre la evoluci\u00f3n de la cumbia y el auge de la m\u00fasica tropical.<\/p>\n<p data-start=\"1375\" data-end=\"1474\">Por su parte, <strong data-start=\"1389\" data-end=\"1405\">Elmer Yaip\u00e9n<\/strong> aprovech\u00f3 el momento para enviar un mensaje a los nuevos talentos: \u201cHay que creer en uno mismo y tener una identidad musical, un estilo propio. Siempre con fe en Dios, el apoyo de la familia y del equipo. Nunca darse por vencido\u201d.<\/p>\n<p data-start=\"1644\" data-end=\"1903\">Durante la entrevista, Christian tambi\u00e9n adelant\u00f3 que <strong data-start=\"1698\" data-end=\"1739\">Grupo 5 prepara ocho nuevas canciones<\/strong>, las cuales ser\u00e1n grabadas durante el <strong data-start=\"1778\" data-end=\"1831\">concierto homenaje a su padre, Elmer Yaip\u00e9n Uypan<\/strong>, el pr\u00f3ximo <strong data-start=\"1844\" data-end=\"1873\">9 de noviembre en Monsef\u00fa<\/strong>, ante unas 25 mil personas.<\/p>\n<p>Motor y motivo desde los Latin Billboard 2025<\/p>\n<p data-start=\"1959\" data-end=\"2181\">El momento m\u00e1s emocionante lleg\u00f3 cuando\u00a0<strong data-start=\"1995\" data-end=\"2048\">Christian Yaip\u00e9n cerr\u00f3 la presentaci\u00f3n de Grupo 5<\/strong> interpretando Motor y motivo desde la alfombra azul, un gesto que fue celebrado por las entrevistadoras, Jessica Roiz y Griselda Flores.<\/p>\n<p data-start=\"2183\" data-end=\"2248\">M\u00e1s tarde, Andy Yaip\u00e9n comparti\u00f3 su emoci\u00f3n por la experiencia: \u201cHa sido uno de los mejores cumplea\u00f1os, rodeado de tantos artistas que admiro\u201d, confes\u00f3 para las redes sociales de los Latin Billboard.<\/p>\n<p data-start=\"2386\" data-end=\"2635\">La alfombra azul tambi\u00e9n reuni\u00f3 a grandes figuras como <strong data-start=\"2441\" data-end=\"2546\">Olga Ta\u00f1\u00f3n, Grupo Frontera, Fuerza Regida, Rita Moreno, Drew Venegas y Gabi Berm\u00fadez de Santos Bravos<\/strong>, adem\u00e1s de los homenajeados de la noche: <strong data-start=\"2588\" data-end=\"2632\">Elvis Crespo, Laura Pausini y Peso Pluma<\/strong>.<\/p>\n","protected":false},"excerpt":{"rendered":"La orquesta peruana sigue conquistando los escenarios m\u00e1s importantes de la industria. Esta vez brill\u00f3 en los Latin&hellip;\n","protected":false},"author":2,"featured_media":197769,"comment_status":"","ping_status":"","sticky":false,"template":"","format":"standard","meta":{"footnotes":""},"categories":[170],"tags":[146,147,25,24,54757,54176,184,185,23],"class_list":{"0":"post-197768","1":"post","2":"type-post","3":"status-publish","4":"format-standard","5":"has-post-thumbnail","7":"category-musica","8":"tag-entertainment","9":"tag-entretenimiento","10":"tag-es","11":"tag-espana","12":"tag-grupo-5","13":"tag-latin-billboard-2025","14":"tag-music","15":"tag-musica","16":"tag-spain"},"share_on_mastodon":{"url":"","error":""},"_links":{"self":[{"href":"https:\/\/www.europesays.com\/es\/wp-json\/wp\/v2\/posts\/197768","targetHints":{"allow":["GET"]}}],"collection":[{"href":"https:\/\/www.europesays.com\/es\/wp-json\/wp\/v2\/posts"}],"about":[{"href":"https:\/\/www.europesays.com\/es\/wp-json\/wp\/v2\/types\/post"}],"author":[{"embeddable":true,"href":"https:\/\/www.europesays.com\/es\/wp-json\/wp\/v2\/users\/2"}],"replies":[{"embeddable":true,"href":"https:\/\/www.europesays.com\/es\/wp-json\/wp\/v2\/comments?post=197768"}],"version-history":[{"count":0,"href":"https:\/\/www.europesays.com\/es\/wp-json\/wp\/v2\/posts\/197768\/revisions"}],"wp:featuredmedia":[{"embeddable":true,"href":"https:\/\/www.europesays.com\/es\/wp-json\/wp\/v2\/media\/197769"}],"wp:attachment":[{"href":"https:\/\/www.europesays.com\/es\/wp-json\/wp\/v2\/media?parent=197768"}],"wp:term":[{"taxonomy":"category","embeddable":true,"href":"https:\/\/www.europesays.com\/es\/wp-json\/wp\/v2\/categories?post=197768"},{"taxonomy":"post_tag","embeddable":true,"href":"https:\/\/www.europesays.com\/es\/wp-json\/wp\/v2\/tags?post=197768"}],"curies":[{"name":"wp","href":"https:\/\/api.w.org\/{rel}","templated":true}]}}