{"id":197777,"date":"2025-10-24T07:08:12","date_gmt":"2025-10-24T07:08:12","guid":{"rendered":"https:\/\/www.europesays.com\/es\/197777\/"},"modified":"2025-10-24T07:08:12","modified_gmt":"2025-10-24T07:08:12","slug":"maduro-acusa-a-estados-unidos-de-llevar-a-cabo-una-constante-guerra-psicologica-contra-su-pais-anadolu-ajansi","status":"publish","type":"post","link":"https:\/\/www.europesays.com\/es\/197777\/","title":{"rendered":"Maduro acusa a Estados Unidos de llevar a cabo una constante guerra psicol\u00f3gica contra su pa\u00eds &#8211; Anadolu Ajans\u0131"},"content":{"rendered":"<ol>\n<li><a href=\"https:\/\/news.google.com\/rss\/articles\/CBMi2wFBVV95cUxPdkEwY1JReDFyY0hQUk9XcmlUYnREYWw2WmFFMTZYLTlWS1N0SFVwRDNXbENJbWUwQkZ3WWFtckVqejZPMWcxaWgzSm13aHVJdG5BQkRXeXRobEw0Z1VrUmp4eTFMRXh2RTBQMkU4X05WSlQxOUxIY0Z5LVFkME5mekczcDg5Q1VKcDFOM1ZhcW5wM1N1Mm05enQ3WGl2YWpvQjhMYkQyZDB5WW8xSWQyektoekVPUHZ5NG9qVDdETXlGRXR5TV9xaklsVVJuZThBbkZ4b3l3NUxGZjQ?oc=5\" target=\"_blank\" rel=\"nofollow noopener\">Maduro acusa a Estados Unidos de llevar a cabo una constante guerra psicol\u00f3gica contra su pa\u00eds<\/a>&nbsp;&nbsp;Anadolu Ajans\u0131<\/li>\n<li><a href=\"https:\/\/news.google.com\/rss\/articles\/CBMigwFBVV95cUxNS2pDdldiUERDbm1vOFZLVWlRYml3eWF4MVF6VHFLRFpVTVBpNW54dW5FU0Z5Yk9Uc0lnSWw1eUprWGVxYUVFRG1yUDJrNk1Pck93NmZpekhrTkZzdThBaWQ1ek1mTkZ6WWxRMGc2TWVfdjhNOFRKTGNqc1dxVlRhOThCNNIBgwFBVV95cUxOYnlpdXJlU0NyNE96STNUQmxMOTBvVVlqV1BBZVZ4c3VWNnlLN1dpM2docVRhS2U3Si02UUp0azBFdkMzRW5mTTU2YkFVcnZ6d284Y2pTVGNRZ1ZGcjMyWmVIM29scWd1V20yU2dtS0xtXy01TS1Ma1k1bUczd3pBaUtiVQ?oc=5\" target=\"_blank\" rel=\"nofollow noopener\">Maduro llama a la huelga general en caso de ser derrocado mientras Trump avanza acciones militares \u00aben tierra\u00bb<\/a>&nbsp;&nbsp;El Mundo<\/li>\n<li><a href=\"https:\/\/news.google.com\/rss\/articles\/CBMixgFBVV95cUxOVUdxVEtmeXUtNlBGZmVIYW5GQ3BnS3o4WTlzZEthREgzRWRTNHZmMnBRVUpOLXJIRTVJWGRYLXZYS0xVcTVmX2s0MGpwU1JMd2RveEp5aUFHMzFYcUVSVTNXbnJuYzdKbUQ1V0tJV0t3NWZYWGZRSWVfeUFsNTc2Mi11ZXJOTW5GM3dxRE9vNS1DUUtPS3hNN1ozVS1VN2RTQnhTNTlSVlhENmJ1U05ISkRweUpDQWFIY0FTMjlNeGZZOE5wRUE?oc=5\" target=\"_blank\" rel=\"nofollow noopener\">Maduro ordena a los venezolanos iniciar una \u00abhuelga general\u00bb en caso de ataque de EEUU<\/a>&nbsp;&nbsp;20Minutos<\/li>\n<li><a href=\"https:\/\/news.google.com\/rss\/articles\/CBMivwFBVV95cUxOT2wwZXJuX2tuMDhEUFRGM1RYNE9WZVJTbmtQbHV2YTU0a3FKVzdqdlVQTC0zVkxyRUd3OE52NmptT0JiQzlqd0syNXc4X05hdEs0RVlWckVCY3RNM0U4RW5jSUpvT2dRV2JsWTM3clhSOEF0dWY0c3JmTVFtRldqcTNqeTFvLVlGR2xpN2U3OTIyTzdiYWp6UU8zWWV6elBJT0ZKRGI2M2I5c1RjZkpCN2E1Rzc1UzlsT3pzaElIOA?oc=5\" target=\"_blank\" rel=\"nofollow noopener\">Nicol\u00e1s Maduro vuelve a hablar ingl\u00e9s para enviarle un mensaje a Trump: \u00abNo crazy war, please\u00bb<\/a>&nbsp;&nbsp;El HuffPost<\/li>\n<li><a href=\"https:\/\/news.google.com\/rss\/articles\/CBMieEFVX3lxTFBVUU5NVHRtMnUtUnozNndpMVZHRmdwUW1KYlJrQTFEa25QSVNadmZNRm4tTUZ5MFVCU1U4Rnd4ckpmNE93c1lXcW9uWjJmMHJNN0lEeF9HVE5QS1ZNWXlEZlBoZWNSRzVGZm1xMWJocHgwNW5QS09odw?oc=5\" target=\"_blank\" rel=\"nofollow noopener\">Presidente Maduro condena ideolog\u00edas supremacistas y nazi promovidas por Trump<\/a>&nbsp;&nbsp;teleSUR<\/li>\n<\/ol>\n","protected":false},"excerpt":{"rendered":"Maduro acusa a Estados Unidos de llevar a cabo una constante guerra psicol\u00f3gica contra su pa\u00eds&nbsp;&nbsp;Anadolu Ajans\u0131 Maduro&hellip;\n","protected":false},"author":2,"featured_media":197778,"comment_status":"","ping_status":"","sticky":false,"template":"","format":"standard","meta":{"footnotes":""},"categories":[42],"tags":[25906,17,18,13,14,11,61,62,63,64,19,20,9,10,15,16,12,21,22,1192,65,66,67],"class_list":{"0":"post-197777","1":"post","2":"type-post","3":"status-publish","4":"format-standard","5":"has-post-thumbnail","7":"category-internacional","8":"tag-anadolu-ajansi","9":"tag-breaking-news","10":"tag-breakingnews","11":"tag-featured-news","12":"tag-featurednews","13":"tag-headlines","14":"tag-internacional","15":"tag-international","16":"tag-international-news","17":"tag-internationalnews","18":"tag-latest-news","19":"tag-latestnews","20":"tag-news","21":"tag-noticias","22":"tag-noticias-destacadas","23":"tag-noticiasdestacadas","24":"tag-titulares","25":"tag-ultimas-noticias","26":"tag-ultimasnoticias","27":"tag-venezuela","28":"tag-world","29":"tag-world-news","30":"tag-worldnews"},"share_on_mastodon":{"url":"https:\/\/pubeurope.com\/@es\/115427888732496886","error":""},"_links":{"self":[{"href":"https:\/\/www.europesays.com\/es\/wp-json\/wp\/v2\/posts\/197777","targetHints":{"allow":["GET"]}}],"collection":[{"href":"https:\/\/www.europesays.com\/es\/wp-json\/wp\/v2\/posts"}],"about":[{"href":"https:\/\/www.europesays.com\/es\/wp-json\/wp\/v2\/types\/post"}],"author":[{"embeddable":true,"href":"https:\/\/www.europesays.com\/es\/wp-json\/wp\/v2\/users\/2"}],"replies":[{"embeddable":true,"href":"https:\/\/www.europesays.com\/es\/wp-json\/wp\/v2\/comments?post=197777"}],"version-history":[{"count":0,"href":"https:\/\/www.europesays.com\/es\/wp-json\/wp\/v2\/posts\/197777\/revisions"}],"wp:featuredmedia":[{"embeddable":true,"href":"https:\/\/www.europesays.com\/es\/wp-json\/wp\/v2\/media\/197778"}],"wp:attachment":[{"href":"https:\/\/www.europesays.com\/es\/wp-json\/wp\/v2\/media?parent=197777"}],"wp:term":[{"taxonomy":"category","embeddable":true,"href":"https:\/\/www.europesays.com\/es\/wp-json\/wp\/v2\/categories?post=197777"},{"taxonomy":"post_tag","embeddable":true,"href":"https:\/\/www.europesays.com\/es\/wp-json\/wp\/v2\/tags?post=197777"}],"curies":[{"name":"wp","href":"https:\/\/api.w.org\/{rel}","templated":true}]}}