{"id":197886,"date":"2025-10-24T08:23:09","date_gmt":"2025-10-24T08:23:09","guid":{"rendered":"https:\/\/www.europesays.com\/es\/197886\/"},"modified":"2025-10-24T08:23:09","modified_gmt":"2025-10-24T08:23:09","slug":"hispanos-sub17-sigue-en-directo-el-primer-partido-del-campeonato-del-mundo-en-casablanca","status":"publish","type":"post","link":"https:\/\/www.europesays.com\/es\/197886\/","title":{"rendered":"#Hispanos-sub17 |\u00a0Sigue en directo el primer partido del Campeonato del Mundo en Casablanca"},"content":{"rendered":"<p data-start=\"96\" data-end=\"403\">La primera edici\u00f3n del <strong>Campeonato del Mundo sub-17<\/strong> comienza ma\u00f1ana, <strong data-start=\"164\" data-end=\"207\">24 de octubre,<\/strong> y se disputar\u00e1 hasta<strong data-start=\"164\" data-end=\"207\"> el 1 de noviembre de 2025<\/strong> en <strong data-start=\"211\" data-end=\"237\">Casablanca (Marruecos)<\/strong>. El <b>Nouacer Hall<\/b> reunir\u00e1 a las mejores selecciones, con los Hispanos sub-17 aspirando a inaugurar el palmar\u00e9s de la competici\u00f3n.<\/p>\n<p data-start=\"405\" data-end=\"817\">El equipo dirigido por <strong data-start=\"428\" data-end=\"447\">Ra\u00fal Entrerr\u00edos<\/strong> llega reforzado tras dos victorias en sus amistosos en El Cairo frente a <strong data-start=\"521\" data-end=\"547\">Egipto (36\u201340 y 32\u201337)<\/strong>: un doble triunfo que confirma la solidez competitiva de un grupo renovado bajo las \u00f3rdenes del t\u00e9cnico asturiano y que afronta ahora su <strong data-start=\"685\" data-end=\"705\">primer test mundialista.<\/strong>\u00a0Espa\u00f1a queda encuadrada en el <strong data-start=\"757\" data-end=\"768\">Grupo B<\/strong> y ya conoce sus horarios en la ronda preliminar.<\/p>\n<p data-start=\"819\" data-end=\"862\"><strong data-start=\"819\" data-end=\"862\">CALENDARIO \u2013 Ronda preliminar (Grupo B)<\/strong><\/p>\n<ul data-start=\"863\" data-end=\"1053\">\n<li data-start=\"863\" data-end=\"932\">\n<p data-start=\"865\" data-end=\"932\"><strong data-start=\"865\" data-end=\"901\">Viernes, 24 de octubre \u2013 11:30 h<\/strong> | <strong data-start=\"904\" data-end=\"930\">Espa\u00f1a \u2013 Corea del Sur<\/strong><\/p>\n<\/li>\n<li data-start=\"933\" data-end=\"994\">\n<p data-start=\"935\" data-end=\"994\"><strong data-start=\"935\" data-end=\"971\">Domingo, 26 de octubre \u2013 10:30 h<\/strong> | <strong data-start=\"974\" data-end=\"992\">Catar \u2013 Espa\u00f1a<\/strong><\/p>\n<\/li>\n<li data-start=\"995\" data-end=\"1053\">\n<p data-start=\"997\" data-end=\"1053\"><strong data-start=\"997\" data-end=\"1032\">Martes, 28 de octubre \u2013 12:35h<\/strong> | <strong data-start=\"1035\" data-end=\"1053\">Espa\u00f1a \u2013 T\u00fanez<\/strong><\/p>\n<\/li>\n<\/ul>\n<p data-start=\"1180\" data-end=\"1451\" data-is-last-node=\"\" data-is-only-node=\"\">Las <strong data-start=\"1184\" data-end=\"1204\">jornadas finales<\/strong> para los puestos clasificatorios se disputar\u00e1n el <strong data-start=\"1255\" data-end=\"1272\">30 de octubre<\/strong> y el <strong data-start=\"1278\" data-end=\"1296\">1 de noviembre<\/strong>, fecha esta \u00faltima en la que est\u00e1 prevista la <strong data-start=\"1343\" data-end=\"1367\">gran final (21:30 h)<\/strong>, objetivo al que aspiran los Hispanos Promesas tras una puesta a punto convincente.<\/p>\n<p><strong>RA\u00daL ENTRERR\u00cdOS: \u00abLLEGAMOS PREPARADOS Y CONFIADOS EN NUESTRO JUEGO\u00bb<br \/><\/strong>El seleccionador, <strong>Ra\u00fal Entrerr\u00edos<\/strong>, sobre el inicio del Campeonato del Mundo: \u00abLlegamos en buena disposici\u00f3n para competir. Estos d\u00edas en Manzanares nos han servido para seguir creciendo como grupo y afinar detalles. Los dos partidos en El Cairo han sido una buena referencia para corregir y reforzar aquello en lo que queremos basar nuestro juego. El grupo de diecis\u00e9is est\u00e1 unido y, tras completar las sesiones de hoy, las sensaciones son muy positivas. Abrimos ante Corea, un rival inc\u00f3modo: jugadores muy r\u00e1pidos, con gran capacidad de penetraci\u00f3n y un movimiento de bal\u00f3n alt\u00edsimo. Nos exigir\u00e1 estar activos desde el primer minuto, anticipar situaciones y mantener la concentraci\u00f3n. Conf\u00edo en nuestra preparaci\u00f3n y en la respuesta del equipo\u00ab.<\/p>\n<p data-start=\"743\" data-end=\"1023\">\u00abCatar y T\u00fanez presentan perfiles quiz\u00e1 m\u00e1s habituales para nosotros: laterales con lanzamiento exterior y defensas m\u00e1s planas, que pueden permitirnos desplegar nuestro juego. Aun as\u00ed, debemos estar preparados para todo y adaptarnos a cada partido con humildad y m\u00e1xima atenci\u00f3n. La clave pasa por centrarnos en lo nuestro: defender con pureza y contundencia, que la porter\u00eda nos siga aportando, y en ataque sostenernos en el juego colectivo y la riqueza individual al servicio del equipo. Eso es lo que nos hace competir de la mejor manera y es lo que hemos trabajado durante estos buenos d\u00edas de preparaci\u00f3n\u00ab, concluye.<\/p>\n<p>Fotograf\u00eda: <strong>Real Federaci\u00f3n Espa\u00f1ola de Balonmano<\/strong><\/p>\n","protected":false},"excerpt":{"rendered":"La primera edici\u00f3n del Campeonato del Mundo sub-17 comienza ma\u00f1ana, 24 de octubre, y se disputar\u00e1 hasta el&hellip;\n","protected":false},"author":2,"featured_media":197887,"comment_status":"","ping_status":"","sticky":false,"template":"","format":"standard","meta":{"footnotes":""},"categories":[278],"tags":[376,168,25,24,375,23,167],"class_list":{"0":"post-197886","1":"post","2":"type-post","3":"status-publish","4":"format-standard","5":"has-post-thumbnail","7":"category-balonmano","8":"tag-balonmano","9":"tag-deportes","10":"tag-es","11":"tag-espana","12":"tag-handball","13":"tag-spain","14":"tag-sports"},"share_on_mastodon":{"url":"https:\/\/pubeurope.com\/@es\/115428183704134508","error":""},"_links":{"self":[{"href":"https:\/\/www.europesays.com\/es\/wp-json\/wp\/v2\/posts\/197886","targetHints":{"allow":["GET"]}}],"collection":[{"href":"https:\/\/www.europesays.com\/es\/wp-json\/wp\/v2\/posts"}],"about":[{"href":"https:\/\/www.europesays.com\/es\/wp-json\/wp\/v2\/types\/post"}],"author":[{"embeddable":true,"href":"https:\/\/www.europesays.com\/es\/wp-json\/wp\/v2\/users\/2"}],"replies":[{"embeddable":true,"href":"https:\/\/www.europesays.com\/es\/wp-json\/wp\/v2\/comments?post=197886"}],"version-history":[{"count":0,"href":"https:\/\/www.europesays.com\/es\/wp-json\/wp\/v2\/posts\/197886\/revisions"}],"wp:featuredmedia":[{"embeddable":true,"href":"https:\/\/www.europesays.com\/es\/wp-json\/wp\/v2\/media\/197887"}],"wp:attachment":[{"href":"https:\/\/www.europesays.com\/es\/wp-json\/wp\/v2\/media?parent=197886"}],"wp:term":[{"taxonomy":"category","embeddable":true,"href":"https:\/\/www.europesays.com\/es\/wp-json\/wp\/v2\/categories?post=197886"},{"taxonomy":"post_tag","embeddable":true,"href":"https:\/\/www.europesays.com\/es\/wp-json\/wp\/v2\/tags?post=197886"}],"curies":[{"name":"wp","href":"https:\/\/api.w.org\/{rel}","templated":true}]}}