{"id":197888,"date":"2025-10-24T08:24:15","date_gmt":"2025-10-24T08:24:15","guid":{"rendered":"https:\/\/www.europesays.com\/es\/197888\/"},"modified":"2025-10-24T08:24:15","modified_gmt":"2025-10-24T08:24:15","slug":"mario-vilau-se-lleva-la-segunda-edicion-de-la-liga-nacional-de-novilladas","status":"publish","type":"post","link":"https:\/\/www.europesays.com\/es\/197888\/","title":{"rendered":"Mario Vilau se lleva la segunda edici\u00f3n de la Liga Nacional de Novilladas"},"content":{"rendered":"<p>En<strong> Sanl\u00facar de Barrameda <\/strong>(C\u00e1diz), el 19 de octubre se celebr\u00f3 la II Gran Final de la Liga Nacional de Novilladas, organizada por la Fundaci\u00f3n del Toro de Lidia y transmitida por varias cadenas televisivas auton\u00f3micas. Con tres cuartos de entrada y bajo la presidencia de Luis S\u00e1nchez, se interpret\u00f3 el Himno Nacional antes de dar suelta a cinco novillos de <strong>Fuente Ymbro<\/strong>, bien presentados y de buen juego en general; al cuarto (Guard\u00e9s) se le dio en el arrastre la vuelta al ruedo.<\/p>\n<p><strong>Tom\u00e1s Bastos<\/strong>\u00a0(de Extremadura) veronique\u00f3 con gusto e hizo una faena templada y decidida, ante un animal que exig\u00eda firmeza. Destac\u00f3 por la derecha y cerr\u00f3 con bernadinas, en una de las cuales result\u00f3 prendido sin consecuencias. Dej\u00f3 estocada entera y cort\u00f3 dos orejas. <strong>\u00c1lvaro Serrano<\/strong>\u00a0(de Madrid) recibi\u00f3 con larga cambiada de rodillas y de rodillas inici\u00f3 la faena, donde mostr\u00f3 oficio ante un novillo complicado que busc\u00f3 tablas. Logr\u00f3 momentos de m\u00e9rito especialmente con la derecha, pese a que la espada (mat\u00f3 al tercer intento) le rest\u00f3 premio. Sac\u00f3 oreja tras aviso.<\/p>\n<p><img loading=\"lazy\" decoding=\"async\" width=\"1200\" height=\"675\" alt=\"El ganador I Morales\" src=\"https:\/\/www.europesays.com\/es\/wp-content\/uploads\/2025\/10\/2025102409585930284.jpg\" class=\"lazyload\" \/><br \/>\nEl ganador I Morales<\/p>\n<p><strong>Carlos Tirado<\/strong>\u00a0(de Andaluc\u00eda) se enfrent\u00f3 a un novillo deslucido ya de salida. Inici\u00f3 faena de rodillas y lo intent\u00f3 someter sin gran lucimiento. Opt\u00f3 por no alargar la faena. Lo despach\u00f3 con tres pinchazos y tuvo ovaci\u00f3n tras aviso. <strong>Mario Vilau<\/strong>\u00a0(de Comunidad Valenciana) salud\u00f3 a porta gayola y capote\u00f3 de rodillas. De rodillas comenz\u00f3 la faena, que cuaj\u00f3 por ambos pitones con suavidad, mano baja, temple y profundidad. No faltaron detalles personales y acab\u00f3 con bernadinas ajustadas. Parte del p\u00fablico pidi\u00f3 el indulto del novillo. Tras pinchazo y estocada cort\u00f3 dos orejas y rabo.<\/p>\n<p><strong>Ruiz de Velasco<\/strong>\u00a0(de Castilla y Le\u00f3n) inici\u00f3 saludo con farol de rodillas. La faena tambi\u00e9n la empez\u00f3 de rodillas; tras un desarme volvi\u00f3 con firmeza y traz\u00f3 una faena de creciente intensidad<strong>,<\/strong>\u00a0destacando al natural y rematando con expresi\u00f3n y temple. Mat\u00f3 al tercer intento y sac\u00f3 oreja tras aviso. Destacaron las lidias de Juan Carlos de Alba, <strong>Eloy Hilario<\/strong> y Juan M\u00e1rquez. Se declar\u00f3 triunfador de la Liga Nacional de Novilladas a <strong>Mario Vilau<\/strong>, que recibi\u00f3 el trofeo de manos de Antonio Sanz, consejero de Presidencia, y de Victorino Mart\u00edn, presidente de la Fundaci\u00f3n Toro de Lidia.<\/p>\n<p>Roca Rey gana el Le\u00f3n de Oro 2025\u00a0de \u201cRomancos al Campo\u201d<\/p>\n<p>La Asociaci\u00f3n Cultural Taurina \u201cRomancos al Campo\u201d ha hecho p\u00fablico el resultado del <strong>Le\u00f3n de Oro\u201d 2025<\/strong>, galard\u00f3n que distingue al matador m\u00e1s completo y regular de la temporada taurina\u00a0en Espa\u00f1a. El triunfador ha sido <strong>Andr\u00e9s Roca Rey<\/strong>, reafirmando su posici\u00f3n como m\u00e1xima figura del toreo actual. Es la cuarta vez que Roca Rey obtiene este prestigioso reconocimiento.<\/p>\n<p>La clasificaci\u00f3n se hace sobre las puntuaciones obtenidas por los matadores m\u00e1s destacados en las <strong>siete ferias puntuables<\/strong>: Valencia, Sevilla, Madrid, Pamplona, M\u00e1laga, Bilbao y Zaragoza. Veamos la lista de los puntuados. Andr\u00e9s Roca Rey, 17 puntos; Borja Jim\u00e9nez, 14,5 puntos; Daniel Luque,<br \/>12,5 puntos; Alejandro Talavante, 11 puntos; Fernando Adri\u00e1n, 8 puntos; Emilio de Justo, 7,5 puntos; Morante de la Puebla, 6,5 puntos; Manuel Escribano 6,5 puntos.<\/p>\n<p><img loading=\"lazy\" decoding=\"async\" width=\"1116\" height=\"628\" alt=\"Roca Rey I E. M\u00e9ndez\" src=\"https:\/\/www.europesays.com\/es\/wp-content\/uploads\/2025\/10\/2025102409585941681.jpg\" class=\"lazyload\" \/><br \/>\nRoca Rey I E. M\u00e9ndez<\/p>\n<p>El Le\u00f3n de Oro, <strong>instituido en el a\u00f1o 2012<\/strong> bajo el nombre de \u201cGrand Slam Taurino\u201d, tuvo como primer ganador al recordado torero vasco Iv\u00e1n Fandi\u00f1o. En 2017, el trofeo pas\u00f3 a denominarse \u201cLe\u00f3n de Oro\u201d en homenaje al propio Fandi\u00f1o, padrino y gran amigo de la asociaci\u00f3n, cuya memoria contin\u00faa siendo fuente de inspiraci\u00f3n para el mundo del toro y para esta entidad cultural.<\/p>\n<p>El Fandi, triunfador de la Feria de Ja\u00e9n<\/p>\n<p>Concluida la Feria de San Lucas 2025 de Ja\u00e9n, el jurado ha dado a conocer los premios a lo m\u00e1s destacado del ciclo. <strong>David Fandila El Fandi<\/strong> ha sido proclamado triunfador absoluto tras cortar tres orejas y un rabo en la primera corrida, celebrada el 12 de octubre.<\/p>\n<p>El reconocimiento a la mejor faena ha sido para\u00a0<strong>Manuel Jes\u00fas \u2018El Cid\u2019\u00a0<\/strong>por la labor realizada al toro Mercenario, de la ganader\u00eda de\u00a0<strong>Victorino Mart\u00edn<\/strong>, distinguido adem\u00e1s como el mejor toro del ciclo. En el apartado de cuadrillas,\u00a0<strong>Juan Carlos Garc\u00eda<\/strong>, de la cuadrilla de Curro D\u00edaz, ha sido nombrado mejor banderillero, mientras que\u00a0<strong>Manuel Jes\u00fas Ruiz \u2018Espartaco\u2019<\/strong>, integrante de la cuadrilla de <a href=\"https:\/\/www.elmira.es\/articulo\/tauromaquia\/cid-funcionar-espada-tienes-que-ser-muy-buen-torero\/20250725094303520266.html\" rel=\"nofollow noopener\" target=\"_blank\">El Cid<\/a>, ha recibido el premio al mejor picador.<\/p>\n<p><img loading=\"lazy\" decoding=\"async\" width=\"1188\" height=\"668\" alt=\"El Fandi\" src=\"https:\/\/www.europesays.com\/es\/wp-content\/uploads\/2025\/10\/2025102409590020191.jpg\" class=\"lazyload\" \/><br \/>\nEl Fandi<\/p>\n<p>Triunfadores del suroeste franc\u00e9s<\/p>\n<p>El 19 de octubre se ha reunido en Saint-Sever la secci\u00f3n del Suroeste de la\u00a0<strong>Asociaci\u00f3n de Cr\u00edticos Taurinos de Francia (ACTF)<\/strong> y ha fallado los premios de la temporada 2025.<strong> El matador triunfador es<\/strong>\u00a0Daniel Luque; el <strong>novillero triunfador,<\/strong>\u00a0<a href=\"https:\/\/www.elmira.es\/articulo\/tauromaquia\/aaron-palacio-gana-zapato-oro\/20241007093527479003.html\" rel=\"nofollow noopener\" target=\"_blank\">Aar\u00f3n Palacio<\/a> y el n<strong>ovillero sin picadores triunfador,<\/strong>\u00a0Clovis Germain. El <strong>Premio \u201cT\u00edo Pepe\u201d al mejor encierro es para <\/strong>El Freixo, lidiado en Dax el 16 de agosto. El p<strong>remio al mejor encierro de erales es para <\/strong>Le Lartet\u00a0y\u00a0La Rosa\u00a0(ex aequo).<\/p>\n<p>El jurado tambi\u00e9n ha querido otorgar distinciones especiales <strong>\u201cCoup de c\u0153ur\u201d <\/strong>a personas e iniciativas que marcaron la temporada por su originalidad, valor art\u00edstico o impacto en la afici\u00f3n: a\u00a0<strong>la empresa de Bayona<\/strong>, por la organizaci\u00f3n de la\u00a0Corrida de la Oportunidad\u00a0del 30 de agosto, al<strong>\u00a0picador Gabin R\u00e9habi<\/strong>, por su tercio de varas al toro\u00a0Yeg\u00fcezo, de la ganader\u00eda de Dolores Aguirre, en Orthez; a\u00a0<strong>la comisi\u00f3n taurina de Orthez<\/strong>, por la corrida desaf\u00edo del 27 de julio; a\u00a0<strong>Richard Milian<\/strong>, matador y director de la\u00a0<strong>Escuela Taurina \u00abAdour Afici\u00f3n\u00bb<\/strong>, por su labor de formaci\u00f3n y promoci\u00f3n de nuevos valores.<\/p>\n<p><img loading=\"lazy\" decoding=\"async\" width=\"1139\" height=\"641\" alt=\"Daniel Luque\" src=\"https:\/\/www.europesays.com\/es\/wp-content\/uploads\/2025\/10\/2025102409590048217.jpg\" class=\"lazyload\" \/><br \/>\nDaniel Luque<\/p>\n<p>Pliego de condiciones en M\u00e1laga<\/p>\n<p>La <strong>Diputaci\u00f3n de M\u00e1laga<\/strong> ha aprobar el pliego de condiciones\u00a0para la plaza de toros <strong>La Malagueta<\/strong>. Se mantendr\u00e1 el\u00a0<strong>canon cero<\/strong>, pero la revoluci\u00f3n llega con la\u00a0<strong>liberaci\u00f3n del precio de las entradas sueltas<\/strong>, siguiendo el ejemplo de plazas como \u00abLas Ventas\u00bb. El pliego exige un m\u00ednimo de\u00a0<strong>ocho festejos<\/strong> mayores por temporada, incluyendo la tradicional Corrida Picassiana\u00a0en S\u00e1bado Santo\u00a0y una intensa feria de agosto con cinco corridas a pie, una de rejones y una novillada con picadores.<\/p>\n<p>La programaci\u00f3n ser\u00e1 supervisada por una\u00a0Comisi\u00f3n de Expertos, formada por perfiles diversos: desde el presidente de la Diputaci\u00f3n hasta un representante de la prensa, pasando por colectivos taurinos y figuras de prestigio del sector. Otro eje ser\u00e1\u00a0la apuesta por la accesibilidad: se podr\u00e1n ofrecer hasta\u00a0<strong>300 abonos bonificados<\/strong> para j\u00f3venes, jubilados y desempleados, con descuentos que pueden alcanzar el 80%. Esta medida es un intento por\u00a0garantizar relevo generacional y compromiso social.<\/p>\n<p>Se puntuar\u00e1 positivamente el <strong>porcentaje de descuento en los abonos<\/strong> generales, con un m\u00ednimo exigido del 20%; es una forma de blindar a los fieles frente al alza de precios sin frenar el crecimiento de abonados. Se valorar\u00e1n aspectos como\u00a0el plan de comunicaci\u00f3n, el aniversario del coso y la mejora de la Corrida Picassiana. Para\u00a0<strong>la Escuela Taurina<\/strong> se incrementan los medios: se pasa de 20 a 25 erales y de 40 a 60 vacas; as\u00ed se refuerza su papel como cantera no solo provincial, sino tambi\u00e9n nacional e internacional.<\/p>\n","protected":false},"excerpt":{"rendered":"En Sanl\u00facar de Barrameda (C\u00e1diz), el 19 de octubre se celebr\u00f3 la II Gran Final de la Liga&hellip;\n","protected":false},"author":2,"featured_media":197889,"comment_status":"","ping_status":"","sticky":false,"template":"","format":"standard","meta":{"footnotes":""},"categories":[277],"tags":[373,168,25,24,23,167,374,444],"class_list":{"0":"post-197888","1":"post","2":"type-post","3":"status-publish","4":"format-standard","5":"has-post-thumbnail","7":"category-toreo","8":"tag-bullfighting","9":"tag-deportes","10":"tag-es","11":"tag-espana","12":"tag-spain","13":"tag-sports","14":"tag-toreo","15":"tag-toros"},"share_on_mastodon":{"url":"https:\/\/pubeurope.com\/@es\/115428187697555485","error":""},"_links":{"self":[{"href":"https:\/\/www.europesays.com\/es\/wp-json\/wp\/v2\/posts\/197888","targetHints":{"allow":["GET"]}}],"collection":[{"href":"https:\/\/www.europesays.com\/es\/wp-json\/wp\/v2\/posts"}],"about":[{"href":"https:\/\/www.europesays.com\/es\/wp-json\/wp\/v2\/types\/post"}],"author":[{"embeddable":true,"href":"https:\/\/www.europesays.com\/es\/wp-json\/wp\/v2\/users\/2"}],"replies":[{"embeddable":true,"href":"https:\/\/www.europesays.com\/es\/wp-json\/wp\/v2\/comments?post=197888"}],"version-history":[{"count":0,"href":"https:\/\/www.europesays.com\/es\/wp-json\/wp\/v2\/posts\/197888\/revisions"}],"wp:featuredmedia":[{"embeddable":true,"href":"https:\/\/www.europesays.com\/es\/wp-json\/wp\/v2\/media\/197889"}],"wp:attachment":[{"href":"https:\/\/www.europesays.com\/es\/wp-json\/wp\/v2\/media?parent=197888"}],"wp:term":[{"taxonomy":"category","embeddable":true,"href":"https:\/\/www.europesays.com\/es\/wp-json\/wp\/v2\/categories?post=197888"},{"taxonomy":"post_tag","embeddable":true,"href":"https:\/\/www.europesays.com\/es\/wp-json\/wp\/v2\/tags?post=197888"}],"curies":[{"name":"wp","href":"https:\/\/api.w.org\/{rel}","templated":true}]}}