{"id":197921,"date":"2025-10-24T08:42:13","date_gmt":"2025-10-24T08:42:13","guid":{"rendered":"https:\/\/www.europesays.com\/es\/197921\/"},"modified":"2025-10-24T08:42:13","modified_gmt":"2025-10-24T08:42:13","slug":"la-industria-farmaceutica-acelera-en-sostenibilidad","status":"publish","type":"post","link":"https:\/\/www.europesays.com\/es\/197921\/","title":{"rendered":"La industria farmac\u00e9utica acelera en sostenibilidad"},"content":{"rendered":"<p><img fetchpriority=\"high\" decoding=\"async\" aria-describedby=\"caption-attachment-23019\" class=\"size-full wp-image-23019\" src=\"https:\/\/www.europesays.com\/es\/wp-content\/uploads\/2025\/10\/Informe-ESG_Farmaindustria-web.jpg\" alt=\"\" width=\"800\" height=\"480\"  \/><\/p>\n<p id=\"caption-attachment-23019\" class=\"wp-caption-text\">Fina Llad\u00f3s, Ana Bosch y Juan Yermo, de Farmaindustria, acompa\u00f1an a H\u00e9ctos Tejero, del Ministerio de Sanidad, en la presentaci\u00f3n del segundo informe sobre sostenibilidad de la industria farmac\u00e9utica. | Fotos: Luis Camacho<\/p>\n<p>Los criterios ambientales, sociales y de buen gobierno (ESG) se han consolidado como referencia internacional para medir c\u00f3mo una empresa genera valor a largo plazo m\u00e1s all\u00e1 de sus resultados financieros. En la industria farmac\u00e9utica, su relevancia es doble: por el impacto ambiental de sus operaciones y por su papel esencial en la salud p\u00fablica, la innovaci\u00f3n y la confianza social.<\/p>\n<p>Adem\u00e1s, el sector farmac\u00e9utico vive un momento trascendental. A su tradicional marco regulatorio sobre calidad, seguridad y eficacia de los medicamentos se suman nuevas obligaciones en materia de sostenibilidad. Normativas europeas como la Directiva de diligencia debida en materia de sostenibilidad (Csddd) y la Directiva sobre informaci\u00f3n corporativa en materia de sostenibilidad (CSRD) obligan a las compa\u00f1\u00edas a identificar y mitigar impactos ambientales y sociales en toda su cadena de valor, adem\u00e1s de comunicar sus avances con transparencia y bajo est\u00e1ndares estrictos.<\/p>\n<p>En este contexto, las compa\u00f1\u00edas farmac\u00e9uticas asentadas en Espa\u00f1a est\u00e1n innovando de manera m\u00e1s eficiente, reduciendo la huella ambiental de la producci\u00f3n, reforzando la transparencia y fomentando relaciones m\u00e1s s\u00f3lidas y equitativas con pacientes, profesionales sanitarios, administraciones p\u00fablicas y el conjunto de la sociedad. As\u00ed lo refleja el informe <a href=\"https:\/\/www.farmaindustria.es\/web\/wp-content\/uploads\/sites\/2\/2025\/10\/Informe-ESG-2025_final.pdf\" rel=\"nofollow noopener\" target=\"_blank\">Sostenibilidad en cifras: impacto social y ambiental de la industria farmac\u00e9utica 2025<\/a>, que se present\u00f3 ayer en Madrid, en un acto clausurado por H\u00e9ctor Tejero, director del Observatorio de Salud y Cambio Clim\u00e1tico del Ministerio de Sanidad, y Juan Yermo, director general de Farmaindustria.<\/p>\n<p>\u201cLa sostenibilidad ya no es una promesa de futuro, sino una realidad tangible en nuestro sector. Este segundo informe de sostenibilidad lo pone de manifiesto con datos y hechos. La industria farmac\u00e9utica en Espa\u00f1a ha dado un paso firme para integrar los criterios ESG en su manera de trabajar. Y los resultados son muy alentadores\u201d, asever\u00f3 Yermo.<\/p>\n<p>Este informe recoge los resultados de la primera encuesta sobre el desempe\u00f1o medioambiental de las compa\u00f1\u00edas farmac\u00e9uticas asentadas en Espa\u00f1a, que ha realizado Farmaindustria y que ha contado con las respuestas de 55 laboratorios que representan el 60% del mercado en nuestro pa\u00eds. Entre las conclusiones de esta encuesta \u2014que present\u00f3 la directora del Departamento Jur\u00eddico y coordinadora del \u00e1rea de ESG en Farmaindustria, Ana Bosch\u2014, destacan que el 82% de las compa\u00f1\u00edas cuentan con estrategias de econom\u00eda circular; el 62% calculan, directa o indirectamente, su huella de carbono; que el 57% tienen objetivos de reducci\u00f3n de emisiones basados en la ciencia, y que m\u00e1s del 50% emplean materiales reciclables o certificados FSC (gesti\u00f3n forestal).<\/p>\n<p>\u201cEsta encuesta ofrece una visi\u00f3n detallada del grado de madurez ambiental del sector. Los resultados permiten identificar los avances alcanzados en \u00e1reas como la descarbonizaci\u00f3n, la econom\u00eda circular o la gesti\u00f3n del agua, y los desaf\u00edos que a\u00fan persisten para consolidar una transici\u00f3n ecol\u00f3gica efectiva y duradera\u201d, explic\u00f3 Bosch. Entre los distintos \u00e1mbitos evaluados, la econom\u00eda circular se perfila como uno de los terrenos donde el compromiso empresarial resulta m\u00e1s evidente.<\/p>\n<p>\u201cLos principales retos del futuro inmediato son la reducci\u00f3n de emisiones de alcance 3, el avance en econom\u00eda circular y qu\u00edmica verde, la gesti\u00f3n eficiente de agua y residuos y la asequibilidad de los tratamientos. Todo ello en un contexto donde las compa\u00f1\u00edas deben continuar su labor en I+D, responder a crisis sanitarias globales y mantener la competitividad en un mercado internacional cada vez m\u00e1s exigente. Estos desaf\u00edos representan tambi\u00e9n una oportunidad para liderar la transici\u00f3n hacia un modelo m\u00e1s sostenible, aprovechando la digitalizaci\u00f3n, la inteligencia artificial y las colaboraciones sectoriales que refuerzan su resiliencia y su capacidad para generar confianza\u201d, complet\u00f3 el director general de Farmaindustria.<\/p>\n<p><strong>El compromiso social de la industria farmac\u00e9utica<\/strong><\/p>\n<p>La otra gran novedad de este segundo informe sectorial \u2014<a href=\"https:\/\/www.farmaindustria.es\/web\/prensa\/notas-de-prensa\/2024\/10\/21\/farmaindustria-presenta-el-primer-informe-sectorial-sobre-sostenibilidad-impacto-social-y-medioambiental-de-la-industria-farmaceutica-en-espana\/\" rel=\"nofollow noopener\" target=\"_blank\">el primero se present\u00f3 hace ahora un a\u00f1o<\/a>\u2014 es la inclusi\u00f3n de los resultados del estudio sobre compromiso social de las compa\u00f1\u00edas farmac\u00e9uticas en Espa\u00f1a, realizado por la Fundaci\u00f3n SERES y McKinsey. Como record\u00f3 \u00c1lvaro Carpintero, codirector de Operaciones de Life Sciences en Europa de McKinsey &amp; Company, \u201cla misi\u00f3n principal de esta industria es mejorar la vida de las personas a trav\u00e9s de la innovaci\u00f3n biofarmac\u00e9utica, pero su contribuci\u00f3n va mucho m\u00e1s all\u00e1 del \u00e1mbito sanitario\u201d.<\/p>\n<p>En Espa\u00f1a, las compa\u00f1\u00edas farmac\u00e9uticas sustentan m\u00e1s de 270.000 empleos \u2014de los cuales m\u00e1s de 56.000 son directos\u2014, lo que refleja su papel como uno de los sectores con mayor capacidad de generaci\u00f3n de empleo cualificado y estable. Tambi\u00e9n destacan por su compromiso con la igualdad: el 56% de la plantilla son mujeres, que ocupan m\u00e1s del 45% de los puestos directivos. La conciliaci\u00f3n laboral y la corresponsabilidad tambi\u00e9n son \u00e1reas en las que el sector es un referente, a lo que se suma que se posiciona como l\u00edder nacional en estabilidad y cualificaci\u00f3n laboral, gracias a su apuesta por la formaci\u00f3n continua, la diversidad generacional y la<\/p>\n<p>atracci\u00f3n de talento cient\u00edfico y t\u00e9cnico. De hecho, la industria farmac\u00e9utica es pionera en implementar pol\u00edticas de empleo de calidad y ofrecer oportunidades laborales estables, cualificadas y con salarios dignos, como recoge el informe.<\/p>\n<p>En su apoyo al ecosistema investigador espa\u00f1ol, el sector va a cerrar 2025 con una inversi\u00f3n superior a 1.500 millones de euros. Esta inversi\u00f3n no solo impulsa la innovaci\u00f3n, sino que ampl\u00eda el acceso a ensayos cl\u00ednicos y tratamientos pioneros en Espa\u00f1a. Solo en 2024 se autorizaron m\u00e1s de 930 ensayos cl\u00ednicos y m\u00e1s de 170.000 pacientes participaron en alg\u00fan estudio en marcha, un dato que refleja la magnitud del impacto cient\u00edfico y social de la industria.<\/p>\n<p>La innovaci\u00f3n del sector tiene tambi\u00e9n una dimensi\u00f3n territorial. Con m\u00e1s de 180 centros productivos distribuidos por todo el pa\u00eds, la industria farmac\u00e9utica refuerza su compromiso con el desarrollo econ\u00f3mico local y contribuye a la cohesi\u00f3n y equilibrio regional, con presencia en trece de las 17 comunidades aut\u00f3nomas.<\/p>\n<p>Seg\u00fan Fernando Ruiz, presidente de la Fundaci\u00f3n SERES, \u201clos pr\u00f3ximos a\u00f1os ser\u00e1n extremadamente relevantes, para gestionar empresas bajo estrategias que ponen el foco en los factores ESG, sobre todo, si hablamos de impacto social. Medirlo y comunicarlo ser\u00e1 fundamental. Para continuar aportando valor a las empresas SERES, hemos creado el Mapa SERES de Huella Social, una metodolog\u00eda de medici\u00f3n del impacto social que permite cuantificar el impacto de la actividad econ\u00f3mica de una empresa en sus clientes, en sus empleados, sus proveedores y las comunidades en las que opera, facilitando la comparabilidad con visi\u00f3n sectorial. Un proyecto en el que estamos involucrando a la industria farmac\u00e9utica, uno de los m\u00e1s importantes en la econom\u00eda espa\u00f1ola. Miramos al futuro con la certeza de que el valor social seguir\u00e1 siendo la clave para alcanzar la excelencia empresarial\u201d.<\/p>\n<p>Finalmente, en materia de buen gobierno, el informe subraya que la gobernanza en la industria farmac\u00e9utica se ha fortalecido con nuevas iniciativas adaptadas a los retos actuales, como el <a href=\"https:\/\/codigoprotecciondatos.farmaindustria.org\/sites\/codConductaPDECFV\/index.html\" rel=\"nofollow noopener\" target=\"_blank\">C\u00f3digo de Conducta regulador del tratamiento de datos personales en ensayos cl\u00ednicos y farmacovigilancia<\/a>, aprobado en 2022 por la Agencia Espa\u00f1ola de Protecci\u00f3n de Datos (AEPD), que convirti\u00f3 al sector en el primero de Europa con un c\u00f3digo sectorial aprobado bajo el Reglamento General de Protecci\u00f3n de Datos (RGPD). Este C\u00f3digo ya cuenta con 30 entidades adheridas, en su mayor\u00eda compa\u00f1\u00edas farmac\u00e9uticas que representan m\u00e1s del 80% de los ensayos cl\u00ednicos que se desarrollan en Espa\u00f1a.<\/p>\n<p>Por otra parte, las alianzas estrat\u00e9gicas con entidades sociales y medioambientales, como la Fundaci\u00f3n \u201dla Caixa\u201d, el Grupo Social ONCE o SIGRE, refuerzan la conexi\u00f3n del sector con la sociedad y consolidan un modelo de buen gobierno responsable basado en la corresponsabilidad y el valor compartido. Estas colaboraciones fortalecen la legitimidad, la transparencia y la confianza p\u00fablica, pilares esenciales para una industria farmac\u00e9utica comprometida con el valor social y la sostenibilidad.<\/p>\n<p>\u201cLa industria farmac\u00e9utica innovadora ha demostrado que una gobernanza s\u00f3lida, basada en la autorregulaci\u00f3n, la \u00e9tica y las alianzas estrat\u00e9gicas, es la base para mantener la legitimidad y la confianza social. El reto ahora es consolidar este liderazgo \u00e9tico en un entorno cada vez m\u00e1s exigente, donde la sostenibilidad, la transparencia y la rendici\u00f3n de cuentas se convierten en los ejes que definir\u00e1n el futuro del sector\u201d, record\u00f3 Bosch.<\/p>\n<p>En la jornada de presentaci\u00f3n del informe tambi\u00e9n participaron Guillermo de Juan, vicepresidente y director de Relaciones Institucionales y Comunicaci\u00f3n de GSK; Teresa Mill\u00e1n, directora de Asuntos Corporativos de Lilly Espa\u00f1a, y Tom\u00e1s Olleros, presidente del Grupo Farmasierra, que pudieron explicar, con ejemplos reales, c\u00f3mo se materializan las conclusiones alcanzadas en el documento, as\u00ed como los principales desaf\u00edos a los que se enfrentan.<\/p>\n<p><img loading=\"lazy\" decoding=\"async\" aria-describedby=\"caption-attachment-23020\" class=\"size-full wp-image-23020\" src=\"https:\/\/www.europesays.com\/es\/wp-content\/uploads\/2025\/10\/Informe-ESG-Farmaindustria-web2.jpg\" alt=\"\" width=\"835\" height=\"480\"  \/><\/p>\n<p id=\"caption-attachment-23020\" class=\"wp-caption-text\">Fernando Ruiz (Fundaci\u00f3n SERES), Guillermo de Juan (GSK), Teresa Mill\u00e1n (Lilly) y Tom\u00e1s Olleros (Farmasierrra).<\/p>\n","protected":false},"excerpt":{"rendered":"Fina Llad\u00f3s, Ana Bosch y Juan Yermo, de Farmaindustria, acompa\u00f1an a H\u00e9ctos Tejero, del Ministerio de Sanidad, en&hellip;\n","protected":false},"author":2,"featured_media":197922,"comment_status":"","ping_status":"","sticky":false,"template":"","format":"standard","meta":{"footnotes":""},"categories":[80],"tags":[82,95,94,25,24,23],"class_list":{"0":"post-197921","1":"post","2":"type-post","3":"status-publish","4":"format-standard","5":"has-post-thumbnail","7":"category-economia","8":"tag-business","9":"tag-economia","10":"tag-economy","11":"tag-es","12":"tag-espana","13":"tag-spain"},"share_on_mastodon":{"url":"https:\/\/pubeurope.com\/@es\/115428258445057359","error":""},"_links":{"self":[{"href":"https:\/\/www.europesays.com\/es\/wp-json\/wp\/v2\/posts\/197921","targetHints":{"allow":["GET"]}}],"collection":[{"href":"https:\/\/www.europesays.com\/es\/wp-json\/wp\/v2\/posts"}],"about":[{"href":"https:\/\/www.europesays.com\/es\/wp-json\/wp\/v2\/types\/post"}],"author":[{"embeddable":true,"href":"https:\/\/www.europesays.com\/es\/wp-json\/wp\/v2\/users\/2"}],"replies":[{"embeddable":true,"href":"https:\/\/www.europesays.com\/es\/wp-json\/wp\/v2\/comments?post=197921"}],"version-history":[{"count":0,"href":"https:\/\/www.europesays.com\/es\/wp-json\/wp\/v2\/posts\/197921\/revisions"}],"wp:featuredmedia":[{"embeddable":true,"href":"https:\/\/www.europesays.com\/es\/wp-json\/wp\/v2\/media\/197922"}],"wp:attachment":[{"href":"https:\/\/www.europesays.com\/es\/wp-json\/wp\/v2\/media?parent=197921"}],"wp:term":[{"taxonomy":"category","embeddable":true,"href":"https:\/\/www.europesays.com\/es\/wp-json\/wp\/v2\/categories?post=197921"},{"taxonomy":"post_tag","embeddable":true,"href":"https:\/\/www.europesays.com\/es\/wp-json\/wp\/v2\/tags?post=197921"}],"curies":[{"name":"wp","href":"https:\/\/api.w.org\/{rel}","templated":true}]}}