{"id":197931,"date":"2025-10-24T08:47:33","date_gmt":"2025-10-24T08:47:33","guid":{"rendered":"https:\/\/www.europesays.com\/es\/197931\/"},"modified":"2025-10-24T08:47:33","modified_gmt":"2025-10-24T08:47:33","slug":"el-fandi-25-anos-de-alternativa","status":"publish","type":"post","link":"https:\/\/www.europesays.com\/es\/197931\/","title":{"rendered":"El Fandi: 25 a\u00f1os de Alternativa"},"content":{"rendered":"<p>            <a href=\"https:\/\/www.europesays.com\/es\/wp-content\/uploads\/2025\/10\/FANDI-A-HOMBROS.jpg\" data-caption=\"\"><img loading=\"lazy\" decoding=\"async\" width=\"629\" height=\"707\" class=\"entry-thumb td-modal-image\" src=\"https:\/\/www.europesays.com\/es\/wp-content\/uploads\/2025\/10\/FANDI-A-HOMBROS.jpg\"   alt=\"\" title=\"FANDI A HOMBROS\"\/><\/a><\/p>\n<p><strong>V\u00edc<\/strong><strong>tor Ram\u00edrez \u201cVitico\u201d<\/strong><\/p>\n<p>David Fandila \u201cEl Fandi\u201d lleg\u00f3 esta temporada a los 25 a\u00f1os de alternativa, todo un hito teniendo en cuenta su concepto de la lidia total y el gran n\u00famero de festejos que ha toreado en su ya muy dilatada carrera. <\/p>\n<p>Este a\u00f1o ha compaginado su presencia en plazas espa\u00f1olas y americanas en una campa\u00f1a con regularidad en el triunfo, si bien es cierto que con menos pase\u00edllos europeos que otros a\u00f1os y sin pasar por muchas de las grandes ferias el torero granadino se mantiene. \u201cEl Fandi\u201d bas\u00f3 su campa\u00f1a en plazas menores, con presencia puntual en algunas ferias como las de Castell\u00f3n, Sevilla, Madrid, Granada donde hizo doblete como es l\u00f3gico en a\u00f1o tan importante, Le\u00f3n, Burgos, Huesca, Valladolid y Ja\u00e9n. <\/p>\n<p>Abri\u00f3 su a\u00f1o en el festival de Recas cort\u00e1ndole el rabo a un novillo de Alejandro Talavante, paseando la oreja del toro \u201cCafetero\u201d de Ana Romero en Castell\u00f3n. Sali\u00f3 a hombros en Mor\u00f3n de la Frontera con tres orejas y rabo, un trofeo en El Casar de Talamanca y oreja en el festival de Roquetas de Mar. <\/p>\n<p>En su cita habitual con Granada en el festival ben\u00e9fico para Granadadown pase\u00f3 las dos orejas con petici\u00f3n de rabo del novillo \u201cEspl\u00e9ndido\u201d de Hermanos Garc\u00eda Jim\u00e9nez, tres orejas en San Clemente de astados de La Palmosilla para pasar con dignidad por Sevilla el 30 de abril saludando una ovaci\u00f3n tras lidiar a su segundo toro \u201cProfesor\u201d. <\/p>\n<p>Viaj\u00f3 a Per\u00fa para cumplir sus primeros contratos con doblete en Puqu\u00edo donde cort\u00f3 una oreja en su segunda actuaci\u00f3n de un toro de Campo Bravo. De nuevo en Espa\u00f1a cumpli\u00f3 con oficio, pero sin \u00e9xito con los toros del Conde de Mayalde en Madrid donde confirm\u00f3 la alternativa a Ismael Mart\u00edn. Su doble cita en su plaza de Granada fue muy emotiva con el reconocimiento de su p\u00fablico y alternantes. El 19 de junio lidi\u00f3 toros de \u00c1lvaro N\u00fa\u00f1ez cortando la oreja de \u201cVitorito\u201d y \u201cTabacalero\u201d y el 21 con los victorinos en la corrida lorquiana cort\u00f3 las dos orejas a su segundo \u201cBolsiquero\u201d. Curiosamente ambas tardes se neg\u00f3 a salir a hombros. <\/p>\n<p>En Le\u00f3n el d\u00eda 22 pase\u00f3 cuatro orejas viajando de nuevo a Per\u00fa para actuar en Santo Tom\u00e1s el 25 cortando dos ap\u00e9ndices y el trofeo al triunfador de la tarde, puerta grande en Chota el 26 con dos orejas de un toro de San Sim\u00f3n por tres trofeos el 28 en Cutervo.<\/p>\n<p>Casi sin descanso lleg\u00f3 el 30 a Burgos cortando la oreja de cada toro de Juan Pedro Domecq. Julio lo abri\u00f3 con tres orejas en Atarfe para regresar a Per\u00fa donde hizo doblete en Palcamayo, tres orejas el 29, indultando al d\u00eda siguiente al toro \u201cPalcamayino\u201d n\u00famero 66 de Apu Saywa cortando la oreja tras dos avisos del segundo de su lote al que se pidi\u00f3 el indulto. Fue el triunfador de la feria. <\/p>\n<p>En agosto empez\u00f3 la parte m\u00e1s intensa de su temporada, tres orejas y rabo en Berja, dos orejas en Iscar, una con petici\u00f3n de la segunda en Huesca, tres en Almendralejo, otras tres en Riaza para llegar a verle la cara a los Miuras en la magall\u00e1nica de Sanl\u00facar de Barrameda el d\u00eda 17. Cuatro orejas de los toros \u201cDomito\u201d y \u201cGalipo\u201d dando una gran tarde. El 23 en Tomelloso pase\u00f3 tres ap\u00e9ndices y se resinti\u00f3 de una lesi\u00f3n en la mano derecha al estoquear a su segundo.<\/p>\n<p>Cerr\u00f3 agosto saliendo a hombros en Arenas de San Pedro. Once corridas sum\u00f3 en septiembre con diez puertas grandes. Cuatro orejas y rabo en Utrera, otras cuatro orejas en Cortegana, cuatro y un rabo en Barcarrota, una en Santo\u00f1a, tres orejas y rabo en Navaluenga, cuatro trofeos en Bola\u00f1os de Calatrava, dos m\u00e1s en Utiel, saliendo a hombros en la feria de Valladolid el d\u00eda 14 con la oreja de \u201cEscalofr\u00edo\u201d y \u201cEmparrado\u201d de Antonio Ba\u00f1uelos. <\/p>\n<p>El 18 cort\u00f3 cuatro orejas y rabo en Cazorla, tres en Majadahonda el 20 y dos trofeos en Corella el 28. En Ja\u00e9n cerr\u00f3 su temporada cortando la oreja con petici\u00f3n de la segunda a \u201cCanalla\u201d y las dos orejas y el rabo de \u201cAparcero\u201d el primero de Juan Pedro Domecq y el segundo de Jandilla. <\/p>\n<p>El Fandi tore\u00f3 en Espa\u00f1a 31 corridas de toros, en las que cort\u00f2 78 orejas y 7 rabos, lidiando 64 toros con 23 salidas a hombros, sumando 7 corridas en Per\u00f9 con 14 orejas, indultando un toro y saliendo por la puerta grande en 5 tardes. <\/p>\n<p>El torero con el que m\u00e1s veces altern\u00f3 en Espa\u00f1a fue Manuel Escribano con el que sum\u00f3 quince corridas y un festival. Comparti\u00f3 actuaciones con 26 matadores de toros, 3 rejoneadores y 2 novilleros. De sus 31 corridas 10 fue en carteles de banderilleros, 6 con Antonio Ferrera y Manuel Escribano, 2 con Manuel Escribano e Ismael Martin, 1 con Antonio Ferrera e Ismael Martin y otra con Manuel Escribano y Jes\u00fas Enrique Colombo. <\/p>\n<p>Estoque\u00f3 toros de 26 ganader\u00edas distintas destacando una corrida de Victorino Martin y otra de Miura. As\u00ed fue a grandes rasgos la temporada de sus 25 a\u00f1os de alternativa de David Fandila \u201cEl Fandi\u201d que en 2026 arrancar\u00e1 con\u00a0 nuevas ilusiones.<\/p>\n<p><a href=\"#\"><img decoding=\"async\" src=\"https:\/\/www.lascosasdeltoro.com\/wp-content\/uploads\/2016\/10\/rec728.jpg\"\/><\/a>        <\/p>\n","protected":false},"excerpt":{"rendered":"V\u00edctor Ram\u00edrez \u201cVitico\u201d David Fandila \u201cEl Fandi\u201d lleg\u00f3 esta temporada a los 25 a\u00f1os de alternativa, todo un&hellip;\n","protected":false},"author":2,"featured_media":197932,"comment_status":"","ping_status":"","sticky":false,"template":"","format":"standard","meta":{"footnotes":""},"categories":[277],"tags":[373,168,25,24,23,167,374],"class_list":{"0":"post-197931","1":"post","2":"type-post","3":"status-publish","4":"format-standard","5":"has-post-thumbnail","7":"category-toreo","8":"tag-bullfighting","9":"tag-deportes","10":"tag-es","11":"tag-espana","12":"tag-spain","13":"tag-sports","14":"tag-toreo"},"share_on_mastodon":{"url":"https:\/\/pubeurope.com\/@es\/115428278546615725","error":""},"_links":{"self":[{"href":"https:\/\/www.europesays.com\/es\/wp-json\/wp\/v2\/posts\/197931","targetHints":{"allow":["GET"]}}],"collection":[{"href":"https:\/\/www.europesays.com\/es\/wp-json\/wp\/v2\/posts"}],"about":[{"href":"https:\/\/www.europesays.com\/es\/wp-json\/wp\/v2\/types\/post"}],"author":[{"embeddable":true,"href":"https:\/\/www.europesays.com\/es\/wp-json\/wp\/v2\/users\/2"}],"replies":[{"embeddable":true,"href":"https:\/\/www.europesays.com\/es\/wp-json\/wp\/v2\/comments?post=197931"}],"version-history":[{"count":0,"href":"https:\/\/www.europesays.com\/es\/wp-json\/wp\/v2\/posts\/197931\/revisions"}],"wp:featuredmedia":[{"embeddable":true,"href":"https:\/\/www.europesays.com\/es\/wp-json\/wp\/v2\/media\/197932"}],"wp:attachment":[{"href":"https:\/\/www.europesays.com\/es\/wp-json\/wp\/v2\/media?parent=197931"}],"wp:term":[{"taxonomy":"category","embeddable":true,"href":"https:\/\/www.europesays.com\/es\/wp-json\/wp\/v2\/categories?post=197931"},{"taxonomy":"post_tag","embeddable":true,"href":"https:\/\/www.europesays.com\/es\/wp-json\/wp\/v2\/tags?post=197931"}],"curies":[{"name":"wp","href":"https:\/\/api.w.org\/{rel}","templated":true}]}}