{"id":197951,"date":"2025-10-24T08:59:14","date_gmt":"2025-10-24T08:59:14","guid":{"rendered":"https:\/\/www.europesays.com\/es\/197951\/"},"modified":"2025-10-24T08:59:14","modified_gmt":"2025-10-24T08:59:14","slug":"avance-del-capitulo-60-de-una-nueva-vida-la-serie-turca-de-antena-3","status":"publish","type":"post","link":"https:\/\/www.europesays.com\/es\/197951\/","title":{"rendered":"Avance del cap\u00edtulo 60 de &#8216;Una nueva vida&#8217;, la serie turca de Antena 3"},"content":{"rendered":"<p data-journey-content=\"true\" data-node-id=\"4\" class=\"css-6wxqfj emevuu60\">Tras lo ocurrido en <a href=\"https:\/\/www.diezminutos.es\/telenovela\/turcas\/a68967128\/una-nueva-vida-capitulo-59-avance-serie-turca-antena-3\/\" target=\"_blank\" data-vars-ga-ux-element=\"Hyperlink\" data-node-id=\"4.1\" data-vars-ga-outbound-link=\"https:\/\/www.diezminutos.es\/telenovela\/turcas\/a68967128\/una-nueva-vida-capitulo-59-avance-serie-turca-antena-3\/\" data-vars-ga-call-to-action=\"el cap\u00edtulo 59 de &#039;Una nueva vida&#039;\" class=\"body-link css-177bzfx emevuu60\" rel=\"nofollow noopener\">el cap\u00edtulo 59 de &#8216;Una nueva vida&#8217;<\/a>, en los salones sombr\u00edos de la alta sociedad, Halis se re\u00fane con el enigm\u00e1tico conde Ziya, cuya promesa resuena como un juramento ancestral: proteger\u00e1 a Orhan en los oscuros pasillos de la prisi\u00f3n. Mientras tanto, en el hospital, Serter se presenta con el coraz\u00f3n en carne viva, deseando ver a Pelin. Pero Zerrin, firme como una muralla, le niega el paso. \u201cLos Korhan son culpables de la muerte de mi hijo, y pagar\u00e1n por ello\u201d, sentencia. Serter, con voz quebrada, implora: \u201cEstoy enamorado de Pelin. S\u00e9 que puedo hacerla feliz\u201d. Zerrin, movida por el dolor y la desesperanza, revela a su hija la tragedia: su peque\u00f1o ha muerto. Y con voz grave, le ofrece una salida: \u201cSerter cuidar\u00e1 de ti. No tienes otra opci\u00f3n\u201d.<\/p>\n<p><img draggable=\"true\" alt=\"una nueva vida seyran y ferit\" title=\"una nueva vida seyran y ferit\" loading=\"lazy\" width=\"1440\" height=\"885\" decoding=\"async\" data-nimg=\"1\" style=\"color:transparent;width:100%;height:auto;\"   src=\"https:\/\/www.europesays.com\/es\/wp-content\/uploads\/2025\/10\/vida-2-2-68f23d0698caa.jpg\" class=\"css-0 e1g79fud0\"\/><\/p>\n<p>Productora<\/p>\n<p>Seyran est\u00e1 entre la espada y la pared en \u2018Una nueva vida\u2019<\/p>\n<p data-journey-content=\"true\" data-node-id=\"9\" class=\"css-6wxqfj emevuu60\">Suna, atrapada en la telara\u00f1a de los presagios de una vidente, traiciona a Seyran. Revela a Kazim que su hija sigue encontr\u00e1ndose en secreto con Ferit. Pero Kazim, lejos de la violencia que anta\u00f1o lo defin\u00eda, le muestra a Seyran un rinc\u00f3n de luz: un taller de pintura en la mansi\u00f3n, creado solo para ella. El abrazo que se dan es m\u00e1s que afecto: es redenci\u00f3n. Sin embargo, la petici\u00f3n persiste: que olvide a Ferit y acepte a Akin, el sobrino de Okkes. \u201cFerit debe rendirse. Akin es la soluci\u00f3n\u201d, le dice, como quien ofrece un destino inevitable.<\/p>\n<p>Ferit y Seyran se ven a escondidas en \u2018Una nueva vida\u2019<img draggable=\"true\" alt=\"una nueva vida capitulo 50\" title=\"una nueva vida capitulo 50\" loading=\"lazy\" width=\"4096\" height=\"2305\" decoding=\"async\" data-nimg=\"1\" style=\"color:transparent;width:100%;height:auto;\"   src=\"https:\/\/www.europesays.com\/es\/wp-content\/uploads\/2025\/10\/vida-1-68f23cb48cbc2.jpg\" class=\"css-0 e1g79fud0\"\/><\/p>\n<p>Productora<\/p>\n<p data-journey-content=\"true\" data-node-id=\"13\" class=\"css-6wxqfj emevuu60\">Esta semana en &#8216;<a href=\"https:\/\/www.diezminutos.es\/una-nueva-vida-telenovela-turca\/\" target=\"_blank\" data-vars-ga-outbound-link=\"https:\/\/www.diezminutos.es\/una-nueva-vida-telenovela-turca\/\" data-vars-ga-ux-element=\"Hyperlink\" data-vars-ga-call-to-action=\"Una nueva vida\" data-node-id=\"13.1\" class=\"body-link css-177bzfx emevuu60\" rel=\"nofollow noopener\">Una nueva vida<\/a>&#8216;, Nevra llega a la mansi\u00f3n con noticias que cambian el curso de los d\u00edas: su familia aprueba el proyecto. Ferit tendr\u00e1 su propia marca, su templo de lujo en el centro comercial. Halis, con voz temblorosa, anuncia su retiro: \u201cEs hora de que lo deje todo en tus manos\u201d. Ferit, con los ojos brillantes, agradece a Nevra por abrirle las puertas del futuro. Pero el amor, como siempre, se esconde en las sombras. Ferit y Seyran se ven a escondidas, y \u00e9l le promete una vida de ensue\u00f1o. Ella, sin embargo, no puede aceptar. Okkes ha lanzado su amenaza: si no se casa con Akin, Orhan morir\u00e1 entre rejas. Y en el cl\u00edmax de la tragedia, Serter encuentra a Ferit y le apunta con una pistola, acus\u00e1ndolo de la muerte de su hijo. Akin interviene, detiene el desastre, pero Serter deja una \u00faltima palabra flotando en el aire: \u00abEsto no ha terminado\u00bb.<br data-node-id=\"13.3\"\/><\/p>\n<p><img src=\"https:\/\/www.europesays.com\/es\/wp-content\/uploads\/2025\/10\/1761296354_231_43af9b8f-983e-4e74-8e74-9a7479b0966b_1681831601.file\" alt=\"Headshot of Pilar Mart\u00ednez\" title=\"Headshot of Pilar Mart\u00ednez\" width=\"100%\" height=\"100%\" decoding=\"async\" loading=\"lazy\" class=\"css-o0wq4v ev8dhu53\"\/><\/p>\n<p>Pilar Mart\u00ednez es periodista especializada en contenidos de televisi\u00f3n y cultura, se gradu\u00f3 en la carrera en Periodismo en la Facultad de Ciencias de la Informaci\u00f3n (Universidad Complutense de Madrid) en el a\u00f1o 2018. Desde entonces ha pasado por las redacciones de Ecoteuve (El Economista), donde realiz\u00f3 sus primeras pr\u00e1cticas durante el verano del 2016.<\/p>\n<p>Posteriormente, concretamente, en el a\u00f1o 2017 se pas\u00f3 al grupo Hearst Espa\u00f1a, donde comenz\u00f3 su andadura en las revistas de televisi\u00f3n: Supertele, Teleprograma, Telenovela. Ahora colabora con Diez Minutos, en su versi\u00f3n web, donde se encarga de realizar los avances semanales de las ficciones diarias de moda, as\u00ed como entrevistas y art\u00edculos sobre los melodramas o telenovelas que aterrizan en nuestro pa\u00eds y aquellos que est\u00e1n por venir.<\/p>\n<p>Toda una cazadora de exclusivas. A esto, se suma su puesto como redactora jefe de la secci\u00f3n de novela narrativa en la revista Culturamas, medio digital de alto impacto al que lleva unida desde el a\u00f1o 2013. \u00c1vida lectora, cin\u00e9fila y seri\u00e9fila de primer nivel, ha hecho de su vocaci\u00f3n su oficio. \u00a0<\/p>\n","protected":false},"excerpt":{"rendered":"Tras lo ocurrido en el cap\u00edtulo 59 de &#8216;Una nueva vida&#8217;, en los salones sombr\u00edos de la alta&hellip;\n","protected":false},"author":2,"featured_media":197952,"comment_status":"","ping_status":"","sticky":false,"template":"","format":"standard","meta":{"footnotes":""},"categories":[171],"tags":[253,146,147,25,24,23,214],"class_list":{"0":"post-197951","1":"post","2":"type-post","3":"status-publish","4":"format-standard","5":"has-post-thumbnail","7":"category-tv","8":"tag-discover","9":"tag-entertainment","10":"tag-entretenimiento","11":"tag-es","12":"tag-espana","13":"tag-spain","14":"tag-tv"},"share_on_mastodon":{"url":"https:\/\/pubeurope.com\/@es\/115428325533868644","error":""},"_links":{"self":[{"href":"https:\/\/www.europesays.com\/es\/wp-json\/wp\/v2\/posts\/197951","targetHints":{"allow":["GET"]}}],"collection":[{"href":"https:\/\/www.europesays.com\/es\/wp-json\/wp\/v2\/posts"}],"about":[{"href":"https:\/\/www.europesays.com\/es\/wp-json\/wp\/v2\/types\/post"}],"author":[{"embeddable":true,"href":"https:\/\/www.europesays.com\/es\/wp-json\/wp\/v2\/users\/2"}],"replies":[{"embeddable":true,"href":"https:\/\/www.europesays.com\/es\/wp-json\/wp\/v2\/comments?post=197951"}],"version-history":[{"count":0,"href":"https:\/\/www.europesays.com\/es\/wp-json\/wp\/v2\/posts\/197951\/revisions"}],"wp:featuredmedia":[{"embeddable":true,"href":"https:\/\/www.europesays.com\/es\/wp-json\/wp\/v2\/media\/197952"}],"wp:attachment":[{"href":"https:\/\/www.europesays.com\/es\/wp-json\/wp\/v2\/media?parent=197951"}],"wp:term":[{"taxonomy":"category","embeddable":true,"href":"https:\/\/www.europesays.com\/es\/wp-json\/wp\/v2\/categories?post=197951"},{"taxonomy":"post_tag","embeddable":true,"href":"https:\/\/www.europesays.com\/es\/wp-json\/wp\/v2\/tags?post=197951"}],"curies":[{"name":"wp","href":"https:\/\/api.w.org\/{rel}","templated":true}]}}