{"id":197957,"date":"2025-10-24T09:02:11","date_gmt":"2025-10-24T09:02:11","guid":{"rendered":"https:\/\/www.europesays.com\/es\/197957\/"},"modified":"2025-10-24T09:02:11","modified_gmt":"2025-10-24T09:02:11","slug":"lamine-yamal-bromea-ante-ibai-llanos-y-compara-el-partido-que-les-enfrenta-en-la-kings-league-con-el-real-madrid-roban-se-quejan-futbol-deportes","status":"publish","type":"post","link":"https:\/\/www.europesays.com\/es\/197957\/","title":{"rendered":"Lamine Yamal bromea ante Ibai Llanos y compara el partido que les enfrenta en la Kings League con el Real Madrid: \u201cRoban, se quejan\u201d | F\u00fatbol | Deportes"},"content":{"rendered":"<p class=\"\"><a href=\"https:\/\/elpais.com\/deportes\/futbol\/2025-10-21\/hansi-flick-el-domingo-sera-otro-lamine-estara-al-cien-por-cien-para-el-clasico.html\" target=\"_self\" rel=\"nofollow noopener\" title=\"https:\/\/elpais.com\/deportes\/futbol\/2025-10-21\/hansi-flick-el-domingo-sera-otro-lamine-estara-al-cien-por-cien-para-el-clasico.html\">A tres d\u00edas del Cl\u00e1sico que enfrentar\u00e1 en el Santiago Bernab\u00e9u a Real Madrid y Barcelona<\/a>, el jugador azulgrana Lamine Yamal acudi\u00f3 al programa Chup Chup que dirige el streamer Ibai Llanos en Twitch para comentar la segunda jornada de la Kings League. Este viernes a las 21.00, los equipos de ambos, La Capital FC, del cul\u00e9 y del streamer argentino La Cobra, juegan contra el Porcinos FC, de Ibai y el creador de contenidos gallego Guanyar. En ese contexto, preguntan al extremo del Bar\u00e7a si cree que el Porcinos y el Madrid, sus dos rivales esta semana, tienen alguna similitud. Entonces, medio en broma medio en serio, responde afirmativamente: \u201cRoban, se quejan\u201d.<\/p>\n<p class=\"\">Lamine confirm\u00f3 que estar\u00e1 en el Cupra Arena, el recinto donde se disputa y desde donde se emite la Kings League, para tirar el penalti y marcar al Porcinos FC, como ya ha hecho anteriormente al Real Madrid hasta en tres ocasiones.<\/p>\n<p><img decoding=\"auto\" class=\"_re lazyload a_m-h\" height=\"277\"  width=\"414\"  src=\"https:\/\/www.europesays.com\/es\/wp-content\/uploads\/2025\/10\/SGS42KSKC5NDNKTUUMQ3PA6U2A.jpg\" loading=\"lazy\"\/>Lamine celebra un tanto marcado al Olympiacos en Champions esta semana.Alberto Estevez (EFE)<\/p>\n<p class=\"\">El Barcelona, con 22 puntos en LaLiga (7 victorias, 1 empate, 1 derrota) se enfrenta el domingo ante el Real Madrid en el estadio blanco, este con 24 puntos y l\u00edder del campeonato (8 victorias, 1 derrota) en busca del primer puesto de la tabla. <a href=\"https:\/\/elpais.com\/deportes\/futbol\/2025-05-13\/los-11-dias-de-agosto-que-anunciaron-la-caida-del-real-madrid.html\" target=\"_self\" rel=\"nofollow noopener\" title=\"https:\/\/elpais.com\/deportes\/futbol\/2025-05-13\/los-11-dias-de-agosto-que-anunciaron-la-caida-del-real-madrid.html\">El curso pasado, el Bar\u00e7a se impuso al Madrid las dos veces que se enfrentaron en Liga<\/a> (adem\u00e1s de en la Supercopa y la Copa). Los azulgrana golearon en Madrid (0-4) y tambi\u00e9n solventaron el encuentro en Barcelona (4-3).<\/p>\n","protected":false},"excerpt":{"rendered":"A tres d\u00edas del Cl\u00e1sico que enfrentar\u00e1 en el Santiago Bernab\u00e9u a Real Madrid y Barcelona, el jugador&hellip;\n","protected":false},"author":2,"featured_media":197958,"comment_status":"","ping_status":"","sticky":false,"template":"","format":"standard","meta":{"footnotes":""},"categories":[93],"tags":[54772,1540,168,54773,1539,25,24,881,282,1538,6957,8138,1945,3048,23,167],"class_list":{"0":"post-197957","1":"post","2":"type-post","3":"status-publish","4":"format-standard","5":"has-post-thumbnail","7":"category-deportes","8":"tag-clasicos-futbol","9":"tag-competiciones","10":"tag-deportes","11":"tag-el-clasico-real-madrid-fc-barcelona","12":"tag-entrenadores","13":"tag-es","14":"tag-espana","15":"tag-fc-barcelona","16":"tag-futbol","17":"tag-futbolistas","18":"tag-kings-league","19":"tag-lamine-yamal","20":"tag-primera-division","21":"tag-real-madrid","22":"tag-spain","23":"tag-sports"},"share_on_mastodon":{"url":"https:\/\/pubeurope.com\/@es\/115428337081681008","error":""},"_links":{"self":[{"href":"https:\/\/www.europesays.com\/es\/wp-json\/wp\/v2\/posts\/197957","targetHints":{"allow":["GET"]}}],"collection":[{"href":"https:\/\/www.europesays.com\/es\/wp-json\/wp\/v2\/posts"}],"about":[{"href":"https:\/\/www.europesays.com\/es\/wp-json\/wp\/v2\/types\/post"}],"author":[{"embeddable":true,"href":"https:\/\/www.europesays.com\/es\/wp-json\/wp\/v2\/users\/2"}],"replies":[{"embeddable":true,"href":"https:\/\/www.europesays.com\/es\/wp-json\/wp\/v2\/comments?post=197957"}],"version-history":[{"count":0,"href":"https:\/\/www.europesays.com\/es\/wp-json\/wp\/v2\/posts\/197957\/revisions"}],"wp:featuredmedia":[{"embeddable":true,"href":"https:\/\/www.europesays.com\/es\/wp-json\/wp\/v2\/media\/197958"}],"wp:attachment":[{"href":"https:\/\/www.europesays.com\/es\/wp-json\/wp\/v2\/media?parent=197957"}],"wp:term":[{"taxonomy":"category","embeddable":true,"href":"https:\/\/www.europesays.com\/es\/wp-json\/wp\/v2\/categories?post=197957"},{"taxonomy":"post_tag","embeddable":true,"href":"https:\/\/www.europesays.com\/es\/wp-json\/wp\/v2\/tags?post=197957"}],"curies":[{"name":"wp","href":"https:\/\/api.w.org\/{rel}","templated":true}]}}