{"id":197991,"date":"2025-10-24T09:23:14","date_gmt":"2025-10-24T09:23:14","guid":{"rendered":"https:\/\/www.europesays.com\/es\/197991\/"},"modified":"2025-10-24T09:23:14","modified_gmt":"2025-10-24T09:23:14","slug":"el-libro-viaje-a-las-mujeres-de-fuego-de-franca-velasco-a-debate-este-sabado-en-el-ateneo-de-madrid","status":"publish","type":"post","link":"https:\/\/www.europesays.com\/es\/197991\/","title":{"rendered":"El libro &#8216;Viaje a las mujeres de fuego&#8217;, de Franca Velasco, a debate este s\u00e1bado en el Ateneo de Madrid"},"content":{"rendered":"<p>\u00a0\u00a0\u00a0MADRID, 24 Oct. (EUROPA PRESS) &#8211; <\/p>\n<p>\u00a0\u00a0\u00a0La periodista vallisoletana Franca Velasco aborda el papel femenino en los incendios forestales en su primera novela, &#8216;Viaje a las mujeres de fuego&#8217;, dedicada a las mujeres que trabajan en los operativos de prevenci\u00f3n y extinci\u00f3n de incendios forestales.<\/p>\n<p>\u00a0\u00a0\u00a0El libro &#8211;publicado por las editoriales Pepitas de Calabaza y Biblioteca 451&#8211; se analizar\u00e1 este s\u00e1bado en un coloquio-debate en el que participar\u00e1n la autora y cuatro de las protagonistas del libro, que se abrieron camino en un territorio \u00abinexplorado y, a veces, hostil para las mujeres\u00bb, por lo que adem\u00e1s de destacar su papel en su profesi\u00f3n, se reivindica a otras muchas mujeres que abrieron caminos en campos profesionales habitualmente reservados a los hombres.<\/p>\n<p>\u00a0\u00a0\u00a0Esta obra naci\u00f3 de un reportaje publicado en prensa durante el verano de 2022 tras los incendios de la Sierra de la Culebra (Zamora) y representa un recorrido period\u00edstico de m\u00e1s de 4.000 kil\u00f3metros por once mujeres forestales en siete comunidades aut\u00f3nomas.<\/p>\n<p>\u00a0\u00a0\u00a0As\u00ed, el volumen novela una serie de entrevistas a sus protagonistas y presenta sus trayectorias e historias de vida, buscando su visibilizaci\u00f3n en un entorno laboral hist\u00f3ricamente masculino. Las protagonistas de este diario de viaje &#8211;de seis meses de duraci\u00f3n&#8211; trabajaron en el verano de 2022 en los operativos de La Rioja, Castilla y Le\u00f3n, Castilla-La Mancha, Arag\u00f3n, Baleares, Canarias y Pa\u00eds Vasco.<\/p>\n<p>\u00a0\u00a0\u00a0El libro dedica un cap\u00edtulo a cada una de ellas, en sucesi\u00f3n cronol\u00f3gica, comenzando en Aranda de Duero (Burgos) y finalizando en los Pirineos. Las entrevistadas son bomberas de tierra y helitransportadas, una vigilante de torre, una conductora de autobomba, una coordinadora de medios a\u00e9reos, una militar de la UME &#8211;una de las pocas pilotos de incendios que hay en Espa\u00f1a (residente en Sevilla)&#8211; o la primera agente forestal de Espa\u00f1a, entre otras.<\/p>\n<p>\u00a0\u00a0\u00a0Precisamente, la Secci\u00f3n de Medio Ambiente del Ateneo de Madrid celebra este 25 de octubre, a partir de las 17:30 horas, un coloquio-debate en el que participar\u00e1n la autora y cuatro de las protagonistas del libro: Pilar Fuentetaja, vigilante de torre de incendios en Castilla y Le\u00f3n; Vanessa Molina, bombera de tierra en Castilla-La Mancha; Laura Varea, conductora de autobomba en La Rioja y Paola Bened\u00ed, bombera de helitransportada en Arag\u00f3n<\/p>\n<p>\u00a0\u00a0\u00a0El acto, presentado por Antonio Cord\u00f3n, tambi\u00e9n contar\u00e1 con la presidenta de la Secci\u00f3n de Medio Ambiente, Mar\u00eda Jes\u00fas Gonz\u00e1lez, y estar\u00e1 moderado por el director de la Feria del Libro de Valladolid, Pedro Ojeda.<\/p>\n","protected":false},"excerpt":{"rendered":"\u00a0\u00a0\u00a0MADRID, 24 Oct. (EUROPA PRESS) &#8211; \u00a0\u00a0\u00a0La periodista vallisoletana Franca Velasco aborda el papel femenino en los incendios&hellip;\n","protected":false},"author":2,"featured_media":197992,"comment_status":"","ping_status":"","sticky":false,"template":"","format":"standard","meta":{"footnotes":""},"categories":[172],"tags":[224,146,147,25,24,225,23],"class_list":{"0":"post-197991","1":"post","2":"type-post","3":"status-publish","4":"format-standard","5":"has-post-thumbnail","7":"category-libros","8":"tag-books","9":"tag-entertainment","10":"tag-entretenimiento","11":"tag-es","12":"tag-espana","13":"tag-libros","14":"tag-spain"},"share_on_mastodon":{"url":"https:\/\/pubeurope.com\/@es\/115428419579072860","error":""},"_links":{"self":[{"href":"https:\/\/www.europesays.com\/es\/wp-json\/wp\/v2\/posts\/197991","targetHints":{"allow":["GET"]}}],"collection":[{"href":"https:\/\/www.europesays.com\/es\/wp-json\/wp\/v2\/posts"}],"about":[{"href":"https:\/\/www.europesays.com\/es\/wp-json\/wp\/v2\/types\/post"}],"author":[{"embeddable":true,"href":"https:\/\/www.europesays.com\/es\/wp-json\/wp\/v2\/users\/2"}],"replies":[{"embeddable":true,"href":"https:\/\/www.europesays.com\/es\/wp-json\/wp\/v2\/comments?post=197991"}],"version-history":[{"count":0,"href":"https:\/\/www.europesays.com\/es\/wp-json\/wp\/v2\/posts\/197991\/revisions"}],"wp:featuredmedia":[{"embeddable":true,"href":"https:\/\/www.europesays.com\/es\/wp-json\/wp\/v2\/media\/197992"}],"wp:attachment":[{"href":"https:\/\/www.europesays.com\/es\/wp-json\/wp\/v2\/media?parent=197991"}],"wp:term":[{"taxonomy":"category","embeddable":true,"href":"https:\/\/www.europesays.com\/es\/wp-json\/wp\/v2\/categories?post=197991"},{"taxonomy":"post_tag","embeddable":true,"href":"https:\/\/www.europesays.com\/es\/wp-json\/wp\/v2\/tags?post=197991"}],"curies":[{"name":"wp","href":"https:\/\/api.w.org\/{rel}","templated":true}]}}