{"id":19800,"date":"2025-08-02T02:31:10","date_gmt":"2025-08-02T02:31:10","guid":{"rendered":"https:\/\/www.europesays.com\/es\/19800\/"},"modified":"2025-08-02T02:31:10","modified_gmt":"2025-08-02T02:31:10","slug":"max-vestappen-confirma-que-se-queda-en-red-bull-racing-para-el-2026-tudn-formula-1","status":"publish","type":"post","link":"https:\/\/www.europesays.com\/es\/19800\/","title":{"rendered":"Max Vestappen confirma que se queda en Red Bull Racing para el 2026 | TUDN F\u00f3rmula 1"},"content":{"rendered":"<p><b>Max Verstappen<\/b> ha decidido poner fin a los rumores y especulaciones que lo ubicaban <a href=\"https:\/\/www.tudn.com\/formula-1\/efecto-checo-perez-chris-horner-es-despedido-red-bull-racing-tras-20-anos\" rel=\"nofollow noopener\" target=\"_blank\">fuera de Red Bull Racing<\/a> para el 2026, y este jueves <b>confirm\u00f3 su estad\u00eda en la escuder\u00eda<\/b> austriaca a trav\u00e9s de las redes sociales de la <b> F\u00f3rmula Uno<\/b>.<\/p>\n<p>Sobre el tetracampe\u00f3n del mundo holand\u00e9s, se hab\u00eda escrito mucho recientemente sobre todo acerca de una posible partida a <b>Mercedes Benz<\/b>.<\/p>\n<p>Situaci\u00f3n que <b>desminti\u00f3<\/b> en declaraciones a la cuenta de la categor\u00eda en X.<\/p>\n<p>\u00abLa gente divaga mucho durante toda la temporada, mientras que el \u00fanico que realmente puede o debe hablar no habla, y ese soy yo. A algunas personas simplemente les gusta causar revuelo, a otras simplemente les gusta crear drama, pero para m\u00ed <b>siempre ha sido bastante claro y tambi\u00e9n para el a\u00f1o que viene<\/b>\u00ab, explic\u00f3.<\/p>\n<p>Muchos de esas habladur\u00edas se debieron a la amistad que el holand\u00e9s sostiene con el jefe de Mercedes, <b>Toto Wolf<\/b>, pero asegur\u00f3 que una cosa no lleva a la otra.<\/p>\n<p>\u00bb <b>Puedes tener una relaci\u00f3n personal <\/b>con alguien incluso si no tienes una relaci\u00f3n laboral con esa persona\u00bb, expres\u00f3.<\/p>\n<p>Finalmente, ataj\u00f3, precisamente lo de los rumores y expres\u00f3 que nunca ha tenido dudas sobre su futuro la siguiente temporada de la <b>m\u00e1xima categor\u00eda<\/b> del automovilismo mundial.<\/p>\n<p>\u00abEs <b> hora de acabar con todos los rumores<\/b>, y para m\u00ed siempre ha estado bastante claro que me quedar\u00eda de todas formas\u00bb, concluy\u00f3.<\/p>\n<p>Verstappen es cu\u00e1druple campe\u00f3n de la F1 de manera consecutiva y lo consigui\u00f3 siendo parte de Red Bull Racing.<\/p>\n<p>Aunque en esta campa\u00f1a podr\u00eda no llegar a cinco t\u00edtulos seguidos porque marcha tercero con 185 puntos. El primero es el australiano <b> Oscar Piastri<\/b> que suma 266 y le sigue el brit\u00e1nico <b>Lando Norris <\/b>con 250.<\/p>\n<p>Este fin de semana se corre el <b>Gran Premio de Hungr\u00eda<\/b>, desde donde Verstappen hizo las declaraciones, el d\u00e9cimo cuarto de la temporada 2025.<\/p>\n","protected":false},"excerpt":{"rendered":"Max Verstappen ha decidido poner fin a los rumores y especulaciones que lo ubicaban fuera de Red Bull&hellip;\n","protected":false},"author":2,"featured_media":19801,"comment_status":"","ping_status":"","sticky":false,"template":"","format":"standard","meta":{"footnotes":""},"categories":[270],"tags":[168,25,24,306,271,272,8740,2099,23,167],"class_list":{"0":"post-19800","1":"post","2":"type-post","3":"status-publish","4":"format-standard","5":"has-post-thumbnail","7":"category-formula-1","8":"tag-deportes","9":"tag-es","10":"tag-espana","11":"tag-f1","12":"tag-formula-1","13":"tag-formula1","14":"tag-gran-premio-de-hungria","15":"tag-max-verstappen","16":"tag-spain","17":"tag-sports"},"share_on_mastodon":{"url":"","error":""},"_links":{"self":[{"href":"https:\/\/www.europesays.com\/es\/wp-json\/wp\/v2\/posts\/19800","targetHints":{"allow":["GET"]}}],"collection":[{"href":"https:\/\/www.europesays.com\/es\/wp-json\/wp\/v2\/posts"}],"about":[{"href":"https:\/\/www.europesays.com\/es\/wp-json\/wp\/v2\/types\/post"}],"author":[{"embeddable":true,"href":"https:\/\/www.europesays.com\/es\/wp-json\/wp\/v2\/users\/2"}],"replies":[{"embeddable":true,"href":"https:\/\/www.europesays.com\/es\/wp-json\/wp\/v2\/comments?post=19800"}],"version-history":[{"count":0,"href":"https:\/\/www.europesays.com\/es\/wp-json\/wp\/v2\/posts\/19800\/revisions"}],"wp:featuredmedia":[{"embeddable":true,"href":"https:\/\/www.europesays.com\/es\/wp-json\/wp\/v2\/media\/19801"}],"wp:attachment":[{"href":"https:\/\/www.europesays.com\/es\/wp-json\/wp\/v2\/media?parent=19800"}],"wp:term":[{"taxonomy":"category","embeddable":true,"href":"https:\/\/www.europesays.com\/es\/wp-json\/wp\/v2\/categories?post=19800"},{"taxonomy":"post_tag","embeddable":true,"href":"https:\/\/www.europesays.com\/es\/wp-json\/wp\/v2\/tags?post=19800"}],"curies":[{"name":"wp","href":"https:\/\/api.w.org\/{rel}","templated":true}]}}