{"id":198002,"date":"2025-10-24T09:29:08","date_gmt":"2025-10-24T09:29:08","guid":{"rendered":"https:\/\/www.europesays.com\/es\/198002\/"},"modified":"2025-10-24T09:29:08","modified_gmt":"2025-10-24T09:29:08","slug":"quien-es-leandro-garcia-gomez-el-empresario-detenido-por-la-desaparicion-de-lourdes-fernandez","status":"publish","type":"post","link":"https:\/\/www.europesays.com\/es\/198002\/","title":{"rendered":"Qui\u00e9n es Leandro Garc\u00eda G\u00f3mez, el empresario detenido por la desaparici\u00f3n de Lourdes Fern\u00e1ndez"},"content":{"rendered":"<p class=\"com-paragraph   --s\"><strong>Leandro Esteban Garc\u00eda G\u00f3mez<\/strong>, de <strong>47 a\u00f1os<\/strong>, es un <strong>empresario <\/strong>de bajo perfil y sin redes sociales que hasta esta semana pr\u00e1cticamente no hab\u00eda tenido relevancia en la agenda p\u00fablica. Este jueves por la noche qued\u00f3 <strong>detenido <\/strong>en su departamento de Palermo, <strong>acusado de retener a su expareja Lourdes Fern\u00e1ndez<\/strong>, la cantante integrante del grupo <strong>Bandana<\/strong>. La Polic\u00eda de la Ciudad lo arrest\u00f3 luego de que una orden judicial autorizara el ingreso a la vivienda donde fue encontrada la artista.<\/p>\n<p class=\"com-paragraph   --s\">Durante toda la jornada, Garc\u00eda G\u00f3mez se mantuvo en el centro de la atenci\u00f3n policial y medi\u00e1tica. Por la ma\u00f1ana, cuando la madre de Fern\u00e1ndez ya hab\u00eda denunciado la desaparici\u00f3n de su hija, <strong>el empresario fue visto saliendo de su edificio<\/strong> y respondi\u00f3 con una frase evasiva ante los periodistas:<strong> \u201cQue vuelva Cristina ya. Esto no da para m\u00e1s. Distrajeron con esto toda la ma\u00f1ana para no hablar de la situaci\u00f3n del pa\u00eds\u201d<\/strong>. A esa hora, no exist\u00eda a\u00fan una orden de allanamiento ni una acusaci\u00f3n formal en su contra.<\/p>\n<p>Lourdes de Bandana fue encontrada en el departamento de su expareja<\/p>\n<p class=\"com-paragraph   --s\">Por otra parte, <a href=\"https:\/\/www.lanacion.com.ar\/sociedad\/lissa-vera-se-presento-ante-la-justicia-preocupada-por-lourdes-su-companera-de-bandana-nid23102025\/\" target=\"_self\" title=\"https:\/\/www.lanacion.com.ar\/sociedad\/lissa-vera-se-presento-ante-la-justicia-preocupada-por-lourdes-su-companera-de-bandana-nid23102025\/\" class=\"com-link break-word\" data-mrf-recirculation=\"n_link_parrafo\" rel=\"nofollow noopener\"><strong>Lissa Vera<\/strong><\/a>, compa\u00f1era de Lourdes en Bandana, declar\u00f3 ante la Justicia que Garc\u00eda G\u00f3mez era <strong>\u201cuna persona muy peligrosa\u201d <\/strong>y que la cantante sufr\u00eda situaciones de violencia desde hac\u00eda a\u00f1os. Seg\u00fan su testimonio, el empresario hab\u00eda ejercido conductas de control y amenazas hacia Fern\u00e1ndez y otras personas del entorno del grupo musical.<\/p>\n<p class=\"com-paragraph   --s\"><strong>\u201cSiempre la sabote\u00f3: shows, viajes, pasajes. <\/strong>Ten\u00eda acceso a los apaches y los cambiaba. No s\u00e9 c\u00f3mo decirlo, est\u00e1 enamorada, es patol\u00f3gico\u201d, dijo Vera, quien adem\u00e1s afirm\u00f3 que la cantante habr\u00eda sufrido una lesi\u00f3n en una costilla y que pidi\u00f3 una medida perimetral para protegerse.<\/p>\n<p class=\"com-paragraph   --s\">Toda esta situaci\u00f3n de tensi\u00f3n comenz\u00f3 este jueves por la ma\u00f1ana, cuando <strong>la madre de Fern\u00e1ndez<\/strong> se present\u00f3 en la Comisar\u00eda Vecinal 14B de la Polic\u00eda de la Ciudad, donde <strong>denunci\u00f3 que no ten\u00eda noticias de su hija desde el 4 de octubre.<\/strong> En la exposici\u00f3n, advirti\u00f3 que la artista hab\u00eda sido v\u00edctima de episodios de<strong> violencia de g\u00e9nero<\/strong> por parte de su expareja, lo que llev\u00f3 a las autoridades a iniciar un operativo de b\u00fasqueda. <\/p>\n<p>Lissa Vera, tambi\u00e9n cantante de Bandana, dijo que Garc\u00eda G\u00f3mez es \u201cuna persona muy peligrosa\u201dinstagram.com\/lissavera<\/p>\n<p class=\"com-paragraph   --s\">M\u00e1s adelante,<strong> la cantante public\u00f3 en su cuenta de Instagram una serie de historias <\/strong>que generaron confusi\u00f3n. Entre ellas, una fotograf\u00eda junto a su gato y un video breve en el que intentaba mostrarse tranquila. Luego, mantuvo una <strong>videollamada con el \u00e1rea de B\u00fasquedas de Personas de la Polic\u00eda de la Ciudad<\/strong>, en la que dijo: \u201cCon esto se van a dar cuenta que <strong>estoy re bien.<\/strong> Much\u00edsimas gracias\u201d. Sin embargo, seg\u00fan detallaron fuentes policiales a LA NACION, no quiso informar d\u00f3nde se encontraba ni permiti\u00f3 determinar si realmente estaba en buen estado.<\/p>\n<p class=\"com-paragraph   --s\">La incertidumbre continu\u00f3 durante toda la tarde, mientras <strong>el departamento de Ravignani 2186 permanec\u00eda bajo vigilancia. <\/strong>En ese lapso, Garc\u00eda G\u00f3mez <strong>permiti\u00f3 parcialmente el ingreso de efectivos policiales<\/strong>, pero no los dej\u00f3 recorrer todos los ambientes. La negativa gener\u00f3 sospechas y motiv\u00f3 el pedido de una orden judicial para allanar la propiedad. As\u00ed, finalmente el Juzgado Nacional en lo Criminal y Correccional N.\u00ba 47 autoriz\u00f3 el procedimiento.<\/p>\n<p class=\"com-paragraph   --s\">Durante el operativo, <strong>la Polic\u00eda de la Ciudad ingres\u00f3 al inmueble y encontr\u00f3 a Lourdes Fern\u00e1ndez en el interior del departamento. <\/strong>Fue trasladada al hospital Fern\u00e1ndez, donde recibi\u00f3 atenci\u00f3n m\u00e9dica.<\/p>\n<p><script async src=\"\/\/www.instagram.com\/embed.js\"><\/script><\/p>\n","protected":false},"excerpt":{"rendered":"Leandro Esteban Garc\u00eda G\u00f3mez, de 47 a\u00f1os, es un empresario de bajo perfil y sin redes sociales que&hellip;\n","protected":false},"author":2,"featured_media":198003,"comment_status":"","ping_status":"","sticky":false,"template":"","format":"standard","meta":{"footnotes":""},"categories":[91],"tags":[18393,146,147,25,24,54782,23],"class_list":{"0":"post-198002","1":"post","2":"type-post","3":"status-publish","4":"format-standard","5":"has-post-thumbnail","7":"category-entretenimiento","8":"tag-empresario","9":"tag-entertainment","10":"tag-entretenimiento","11":"tag-es","12":"tag-espana","13":"tag-gustavo-scaglione","14":"tag-spain"},"share_on_mastodon":{"url":"https:\/\/pubeurope.com\/@es\/115428443057264911","error":""},"_links":{"self":[{"href":"https:\/\/www.europesays.com\/es\/wp-json\/wp\/v2\/posts\/198002","targetHints":{"allow":["GET"]}}],"collection":[{"href":"https:\/\/www.europesays.com\/es\/wp-json\/wp\/v2\/posts"}],"about":[{"href":"https:\/\/www.europesays.com\/es\/wp-json\/wp\/v2\/types\/post"}],"author":[{"embeddable":true,"href":"https:\/\/www.europesays.com\/es\/wp-json\/wp\/v2\/users\/2"}],"replies":[{"embeddable":true,"href":"https:\/\/www.europesays.com\/es\/wp-json\/wp\/v2\/comments?post=198002"}],"version-history":[{"count":0,"href":"https:\/\/www.europesays.com\/es\/wp-json\/wp\/v2\/posts\/198002\/revisions"}],"wp:featuredmedia":[{"embeddable":true,"href":"https:\/\/www.europesays.com\/es\/wp-json\/wp\/v2\/media\/198003"}],"wp:attachment":[{"href":"https:\/\/www.europesays.com\/es\/wp-json\/wp\/v2\/media?parent=198002"}],"wp:term":[{"taxonomy":"category","embeddable":true,"href":"https:\/\/www.europesays.com\/es\/wp-json\/wp\/v2\/categories?post=198002"},{"taxonomy":"post_tag","embeddable":true,"href":"https:\/\/www.europesays.com\/es\/wp-json\/wp\/v2\/tags?post=198002"}],"curies":[{"name":"wp","href":"https:\/\/api.w.org\/{rel}","templated":true}]}}