{"id":198016,"date":"2025-10-24T09:36:09","date_gmt":"2025-10-24T09:36:09","guid":{"rendered":"https:\/\/www.europesays.com\/es\/198016\/"},"modified":"2025-10-24T09:36:09","modified_gmt":"2025-10-24T09:36:09","slug":"luis-manuel-lozano-nuevo-apoderado-de-roca-rey","status":"publish","type":"post","link":"https:\/\/www.europesays.com\/es\/198016\/","title":{"rendered":"Luis Manuel Lozano, nuevo apoderado de Roca Rey"},"content":{"rendered":"<p style=\"\">Lo avanz\u00e1bamos hace dos d\u00edas en ABC: <a href=\"https:\/\/www.abc.es\/cultura\/toros\/apoderado-roca-rey-20251022183823-nt.html\" target=\"_self\" data-voc-vtm-id=\"in-text-traffic\" title=\"Luis Manuel Lozano\" rel=\"nofollow noopener\">Luis Manuel Lozano<\/a> hab\u00eda roto con Daniel Luque con la vista puesta en Andr\u00e9s Roca Rey, el sue\u00f1o de todo apoderado, el sue\u00f1o tambi\u00e9n de este contrastado taurino de saga desde su ruptura con Juli\u00e1n L\u00f3pez &#8216;El  &#8230; Juli&#8217;. \u00bfQui\u00e9n no va a querer apoderar al mandam\u00e1s del toreo? Lozano tendr\u00e1 ahora la responsabilidad, una vez m\u00e1s, de manejar las riendas de la carrera de la figura sobre la que recae el peso de la Fiesta. <\/p>\n<p class=\"voc-p\" style=\"\">As\u00ed lo ha hecho oficial el gabinete de prensa de Roca, que ya no dirige Joserr\u00e1 Lozano -mucho m\u00e1s que director de comunicaci\u00f3n en esta \u00faltima etapa-, donde se dice: \u00abEl matador de toros Andr\u00e9s Roca Rey afronta una nueva etapa en su carrera profesional y anuncia que a partir de este momento ser\u00e1 apoderado por Luis Manuel Lozano\u00bb.<\/p>\n<p class=\"voc-p\" style=\"\">Con esta nueva alianza, Roca Rey inicia \u00abun ilusionante proyecto que combina juventud, ambici\u00f3n y experiencia. El objetivo com\u00fan es continuar escribiendo p\u00e1ginas importantes en la historia del toreo, con el compromiso, la entrega y la autenticidad que siempre han definido al diestro lime\u00f1o\u00bb.<\/p>\n<p class=\"voc-p\" style=\"\">El torero peruano encara \u00abcon renovada motivaci\u00f3n los pr\u00f3ximos compromisos de su temporada americana, que continuar\u00e1 el pr\u00f3ximo 2 de noviembre en Lima, en una cita muy especial en la que estoquear\u00e1 seis toros en solitario, uno de los hitos m\u00e1s esperados de su carrera\u00bb.<\/p>\n<p class=\"voc-p\" style=\"\">El runr\u00fan del apoderamiento, que ya hab\u00eda existido los \u00faltimos dos a\u00f1os, cogi\u00f3 pulso verdadero despu\u00e9s de que Andr\u00e9s anunciase en un sentido y cari\u00f1oso comunicado la culminaci\u00f3n de una etapa junto a su hermano <a href=\"https:\/\/www.abc.es\/cultura\/toros\/roca-rey-hermano-fernando-culminan-relacion-apoderamiento-20251022165047-nt.html\" target=\"_self\" data-voc-vtm-id=\"in-text-traffic\" title=\"Fernando,\" rel=\"nofollow noopener\">Fernando,<\/a> un lazo de sangre, \u00abun sue\u00f1o de ni\u00f1os\u00bb. Y el runr\u00fan adquiri\u00f3 certeza cuando ABC adelant\u00f3 en exclusiva que Lozano hab\u00eda roto con Daniel Luque \u00bfpara apoderar a Roca Rey? Para apoderar a Roca Rey, la m\u00e1xima figura de este tiempo, una noticia que ha visto la luz p\u00fablicamente este viernes antes de la reuni\u00f3n prevista el fin de semana.<\/p>\n","protected":false},"excerpt":{"rendered":"Lo avanz\u00e1bamos hace dos d\u00edas en ABC: Luis Manuel Lozano hab\u00eda roto con Daniel Luque con la vista&hellip;\n","protected":false},"author":2,"featured_media":198017,"comment_status":"","ping_status":"","sticky":false,"template":"","format":"standard","meta":{"footnotes":""},"categories":[277],"tags":[53937,373,168,25,24,14101,7820,841,524,289,5330,1048,23,167,374],"class_list":{"0":"post-198016","1":"post","2":"type-post","3":"status-publish","4":"format-standard","5":"has-post-thumbnail","7":"category-toreo","8":"tag-apoderado","9":"tag-bullfighting","10":"tag-deportes","11":"tag-es","12":"tag-espana","13":"tag-lozano","14":"tag-luis","15":"tag-manuel","16":"tag-nuevo","17":"tag-oficial","18":"tag-rey","19":"tag-roca","20":"tag-spain","21":"tag-sports","22":"tag-toreo"},"share_on_mastodon":{"url":"https:\/\/pubeurope.com\/@es\/115428470493112026","error":""},"_links":{"self":[{"href":"https:\/\/www.europesays.com\/es\/wp-json\/wp\/v2\/posts\/198016","targetHints":{"allow":["GET"]}}],"collection":[{"href":"https:\/\/www.europesays.com\/es\/wp-json\/wp\/v2\/posts"}],"about":[{"href":"https:\/\/www.europesays.com\/es\/wp-json\/wp\/v2\/types\/post"}],"author":[{"embeddable":true,"href":"https:\/\/www.europesays.com\/es\/wp-json\/wp\/v2\/users\/2"}],"replies":[{"embeddable":true,"href":"https:\/\/www.europesays.com\/es\/wp-json\/wp\/v2\/comments?post=198016"}],"version-history":[{"count":0,"href":"https:\/\/www.europesays.com\/es\/wp-json\/wp\/v2\/posts\/198016\/revisions"}],"wp:featuredmedia":[{"embeddable":true,"href":"https:\/\/www.europesays.com\/es\/wp-json\/wp\/v2\/media\/198017"}],"wp:attachment":[{"href":"https:\/\/www.europesays.com\/es\/wp-json\/wp\/v2\/media?parent=198016"}],"wp:term":[{"taxonomy":"category","embeddable":true,"href":"https:\/\/www.europesays.com\/es\/wp-json\/wp\/v2\/categories?post=198016"},{"taxonomy":"post_tag","embeddable":true,"href":"https:\/\/www.europesays.com\/es\/wp-json\/wp\/v2\/tags?post=198016"}],"curies":[{"name":"wp","href":"https:\/\/api.w.org\/{rel}","templated":true}]}}