{"id":198020,"date":"2025-10-24T09:39:19","date_gmt":"2025-10-24T09:39:19","guid":{"rendered":"https:\/\/www.europesays.com\/es\/198020\/"},"modified":"2025-10-24T09:39:19","modified_gmt":"2025-10-24T09:39:19","slug":"cristina-bucsa-y-aoyama-ya-estan-en-las-semifinales-de-tokio","status":"publish","type":"post","link":"https:\/\/www.europesays.com\/es\/198020\/","title":{"rendered":"Cristina Bucsa y Aoyama ya est\u00e1n en las semifinales de Tokio"},"content":{"rendered":"<p>En un disputad\u00edsimo partido resuelto por una sola ruptura en el primer, en la muerte s\u00fabita en el segundo set y con un apurado super  &#8230; tie break en el tercero, la torrelaveguense Cristina Bucsa y la japonesa Shuko Aoyama, que poco a poco se consolidan como pareja habitual en el circuito de la WTA, se han plantado en las semifinales del Torneo de Tokio (Toray Pan Pacific Open, WTA 500).<\/p>\n<tr class=\"v-scr-t__r v-scr-t__r--1\">\n<td class=\"v-scr-t__w\">\n<p class=\"v-scr-t__t\">Mboko (CAN) \/ Andreescu (CAN)<\/p>\n<\/td>\n<td class=\"v-scr-t__w is-lose \">\n4\n<\/td>\n<td class=\"v-scr-t__w  \">\n7 (7)\n<\/td>\n<td class=\"v-scr-t__w is-lose \">\n8\n<\/td>\n<\/tr>\n<tr class=\"v-scr-t__r v-scr-t__r--2\">\n<td class=\"v-scr-t__w\">\n<p class=\"v-scr-t__t\">Aoyama (JAP) \/ Bucsa (ESP)<\/p>\n<\/td>\n<td class=\"v-scr-t__w  \">\n6\n<\/td>\n<td class=\"v-scr-t__w is-lose \">\n6 (3)\n<\/td>\n<td class=\"v-scr-t__w   is-win \">\n10\n<\/td>\n<\/tr>\n<p class=\"v-p\">Lo han conseguido tras derrotar en los cuartos de final a la pareja formada por las canadienses Victoria Mboko y Bianca Andreescu (4-6, 7-6 (7-3) y 8-10). Tras el que era el primer partido de cuartos, deber\u00e1n esperar ahora a ma\u00f1ana para conocer a sus rivales en unas semifinales que se disputar\u00e1n el pr\u00f3ximo s\u00e1bado.<\/p>\n<p class=\"v-p\">Con este resultado la c\u00e1ntabra ha mejorado ya su resultado del a\u00f1o pasado, cuando formando pareja con la rumana Monica Niculescu alcanz\u00f3 los cuartos de final, con lo que ocurra ya lo que ocurra sumar\u00e1 nuevos puntos en la clasificaci\u00f3n de dobles de la WTA, en la que actualmente ocupa la trig\u00e9sima posici\u00f3n en una temporada en la que ha sumado dos trofeos.<\/p>\n<p class=\"v-p\">El final del partido dej\u00f3 adem\u00e1s cierta pol\u00e9mica en el punto final. En el super tie break, y precisamente con un servicio de Bucsa para ganar el partido, el resto de Mboko se fue fuera. Mientras la c\u00e1ntabra y la japonesa de saludaban para celebrar la victoria, las canadienses se acercaron al juez de silla. En tend\u00edan que la pelota hab\u00eda entrado y durante unos segundos Bucsa y Aoyama se quedaron paradas en la pista esperando la decisi\u00f3n. El juez mantuvo su criterio y las canadienses lo aceptaron deportivamente, con un saludo final que daba por finalizado en primer partido de cuartos en Jap\u00f3n.<\/p>\n<p class=\"v-p\">As\u00ed, la torrelaveguense buscar\u00e1 su tercer t\u00edtulo en dobles en un torneo que no comenz\u00f3 bien en el cuadro individual, cayendo en treintaidosavos de final tras superar las dos rondas previas.<\/p>\n","protected":false},"excerpt":{"rendered":"En un disputad\u00edsimo partido resuelto por una sola ruptura en el primer, en la muerte s\u00fabita en el&hellip;\n","protected":false},"author":2,"featured_media":198021,"comment_status":"","ping_status":"","sticky":false,"template":"","format":"standard","meta":{"footnotes":""},"categories":[274],"tags":[54783,25738,7538,168,25,24,15635,23,167,327,326,13536],"class_list":{"0":"post-198020","1":"post","2":"type-post","3":"status-publish","4":"format-standard","5":"has-post-thumbnail","7":"category-tenis","8":"tag-aoyama","9":"tag-bucsa","10":"tag-cristina","11":"tag-deportes","12":"tag-es","13":"tag-espana","14":"tag-semifinales","15":"tag-spain","16":"tag-sports","17":"tag-tenis","18":"tag-tennis","19":"tag-tokio"},"share_on_mastodon":{"url":"https:\/\/pubeurope.com\/@es\/115428482418619573","error":""},"_links":{"self":[{"href":"https:\/\/www.europesays.com\/es\/wp-json\/wp\/v2\/posts\/198020","targetHints":{"allow":["GET"]}}],"collection":[{"href":"https:\/\/www.europesays.com\/es\/wp-json\/wp\/v2\/posts"}],"about":[{"href":"https:\/\/www.europesays.com\/es\/wp-json\/wp\/v2\/types\/post"}],"author":[{"embeddable":true,"href":"https:\/\/www.europesays.com\/es\/wp-json\/wp\/v2\/users\/2"}],"replies":[{"embeddable":true,"href":"https:\/\/www.europesays.com\/es\/wp-json\/wp\/v2\/comments?post=198020"}],"version-history":[{"count":0,"href":"https:\/\/www.europesays.com\/es\/wp-json\/wp\/v2\/posts\/198020\/revisions"}],"wp:featuredmedia":[{"embeddable":true,"href":"https:\/\/www.europesays.com\/es\/wp-json\/wp\/v2\/media\/198021"}],"wp:attachment":[{"href":"https:\/\/www.europesays.com\/es\/wp-json\/wp\/v2\/media?parent=198020"}],"wp:term":[{"taxonomy":"category","embeddable":true,"href":"https:\/\/www.europesays.com\/es\/wp-json\/wp\/v2\/categories?post=198020"},{"taxonomy":"post_tag","embeddable":true,"href":"https:\/\/www.europesays.com\/es\/wp-json\/wp\/v2\/tags?post=198020"}],"curies":[{"name":"wp","href":"https:\/\/api.w.org\/{rel}","templated":true}]}}