{"id":198024,"date":"2025-10-24T09:41:16","date_gmt":"2025-10-24T09:41:16","guid":{"rendered":"https:\/\/www.europesays.com\/es\/198024\/"},"modified":"2025-10-24T09:41:16","modified_gmt":"2025-10-24T09:41:16","slug":"la-salvaje-cantidad-de-dinero-que-prepara-christian-horner-para-comprar-un-equipo-de-f1-o-fundar-uno-nuevo","status":"publish","type":"post","link":"https:\/\/www.europesays.com\/es\/198024\/","title":{"rendered":"La salvaje cantidad de dinero que prepara Christian Horner para comprar un equipo de F1&#8230; \u00a1o fundar uno nuevo!"},"content":{"rendered":"<p class=\"L6-news-detail__text\">El finiquito que <b>Red Bull le pag\u00f3 a Christian Horner<\/b> por su despido fue uno de los temas m\u00e1s calientes en el paddock de la F\u00f3rmula 1 durante las \u00faltimas carreras. Nadie se pon\u00eda de acuerdo con la cifra, pero todos coincid\u00edan en que era bien jugosa. Su papel como jefe de equipo durante m\u00e1s de dos d\u00e9cadas <b>pod\u00eda valer m\u00e1s de 100 millones de euros.<\/b><\/p>\n<p class=\"L6-news-detail__text\">Y ahora Horner quiere reinvertir esa cifra, y mucho m\u00e1s, para volver a la competici\u00f3n pero esta vez como propietario. Quiere <b>comprar uno de los equipos de la parrilla o fundar uno nuevo<\/b>, seg\u00fan ha informado &#8216;The Times&#8217;.<\/p>\n<p class=\"L6-news-detail__text\">Para ello cuenta con un total de <b>1.500 millones de euros.<\/b> No todos son suyos. Horner tendr\u00eda importantes inversores detr\u00e1s para revolucionar por completo la F1.<\/p>\n<p class=\"L6-news-detail__text\">Se pregunta el citado medio en qu\u00e9 equipo podr\u00eda invertir el ex de Red Bull. Y el nombre del grupo <b>Renault, Alpine<\/b>, es el primero que mencionan. Mucho se ha hablado sobre el futuro de los franceses en la competici\u00f3n. En 2026, por primera vez en mucho tiempo, no llevar\u00e1n motores propios y ser\u00e1n clientes de Mercedes.<\/p>\n<p class=\"L6-news-detail__text\">Y si la opci\u00f3n Renault no sale adelante, fundar un equipo de cero podr\u00eda ser la decisi\u00f3n. El mismo papel que tomar\u00e1 <b>Cadillac<\/b> ya para el curso que viene.<\/p>\n<p class=\"L6-news-detail__text\">Para eso ha preparado Horner y sus socios 1.500 millones de euros. Aunque fundar un equipo de cero <b>los llevar\u00eda al final de la parrilla<\/b>, y de forma contundente, durante los primeros a\u00f1os de competici\u00f3n. Algo que Horner no estar\u00eda dispuesto a tolerar.<\/p>\n<p class=\"L6-support-news-video__title\">El Cafelito<\/p>\n<p>            <a href=\"https:\/\/www.lasexta.com\/noticias\/deportes\/futbol\/volveria-monchi-sevilla-respuesta-cafelito-pedrerol_2025102368fa4b1e147d304033e25622.html\" class=\"L6-news__link\" rel=\"nofollow noopener\" target=\"_blank\"><br \/>\n                \u00bfVolver\u00eda Monchi al Sevilla? Su respuesta en &#8216;El Cafelito&#8217; de Pedrerol<\/p>\n<p class=\"recirculation-video-desc\">El que fuera director deportivo del Sevilla dice que ahora es el momento de Antonio Cord\u00f3n: \u00abA m\u00ed lo que me apetece es que el Sevilla gane, que triunfe y que se consigan las cosas\u00bb.<\/p>\n<p>            <\/a><\/p>\n","protected":false},"excerpt":{"rendered":"El finiquito que Red Bull le pag\u00f3 a Christian Horner por su despido fue uno de los temas&hellip;\n","protected":false},"author":2,"featured_media":198025,"comment_status":"","ping_status":"","sticky":false,"template":"","format":"standard","meta":{"footnotes":""},"categories":[270],"tags":[168,25,24,306,271,272,23,167],"class_list":{"0":"post-198024","1":"post","2":"type-post","3":"status-publish","4":"format-standard","5":"has-post-thumbnail","7":"category-formula-1","8":"tag-deportes","9":"tag-es","10":"tag-espana","11":"tag-f1","12":"tag-formula-1","13":"tag-formula1","14":"tag-spain","15":"tag-sports"},"share_on_mastodon":{"url":"https:\/\/pubeurope.com\/@es\/115428490422235994","error":""},"_links":{"self":[{"href":"https:\/\/www.europesays.com\/es\/wp-json\/wp\/v2\/posts\/198024","targetHints":{"allow":["GET"]}}],"collection":[{"href":"https:\/\/www.europesays.com\/es\/wp-json\/wp\/v2\/posts"}],"about":[{"href":"https:\/\/www.europesays.com\/es\/wp-json\/wp\/v2\/types\/post"}],"author":[{"embeddable":true,"href":"https:\/\/www.europesays.com\/es\/wp-json\/wp\/v2\/users\/2"}],"replies":[{"embeddable":true,"href":"https:\/\/www.europesays.com\/es\/wp-json\/wp\/v2\/comments?post=198024"}],"version-history":[{"count":0,"href":"https:\/\/www.europesays.com\/es\/wp-json\/wp\/v2\/posts\/198024\/revisions"}],"wp:featuredmedia":[{"embeddable":true,"href":"https:\/\/www.europesays.com\/es\/wp-json\/wp\/v2\/media\/198025"}],"wp:attachment":[{"href":"https:\/\/www.europesays.com\/es\/wp-json\/wp\/v2\/media?parent=198024"}],"wp:term":[{"taxonomy":"category","embeddable":true,"href":"https:\/\/www.europesays.com\/es\/wp-json\/wp\/v2\/categories?post=198024"},{"taxonomy":"post_tag","embeddable":true,"href":"https:\/\/www.europesays.com\/es\/wp-json\/wp\/v2\/tags?post=198024"}],"curies":[{"name":"wp","href":"https:\/\/api.w.org\/{rel}","templated":true}]}}