{"id":198038,"date":"2025-10-24T09:48:10","date_gmt":"2025-10-24T09:48:10","guid":{"rendered":"https:\/\/www.europesays.com\/es\/198038\/"},"modified":"2025-10-24T09:48:10","modified_gmt":"2025-10-24T09:48:10","slug":"rosalia-presentara-en-directo-una-cancion-con-mucha-luz-de-su-nuevo-disco-en-los-40-music-awards-del-7-de-noviembre-en-valencia","status":"publish","type":"post","link":"https:\/\/www.europesays.com\/es\/198038\/","title":{"rendered":"Rosal\u00eda presentar\u00e1 en directo una canci\u00f3n con \u00abmucha luz\u00bb de su nuevo disco en Los 40 Music Awards del 7 de noviembre en Val\u00e8ncia"},"content":{"rendered":"<p class=\"ft-text ft-helper-closenews\">Rosal\u00eda actuar\u00e1 el pr\u00f3ximo 7 de noviembre en la gala de los LOS40 Music Awards Santander 2025 que se celebrar\u00e1n en Val\u00e8ncia. La artista presentar\u00e1 por primera vez en directo una pieza de &#8216;LUX&#8217;, su cuarto disco, que ver\u00e1 la luz ese mismo d\u00eda.<\/p>\n<p class=\"ft-text\"><strong>La catalana se subir\u00e1 al escenario del Roig Arena de Valencia<\/strong>, recientemente inaugurado, con un espect\u00e1culo dise\u00f1ado exclusivamente para la ocasi\u00f3n, seg\u00fan ha informado la emisora en un comunicado. \u00abSer\u00e1 una sola canci\u00f3n, no ser\u00e1 un &#8216;medley&#8217;, y va a haber mucha luz\u00bb, ha explicado en la emisora.<\/p>\n<p class=\"ft-text\"><strong>Rosal\u00eda regresa a Valencia un a\u00f1o despu\u00e9s de acudir como voluntaria a la zona afectada por la DANA. <\/strong>Y es que la cantante fue uno de los miles de espa\u00f1oles que se trasladaron hasta las localidades para ayudar a los vecinos en los d\u00edas posteriores a la cat\u00e1strofe.<\/p>\n<p class=\"ft-text\">LOS40 Music Awards Santander celebrar\u00e1n en esta ocasi\u00f3n su 20\u00aa edici\u00f3n con un cartel en el que ya han sido confirmados Ed Sheeran, Aitana, Feid, Nicky Jam, Dani Mart\u00edn, Emilia, Morat, Dani Fern\u00e1ndez, Rels B, Pablo Albor\u00e1n, Mora, Be\u00e9le, Alleh &amp; Yorghaki, Myles Smith, Nil Moliner, De La Rose o Kapo.<\/p>\n<p>Dos a\u00f1os sin cantar en directo<\/p>\n<p class=\"ft-text\">La artista hace dos a\u00f1os que no canta en vivo, y ha comentado estar muy emocionada ante la perspectiva de volver a los escenarios. La cantante no ha dado muchos detalles sobre Lux, que significa \u201cluz\u201d en lat\u00edn, pero s\u00ed ha explicado que es una nueva era para ella y que es un proyecto muy diferente a los anteriores:<strong> \u201cHay la intenci\u00f3n de usar un sonido distinto, con una paleta m\u00e1s orquestal, y unas tem\u00e1ticas tambi\u00e9n un poco diferentes\u201d. <\/strong><\/p>\n<p class=\"ft-text\">La est\u00e9tica de la portada se relaciona con la religi\u00f3n, y Rosal\u00eda ha explicado que su entorno siempre ha sido ese: <strong>\u201cHay mucha inspiraci\u00f3n en la espiritualidad. Las cruces es un s\u00edmbolo del cual he estado siempre rodeada, siempre he estado rodeada de la cultura cristiana\u201d. \u201cAl final el proyecto tiene que ver con la luz, e intento explicarlo desde la vestimenta\u201d,<\/strong> ha a\u00f1adido la artista.<\/p>\n<p class=\"ft-text\">Rosal\u00eda ha confesado que le encantar\u00eda trabajar con Guitarricadelafuente, de quien \u201cha quemado el disco\u201d de tanto escucharlo, y a quien vio actuar en Madrid.<\/p>\n<p class=\"ft-text\">La catalana tambi\u00e9n ha explicado que hacer este \u00e1lbum ha sido un proceso largo, pero est\u00e1 muy feliz de haberlo acabado: <strong>\u201cSiempre hay momentos de altibajos, ha habido momentos descorazonadores y uno se mantiene con fe e ilusi\u00f3n. He conseguido llegar hasta el final, que es de lo que estoy m\u00e1s agradecida\u201d<\/strong>. Adem\u00e1s, cuando le han preguntado por los sue\u00f1os que le quedan por cumplir, Rosal\u00eda tiene una larga lista:<strong> \u201cQuiero seguir haciendo discos, volver a hacer peregrinaje, aprender a cocinar cosas que a\u00fan no s\u00e9 como cocinar, escribir m\u00e1s y aprender a tocar m\u00e1s instrumentos, como el cello\u201d.<\/strong><\/p>\n<p data-close=\"closedContent\" class=\"subscribeHideForDisplay\">Suscr\u00edbete para seguir leyendo<\/p>\n","protected":false},"excerpt":{"rendered":"Rosal\u00eda actuar\u00e1 el pr\u00f3ximo 7 de noviembre en la gala de los LOS40 Music Awards Santander 2025 que&hellip;\n","protected":false},"author":2,"featured_media":198039,"comment_status":"","ping_status":"","sticky":false,"template":"","format":"standard","meta":{"footnotes":""},"categories":[170],"tags":[11499,32364,13360,146,147,25,24,184,185,4147,23],"class_list":{"0":"post-198038","1":"post","2":"type-post","3":"status-publish","4":"format-standard","5":"has-post-thumbnail","7":"category-musica","8":"tag-11499","9":"tag-actuara","10":"tag-awards","11":"tag-entertainment","12":"tag-entretenimiento","13":"tag-es","14":"tag-espana","15":"tag-music","16":"tag-musica","17":"tag-rosalia","18":"tag-spain"},"share_on_mastodon":{"url":"https:\/\/pubeurope.com\/@es\/115428517868455201","error":""},"_links":{"self":[{"href":"https:\/\/www.europesays.com\/es\/wp-json\/wp\/v2\/posts\/198038","targetHints":{"allow":["GET"]}}],"collection":[{"href":"https:\/\/www.europesays.com\/es\/wp-json\/wp\/v2\/posts"}],"about":[{"href":"https:\/\/www.europesays.com\/es\/wp-json\/wp\/v2\/types\/post"}],"author":[{"embeddable":true,"href":"https:\/\/www.europesays.com\/es\/wp-json\/wp\/v2\/users\/2"}],"replies":[{"embeddable":true,"href":"https:\/\/www.europesays.com\/es\/wp-json\/wp\/v2\/comments?post=198038"}],"version-history":[{"count":0,"href":"https:\/\/www.europesays.com\/es\/wp-json\/wp\/v2\/posts\/198038\/revisions"}],"wp:featuredmedia":[{"embeddable":true,"href":"https:\/\/www.europesays.com\/es\/wp-json\/wp\/v2\/media\/198039"}],"wp:attachment":[{"href":"https:\/\/www.europesays.com\/es\/wp-json\/wp\/v2\/media?parent=198038"}],"wp:term":[{"taxonomy":"category","embeddable":true,"href":"https:\/\/www.europesays.com\/es\/wp-json\/wp\/v2\/categories?post=198038"},{"taxonomy":"post_tag","embeddable":true,"href":"https:\/\/www.europesays.com\/es\/wp-json\/wp\/v2\/tags?post=198038"}],"curies":[{"name":"wp","href":"https:\/\/api.w.org\/{rel}","templated":true}]}}