{"id":198054,"date":"2025-10-24T09:56:08","date_gmt":"2025-10-24T09:56:08","guid":{"rendered":"https:\/\/www.europesays.com\/es\/198054\/"},"modified":"2025-10-24T09:56:08","modified_gmt":"2025-10-24T09:56:08","slug":"los-consejeros-del-pp-abandonan-en-bloque-el-consejo-interterritorial-de-sanidad-en-plena-polemica-por-la-crisis-de-los-cribados-sociedad","status":"publish","type":"post","link":"https:\/\/www.europesays.com\/es\/198054\/","title":{"rendered":"Los consejeros del PP abandonan en bloque el Consejo Interterritorial de Sanidad en plena pol\u00e9mica por la crisis de los cribados | Sociedad"},"content":{"rendered":"<p class=\"\">Los consejeros de Sanidad de las comunidades gobernadas por el Partido Popular se han levantado de la mesa del Consejo Interterritorial de Sanidad a los pocos minutos de haber comenzado esta ma\u00f1ana en Zaragoza. El plant\u00f3n dado al m\u00e1ximo \u00f3rgano de coordinaci\u00f3n entre el Ministerio de Sanidad y las comunidades supone un salto cualitativo en la crisis pol\u00edtica provocada por los problemas detectados en Andaluc\u00eda en los programas de cribado de c\u00e1ncer de mama y la negativa de las comunidades del PP a compartir sus datos con Sanidad. El boicoteo se produce a pesar de que los consejeros del PP asistieron ayer jueves a la cena oficial y haber acudido al encuentro en viaje oficial. <\/p>\n<p class=\"\">\u201cEl Ministerio lamenta este gesto de deslealtad institucional que dificulta la transparencia en un momento de desconfianza de la ciudadan\u00eda\u201d, afirman fuentes del departamento, que no ocultan su sorpresa por lo ocurrido.<\/p>\n<p class=\"\">Minutos antes del inicio del Consejo, <a href=\"https:\/\/elpais.com\/noticias\/monica-garcia-gomez\/\" target=\"_self\" rel=\"nofollow noopener\" title=\"https:\/\/elpais.com\/noticias\/monica-garcia-gomez\/\">la ministra M\u00f3nica Garc\u00eda<\/a> hab\u00eda hecho un llamamiento a las comunidades del Partido Popular para que cambiaran su negativa <a href=\"https:\/\/elpais.com\/espana\/2025-10-22\/genova-consensuo-con-los-gobiernos-del-pp-el-plante-a-la-peticion-de-sanidad-sobre-los-cribados-de-cancer.html\" target=\"_self\" rel=\"nofollow noopener\" title=\"https:\/\/elpais.com\/espana\/2025-10-22\/genova-consensuo-con-los-gobiernos-del-pp-el-plante-a-la-peticion-de-sanidad-sobre-los-cribados-de-cancer.html\">a compartir los datos de los programas de cribado<\/a>. \u201cLes diremos que tienen una oportunidad para rectificar, porque la transparencia no es una opci\u00f3n\u201d, ha afirmado.<\/p>\n<p class=\"\"> \u201cAhora mismo que tenemos una crisis de confianza en los programas de cribado, el Partido Popular no puede ocultar los datos\u201d, ha avisado Garc\u00eda con respecto a <a href=\"https:\/\/elpais.com\/noticias\/cancer-mama\/\" target=\"_self\" rel=\"nofollow noopener\" title=\"https:\/\/elpais.com\/noticias\/cancer-mama\/\">los problemas detectados con estas pruebas diagn\u00f3sticas en Andaluc\u00eda<\/a>, \u201cLos datos [permitir\u00e1n] dar confianza a las mujeres de este pa\u00eds. El Partido Popular cree que est\u00e1 boicoteando al Ministerio de Sanidad y lo que est\u00e1 boicoteando es la confianza de los ciudadanos [&#8230;] en el Sistema Nacional de Salud. Y esto no nos lo podemos permitir\u201d, ha seguido la ministra.<\/p>\n<p class=\"\">Garc\u00eda ha recordado que la Ley de Transparencia obliga a las comunidades a hacer p\u00fablicos los datos sobre la asistencia sanitaria prestada a los ciudadanos: \u201cLos datos no son de las comunidades, no son de la se\u00f1ora Ayuso, no son del se\u00f1or Ma\u00f1ueco, no son del se\u00f1or Moreno Bonilla. Son de la ciudadan\u00eda\u201d.<\/p>\n<p class=\"\">A continuaci\u00f3n, ha lamentado que la negativa del PP se haya extendido por las comunidades que gobierna, una crisis que, originalmente, estaba limitada a Andaluc\u00eda. \u201cLa ciudadan\u00eda ha perdido la confianza inicialmente en Andaluc\u00eda. Y el Partido Popular, de manera absolutamente inexplicable, lo ha extendido a todas las comunidades gobernadas por su partido. \u00bfQui\u00e9n es el lumbreras que le dijo al Partido Popular que, en un momento de crisis sanitaria y de crisis de confianza en los programas de cribado, ten\u00eda que ocultar los datos? Yo no lo puedo entender y as\u00ed se lo he hecho tambi\u00e9n ver a muchos consejeros. No entiendo por qu\u00e9 en este momento en el que la ciudadan\u00eda necesita confianza, el Partido Popular lo \u00fanico que ofrece es opacidad\u201d, ha dicho Garc\u00eda. <\/p>\n<p class=\"\">La reuni\u00f3n del Consejo Interterritorial de este viernes cierra una semana en la que se ha recrudecido la crisis sanitaria originada en Andaluc\u00eda, con <a href=\"https:\/\/elpais.com\/sociedad\/2025-10-23\/la-fiscalia-andaluza-investiga-los-fallos-en-el-cribado-de-cancer-de-mama.html\" target=\"_self\" rel=\"nofollow noopener\" title=\"https:\/\/elpais.com\/sociedad\/2025-10-23\/la-fiscalia-andaluza-investiga-los-fallos-en-el-cribado-de-cancer-de-mama.html\">la entrada de la Fiscal\u00eda en el caso<\/a> para investigar los fallos ocurridos en las pruebas para detectar el c\u00e1ncer de mama y las denuncias de algunas pacientes cuyas pruebas, colgadas en el sistema inform\u00e1tico de la sanidad andaluza, <a href=\"https:\/\/elpais.com\/espana\/2025-10-23\/por-andalucia-muestra-en-el-parlamento-una-supuesta-mamografia-manipulada-diran-los-tribunales-lo-que-ha-pasado.html\" target=\"_self\" rel=\"nofollow noopener\" title=\"https:\/\/elpais.com\/espana\/2025-10-23\/por-andalucia-muestra-en-el-parlamento-una-supuesta-mamografia-manipulada-diran-los-tribunales-lo-que-ha-pasado.html\">habr\u00edan sido manipuladas<\/a>.<\/p>\n<p class=\"\">En la arena pol\u00edtica, el debate ha cogido vuelo con la negativa de las comunidades gobernadas por el PP a responder a la petici\u00f3n del Ministerio de Sanidad de compartir los resultados e indicadores de sus programas de cribado, una <a href=\"https:\/\/elpais.com\/espana\/2025-10-23\/castilla-y-leon-se-desmarca-de-otras-comunidades-del-pp-y-si-aportara-al-gobierno-sus-datos-de-cribados-de-cancer.html\" target=\"_self\" rel=\"nofollow noopener\" title=\"https:\/\/elpais.com\/espana\/2025-10-23\/castilla-y-leon-se-desmarca-de-otras-comunidades-del-pp-y-si-aportara-al-gobierno-sus-datos-de-cribados-de-cancer.html\">negativa de la que, sin embargo, este jueves se desmarc\u00f3 Castilla y Le\u00f3n<\/a>.<\/p>\n<p class=\"\">Una posici\u00f3n que ya critic\u00f3 con fuerza la ministra de Sanidad el pasado martes, cuando acus\u00f3 a los populares de querer \u201cocultar\u201d a los pacientes los datos de los programas de cribado frente al c\u00e1ncer de mama, de colon y de c\u00e9rvix porque estos son \u201cmalos\u201d debido a la mala gesti\u00f3n de los respectivos gobiernos conservadores.<\/p>\n<p class=\"\">M\u00f3nica Garc\u00eda incidi\u00f3 en que estos datos no pertenecen a las comunidades, sino a los pacientes, y anunci\u00f3 que su departamento recurrir\u00eda a la Ley de Transparencia hasta las \u00faltimas consecuencias para que esta informaci\u00f3n sea hecha p\u00fablica. \u201cLa falta de transparencia revela un modo de incompetencia\u201d, remach\u00f3 Garc\u00eda.<\/p>\n","protected":false},"excerpt":{"rendered":"Los consejeros de Sanidad de las comunidades gobernadas por el Partido Popular se han levantado de la mesa&hellip;\n","protected":false},"author":2,"featured_media":198055,"comment_status":"","ping_status":"","sticky":false,"template":"","format":"standard","meta":{"footnotes":""},"categories":[8],"tags":[259,17,18,1066,17019,6322,54792,25,24,13,14,11,19,20,18571,9,10,15,16,1811,17109,492,23,12,21,22],"class_list":{"0":"post-198054","1":"post","2":"type-post","3":"status-publish","4":"format-standard","5":"has-post-thumbnail","7":"category-espana","8":"tag-andalucia","9":"tag-breaking-news","10":"tag-breakingnews","11":"tag-cancer","12":"tag-cancer-mama","13":"tag-comunidades-autonomas","14":"tag-crisis-cribados","15":"tag-es","16":"tag-espana","17":"tag-featured-news","18":"tag-featurednews","19":"tag-headlines","20":"tag-latest-news","21":"tag-latestnews","22":"tag-monica-garcia-gomez","23":"tag-news","24":"tag-noticias","25":"tag-noticias-destacadas","26":"tag-noticiasdestacadas","27":"tag-sanidad","28":"tag-sanidad-publica","29":"tag-sociedad","30":"tag-spain","31":"tag-titulares","32":"tag-ultimas-noticias","33":"tag-ultimasnoticias"},"share_on_mastodon":{"url":"https:\/\/pubeurope.com\/@es\/115428549205866868","error":""},"_links":{"self":[{"href":"https:\/\/www.europesays.com\/es\/wp-json\/wp\/v2\/posts\/198054","targetHints":{"allow":["GET"]}}],"collection":[{"href":"https:\/\/www.europesays.com\/es\/wp-json\/wp\/v2\/posts"}],"about":[{"href":"https:\/\/www.europesays.com\/es\/wp-json\/wp\/v2\/types\/post"}],"author":[{"embeddable":true,"href":"https:\/\/www.europesays.com\/es\/wp-json\/wp\/v2\/users\/2"}],"replies":[{"embeddable":true,"href":"https:\/\/www.europesays.com\/es\/wp-json\/wp\/v2\/comments?post=198054"}],"version-history":[{"count":0,"href":"https:\/\/www.europesays.com\/es\/wp-json\/wp\/v2\/posts\/198054\/revisions"}],"wp:featuredmedia":[{"embeddable":true,"href":"https:\/\/www.europesays.com\/es\/wp-json\/wp\/v2\/media\/198055"}],"wp:attachment":[{"href":"https:\/\/www.europesays.com\/es\/wp-json\/wp\/v2\/media?parent=198054"}],"wp:term":[{"taxonomy":"category","embeddable":true,"href":"https:\/\/www.europesays.com\/es\/wp-json\/wp\/v2\/categories?post=198054"},{"taxonomy":"post_tag","embeddable":true,"href":"https:\/\/www.europesays.com\/es\/wp-json\/wp\/v2\/tags?post=198054"}],"curies":[{"name":"wp","href":"https:\/\/api.w.org\/{rel}","templated":true}]}}