{"id":198064,"date":"2025-10-24T10:05:11","date_gmt":"2025-10-24T10:05:11","guid":{"rendered":"https:\/\/www.europesays.com\/es\/198064\/"},"modified":"2025-10-24T10:05:11","modified_gmt":"2025-10-24T10:05:11","slug":"franco-colapinto-iniciara-su-actividad-en-el-gran-premio-de-mexico-con-una-practica-con-muchos-cambios-hora-tv-y-todo-lo-que-hay-que-saber","status":"publish","type":"post","link":"https:\/\/www.europesays.com\/es\/198064\/","title":{"rendered":"Franco Colapinto iniciar\u00e1 su actividad en el Gran Premio de M\u00e9xico con una pr\u00e1ctica con muchos cambios: hora, TV y todo lo que hay que saber"},"content":{"rendered":"<p>24 Oct, 2025 06:00 a.m. EST<\/p>\n<p>D\u00cdAS Y HORARIOS DE FRANCO COLAPINTO EN EL GRAN PREMIO DE M\u00c9XICO<\/p>\n<p class=\"paragraph\">Viernes 24 de octubre<\/p>\n<p class=\"paragraph\"><b>Pr\u00e1ctica Libre 1<\/b>: 15.30 (Argentina) \/ 12.30 (M\u00e9xico)<\/p>\n<p class=\"paragraph\"><b>Pr\u00e1ctica Libre 2<\/b>: 19.00 (Argentina) \/ 16.00 (M\u00e9xico)<\/p>\n<p class=\"paragraph\">S\u00e1bado 25 de octubre<\/p>\n<p class=\"paragraph\"><b>Pr\u00e1ctica Libre 3<\/b>: 14.30 (Argentina) \/ 11.30 (M\u00e9xico)<\/p>\n<p class=\"paragraph\"><b>Clasificaci\u00f3n<\/b>: 18.00 (Argentina) \/ 15.00 (M\u00e9xico)<\/p>\n<p class=\"paragraph\">Domingo 26 de octubre<\/p>\n<p class=\"paragraph\"><b>Carrera a 71 vueltas<\/b>: 17.00 (Argentina) \/ 14.00 (M\u00e9xico)<\/p>\n<p class=\"paragraph\"><b>Televisaci\u00f3n<\/b>: Disney+ y Fox Sports (Latinoam\u00e9rica) \/ F1TV (plataforma) \/ BandSports (Brasil) \/ DAZN (Espa\u00f1a) \/ ESPN Deportes (Estados Unidos) \/ Sky Italia (Italia) \/ Sky Sports (Reino Unido)<\/p>\n<p><a aria-label=\"Los 9 cambios de pilotos que habr\u00e1 en el primer entrenamiento del Gran Premio de M\u00e9xico de F\u00f3rmula 1\" href=\"https:\/\/www.infobae.com\/deportes\/2025\/10\/22\/los-9-cambios-de-piloto-que-habra-en-el-primer-entrenamiento-del-gran-premio-de-mexico-de-formula-1\/\" rel=\"noreferrer nofollow noopener\" target=\"_blank\">Los 9 cambios de pilotos que habr\u00e1 en el primer entrenamiento del Gran Premio de M\u00e9xico de F\u00f3rmula 1<\/a>Los equipos ceder\u00e1n sus butacas a corredores rookies en la FP1 para cumplir con las obligaciones reglamentarias<img alt=\"Max Verstappen y Lewis Hamilton,\" class=\"global-image\" decoding=\"async\" fetchpriority=\"high\" height=\"3887\" loading=\"eager\" src=\"https:\/\/www.europesays.com\/es\/wp-content\/uploads\/2025\/10\/X4OYP7HXPNBJFJAPYK6N7ZAKLU.JPG\" width=\"5546\"\/>Max Verstappen y Lewis Hamilton, dos de los que ceder\u00e1n sus coches en la pr\u00e1ctica libre de M\u00e9xico (Foto: Reuters\/Jakub Porzycki)<\/p>\n<p class=\"paragraph\">La <b>F\u00f3rmula 1<\/b> vivir\u00e1 un inicio por dem\u00e1s particular de la 20\u00aa fecha del calendario 2025 en el Aut\u00f3dromo Hermanos Rodr\u00edguez para el <b>Gran Premio de M\u00e9xico<\/b>: habr\u00e1 <b>nueve pilotos novatos girando en la pr\u00e1ctica 1 del viernes<\/b>.<\/p>\n<p><a aria-label=\"Las razones por las que Nicol\u00e1s Varrone puede so\u00f1ar con la F\u00f3rmula 1 y cu\u00e1l es el mano a mano clave que afrontar\u00e1 en F2\" href=\"https:\/\/www.infobae.com\/deportes\/2025\/10\/23\/las-razones-por-las-que-nicolas-varrone-puede-sonar-con-la-formula-1-y-cual-es-el-mano-a-mano-clave-que-afrontara-en-f2\/\" rel=\"noreferrer nofollow noopener\" target=\"_blank\">Las razones por las que Nicol\u00e1s Varrone puede so\u00f1ar con la F\u00f3rmula 1 y cu\u00e1l es el mano a mano clave que afrontar\u00e1 en F2<\/a>El argentino correr\u00e1 en el equipo VAR de F\u00f3rmula 2 en 2026 y de la mano de General Motors buscar\u00e1 la promoci\u00f3n a Cadillac. C\u00f3mo ser\u00e1 evaluado <img alt=\"Nicol\u00e1s Varrone correr\u00e1 en la\" class=\"global-image\" decoding=\"async\" fetchpriority=\"high\" height=\"760\" loading=\"eager\" src=\"https:\/\/www.europesays.com\/es\/wp-content\/uploads\/2025\/10\/1761300310_648_KYPL5XJN4JGYTJMQYOP3GOEULA.jpg\" width=\"1290\"\/>Nicol\u00e1s Varrone correr\u00e1 en la F\u00f3rmula 2 y qued\u00f3 a un paso de la F\u00f3rmula 1. De la mano de General Motors buscar\u00e1 su chance en Cadillac <\/p>\n<p class=\"paragraph\">La <a href=\"https:\/\/www.infobae.com\/deportes\/2025\/10\/23\/otro-argentino-rumbo-a-la-formula-1-nicolas-varrone-fue-confirmado-por-una-escuderia-de-f2-para-la-temporada-2026\/\" target=\"_blank\" rel=\"nofollow noopener\" title=\"https:\/\/www.infobae.com\/deportes\/2025\/10\/23\/otro-argentino-rumbo-a-la-formula-1-nicolas-varrone-fue-confirmado-por-una-escuderia-de-f2-para-la-temporada-2026\/\">llegada de <b>Nicol\u00e1s Varrone<\/b> a la <b>F\u00f3rmula 2<\/b><\/a> renov\u00f3 las expectativa sobre la posible llegada del piloto argentino a la<b> F\u00f3rmula 1<\/b>. Si bien cumplir\u00e1 26 a\u00f1os el 6 de noviembre del pr\u00f3ximo a\u00f1o, el ser corredor oficial de General Motors (GM) le abre una perspectiva diferente al del resto de las escuder\u00edas de la M\u00e1xima y la chance en el flamante equipo <b>Cadillac <\/b>puede darse en el futuro. <\/p>\n<p>Los detalles del circuito en el Gran Premio de M\u00e9xico<\/p>\n<p><img alt=\"La carrera ser\u00e1 en el\" class=\"global-image\" decoding=\"async\" fetchpriority=\"low\" height=\"1286\" loading=\"lazy\" src=\"https:\/\/www.europesays.com\/es\/wp-content\/uploads\/2025\/10\/BJXGKL7FMZHINJHWMEYPC37LRM.jpg\" width=\"1920\"\/>La carrera ser\u00e1 en el Aut\u00f3dromo Hermanos Rodr\u00edguez<\/p>\n<p class=\"paragraph\">\u00a1Bienvenidos! <b>Franco Colapinto<\/b> volver\u00e1 a tener actividad al mando de su Alpine en una de las fechas m\u00e1s esperadas para los fan\u00e1ticos en el Gran Premio de M\u00e9xico en el Aut\u00f3dromo Hermanos Rodr\u00edguez.<\/p>\n<p><img alt=\"Franco Colapinto saldr\u00e1 a pista\" class=\"global-image\" decoding=\"async\" fetchpriority=\"low\" height=\"4644\" loading=\"lazy\" src=\"https:\/\/www.europesays.com\/es\/wp-content\/uploads\/2025\/10\/DMWC4CF27JCFBOM3HOBU6U6U2Y.JPG\" width=\"8256\"\/>Franco Colapinto saldr\u00e1 a pista por primera vez en el GP de M\u00e9xico (Foto: Jerome Miron-Imagn Images)<\/p>\n","protected":false},"excerpt":{"rendered":"24 Oct, 2025 06:00 a.m. EST D\u00cdAS Y HORARIOS DE FRANCO COLAPINTO EN EL GRAN PREMIO DE M\u00c9XICO&hellip;\n","protected":false},"author":2,"featured_media":198065,"comment_status":"","ping_status":"","sticky":false,"template":"","format":"standard","meta":{"footnotes":""},"categories":[270],"tags":[168,25,24,306,271,272,3119,23,3020,167],"class_list":{"0":"post-198064","1":"post","2":"type-post","3":"status-publish","4":"format-standard","5":"has-post-thumbnail","7":"category-formula-1","8":"tag-deportes","9":"tag-es","10":"tag-espana","11":"tag-f1","12":"tag-formula-1","13":"tag-formula1","14":"tag-north-america","15":"tag-spain","16":"tag-sport","17":"tag-sports"},"share_on_mastodon":{"url":"https:\/\/pubeurope.com\/@es\/115428584736893678","error":""},"_links":{"self":[{"href":"https:\/\/www.europesays.com\/es\/wp-json\/wp\/v2\/posts\/198064","targetHints":{"allow":["GET"]}}],"collection":[{"href":"https:\/\/www.europesays.com\/es\/wp-json\/wp\/v2\/posts"}],"about":[{"href":"https:\/\/www.europesays.com\/es\/wp-json\/wp\/v2\/types\/post"}],"author":[{"embeddable":true,"href":"https:\/\/www.europesays.com\/es\/wp-json\/wp\/v2\/users\/2"}],"replies":[{"embeddable":true,"href":"https:\/\/www.europesays.com\/es\/wp-json\/wp\/v2\/comments?post=198064"}],"version-history":[{"count":0,"href":"https:\/\/www.europesays.com\/es\/wp-json\/wp\/v2\/posts\/198064\/revisions"}],"wp:featuredmedia":[{"embeddable":true,"href":"https:\/\/www.europesays.com\/es\/wp-json\/wp\/v2\/media\/198065"}],"wp:attachment":[{"href":"https:\/\/www.europesays.com\/es\/wp-json\/wp\/v2\/media?parent=198064"}],"wp:term":[{"taxonomy":"category","embeddable":true,"href":"https:\/\/www.europesays.com\/es\/wp-json\/wp\/v2\/categories?post=198064"},{"taxonomy":"post_tag","embeddable":true,"href":"https:\/\/www.europesays.com\/es\/wp-json\/wp\/v2\/tags?post=198064"}],"curies":[{"name":"wp","href":"https:\/\/api.w.org\/{rel}","templated":true}]}}