{"id":198074,"date":"2025-10-24T10:10:11","date_gmt":"2025-10-24T10:10:11","guid":{"rendered":"https:\/\/www.europesays.com\/es\/198074\/"},"modified":"2025-10-24T10:10:11","modified_gmt":"2025-10-24T10:10:11","slug":"no-es-un-libro-es-un-error-el-mundo","status":"publish","type":"post","link":"https:\/\/www.europesays.com\/es\/198074\/","title":{"rendered":"No es un libro, es un error &#8211; El Mundo"},"content":{"rendered":"<ol>\n<li><a href=\"https:\/\/news.google.com\/rss\/articles\/CBMigAFBVV95cUxPQ2hJT0dlX3ZEMTUxM2RpcVR3SXFVcllYYTB1dE8yVVlFRW9LS0lubVRLNjBHaGFyZG9ObW5DOVVmRWtYMmp1amJGVGdoRmpGMnRKNVMyQXduUFhGcTZsQUVITnlMSlo1WHBiNW9jOTFBdDJxTkhfZm5WclRLa2tFMNIBgAFBVV95cUxQc1JabWVhbThCcG5mMmI1RFRKajJaVF81dWhuSnlubGMwa2VtVkdicjJmdlpDS0xrODBzOXVOV0FkZDk5M3NSY3RnYmctTkM2dk5xc2JCMFZJaTNCX0E5SzBOcG9aUmFUbThLMDZKWnNfSWoxTGJJTXJwLTdWUmJjag?oc=5\" target=\"_blank\" rel=\"nofollow noopener\">No es un libro, es un error<\/a>&nbsp;&nbsp;El Mundo<\/li>\n<li><a href=\"https:\/\/news.google.com\/rss\/articles\/CBMixgFBVV95cUxOVFZjYzAzaTNiTEdiMGVXMTJ5MGVWcV9taXNtSXJBd2xpb09QRnhYUkpZOXZvSVNYa3diT2lwcXNSMVlOeHpuQWtiYWNuQ1Q0WVlNcTQ4d1N4U0dxVXh5NERiX01xcU0xbVFxQnVZU0dVc1lVS1c3UE9Cb3BuNHB6N2Y3TUtUNFpjbEM4Y2hyakswbnRIeER0OHZCdjgwTTFtcmMySk92MGhzdzlBdFdWSmhRdGVBMmMzNEFDTUdxMmdjNmRQRUHSAcsBQVVfeXFMTmxlLXFKYURnakloWURGMVVLUzlNN2hFQ0g0VmZHNmNzOV81M1ZyTlJpWW5pcXJFSkNDM0loVFJweGwxb1hrZ2pQMWw5STF0YlN5RlJDdHBnUlB5eExpWThybWlBSGc4cHRSVVJZbU1MMkdzMTFxc0FiMlhTQkhkSFNwTHBLOVF4cEV4UUxPUkpWN3FGT054ank3TlBBU2RTcDg5djNRQ3EyT1NOamVtTXBxZTRCV0NvVTY5OWZrQWhZWmdiTkVnVXd6Nk0?oc=5\" target=\"_blank\" rel=\"nofollow noopener\">Isabel Preysler aclara la pol\u00e9mica que m\u00e1s ha da\u00f1ado a los Vargas Llosa: qui\u00e9n pagaba la buena vida en Puerta del Hierro del escritor<\/a>&nbsp;&nbsp;Mujerhoy<\/li>\n<li><a href=\"https:\/\/news.google.com\/rss\/articles\/CBMijwJBVV95cUxNejhCdVVzT3FCd1JqaEJUN3JqcWJicHQwVkZsWmxIbjJCNXhmR0VfOWtCcnhfN0pFeFNwYkJKb2FWdjFrQXI0ckNHRFlpSXpVbU5sSDJyclh5eGxBaE5xZUxrcGZVUEJ1VlJKSFJoUF9CMjloS0lQRFdGdWZTT0tja09MZUZIZ3ltZ000cUxTOW9DaWs4ZXc1SjdHSWcxU2lrWlRQQjFwTkxxT3NQMFFvYXhjVjdnbms0WTFqZzFEbmt0aXFmcmJfOHFpYXk0LTZZejNFMFRSWFUzYldfU3BITGhpRWg0YWxENDZBS2tSWXlrQWM3azBGZzg4cDV6eXZwWVZ0bEtvZlVPRkxHanpn?oc=5\" target=\"_blank\" rel=\"nofollow noopener\">La autobiograf\u00eda de Isabel Preysler en 10 frases: del \u201cest\u00e1s muy mal educado\u201d al \u201ccuando se me desmoron\u00f3 la nariz todos quisieron salir corriendo\u201d<\/a>&nbsp;&nbsp;EL PA\u00cdS<\/li>\n<li><a href=\"https:\/\/news.google.com\/rss\/articles\/CBMiuAFBVV95cUxNTXJDYUo4YkZIN0V6RlpQaGgxekRPdFZHRWVvLWtZLWctR1Q3MWotWF9Uck9lRjRZWDVUcG1PcmxGVFA0Mm14V1ZqWkJVQWZEcVJRX09rWXh4T0J0SVZJV2dzaEZxeGlGMGpoS3pWRFhlTFNWcnNPaS1YUWpNWlNTWnowaVpLOGdjcWhtMEEwNkM0cDJ3R2g1ZUNvWTlxSlhGamVTMUg3UEk1akppalBpVWdmODlfZU9y?oc=5\" target=\"_blank\" rel=\"nofollow noopener\">Isabel Preysler en &#8216;El hormiguero&#8217;: \u00abQuer\u00eda mucho a Julio Iglesias, pero no era el momento de casarnos\u00bb<\/a>&nbsp;&nbsp;Vanitatis<\/li>\n<li><a href=\"https:\/\/news.google.com\/rss\/articles\/CBMi7AFBVV95cUxQU2RFLUFTMU9PT3FTdlF1cDZkQUxlaGl0UVdEbGVRNEhuWWJrT3ZlNEdWdmFGN0hhSUdxbWtuQVdkZG9INDluQWh4T042YWYtUXM1eUdYY3ZxMGFoT0c1c1h6ekdpa2M2ZEkyZEljbFJLWjhDWlIwem5sRkxEdE81eFhWTm5Sc054bmhxRkMzMTdsT3d6enpzV3RMVlpGVElVS1VPZHB6SW12OUhlUm5wRG42Q1hKalRpV3pBaktqM0k5QlRadXJNNDlZSXdoV1hiWDlEWkZsLU5KTVhONDBBQ19CQnRWem1HNnVxQw?oc=5\" target=\"_blank\" rel=\"nofollow noopener\">Isabel Preysler se pronuncia sobre la mala relaci\u00f3n entre Julio Iglesias y su hijo Enrique: \u00abNo se port\u00f3 como deber\u00eda\u00bb<\/a>&nbsp;&nbsp;20Minutos<\/li>\n<\/ol>\n","protected":false},"excerpt":{"rendered":"No es un libro, es un error&nbsp;&nbsp;El Mundo Isabel Preysler aclara la pol\u00e9mica que m\u00e1s ha da\u00f1ado a&hellip;\n","protected":false},"author":2,"featured_media":198075,"comment_status":"","ping_status":"","sticky":false,"template":"","format":"standard","meta":{"footnotes":""},"categories":[172],"tags":[224,146,147,25,24,225,720,23],"class_list":{"0":"post-198074","1":"post","2":"type-post","3":"status-publish","4":"format-standard","5":"has-post-thumbnail","7":"category-libros","8":"tag-books","9":"tag-entertainment","10":"tag-entretenimiento","11":"tag-es","12":"tag-espana","13":"tag-libros","14":"tag-loc-famosos","15":"tag-spain"},"share_on_mastodon":{"url":"https:\/\/pubeurope.com\/@es\/115428604519944352","error":""},"_links":{"self":[{"href":"https:\/\/www.europesays.com\/es\/wp-json\/wp\/v2\/posts\/198074","targetHints":{"allow":["GET"]}}],"collection":[{"href":"https:\/\/www.europesays.com\/es\/wp-json\/wp\/v2\/posts"}],"about":[{"href":"https:\/\/www.europesays.com\/es\/wp-json\/wp\/v2\/types\/post"}],"author":[{"embeddable":true,"href":"https:\/\/www.europesays.com\/es\/wp-json\/wp\/v2\/users\/2"}],"replies":[{"embeddable":true,"href":"https:\/\/www.europesays.com\/es\/wp-json\/wp\/v2\/comments?post=198074"}],"version-history":[{"count":0,"href":"https:\/\/www.europesays.com\/es\/wp-json\/wp\/v2\/posts\/198074\/revisions"}],"wp:featuredmedia":[{"embeddable":true,"href":"https:\/\/www.europesays.com\/es\/wp-json\/wp\/v2\/media\/198075"}],"wp:attachment":[{"href":"https:\/\/www.europesays.com\/es\/wp-json\/wp\/v2\/media?parent=198074"}],"wp:term":[{"taxonomy":"category","embeddable":true,"href":"https:\/\/www.europesays.com\/es\/wp-json\/wp\/v2\/categories?post=198074"},{"taxonomy":"post_tag","embeddable":true,"href":"https:\/\/www.europesays.com\/es\/wp-json\/wp\/v2\/tags?post=198074"}],"curies":[{"name":"wp","href":"https:\/\/api.w.org\/{rel}","templated":true}]}}