{"id":198080,"date":"2025-10-24T10:13:09","date_gmt":"2025-10-24T10:13:09","guid":{"rendered":"https:\/\/www.europesays.com\/es\/198080\/"},"modified":"2025-10-24T10:13:09","modified_gmt":"2025-10-24T10:13:09","slug":"llega-el-frankenstein-de-guillermo-del-toro","status":"publish","type":"post","link":"https:\/\/www.europesays.com\/es\/198080\/","title":{"rendered":"Llega el Frankenstein de Guillermo del Toro"},"content":{"rendered":"<p>Tenemos esta semana unos estrenos que son mejores que la seguridad del Louvre y, a no ser que teng\u00e1is el mismo problema que Sarkozy para  &#8230; ir al cine, os aconsejo que vay\u00e1is a verlos.<\/p>\n<p class=\"v-p\">Si hay una pel\u00edcula adecuada para la semana de Halloween es una nueva versi\u00f3n de &#8216;Frankenstein&#8217; (eso o la pelea de Andy y Lucas), aquel Prometeo hecho a retazos de cuerpos muertos que naci\u00f3 de la imaginaci\u00f3n de Mary Shelley. Por cierto, surgido en una competici\u00f3n, en medio de una terrible tormenta, en la que uno de los contendientes era nada menos que Lord Byron (imprescindible ver la maravillosa &#8216;Remando al viento&#8217; del a\u00f1o 1988, que cuenta esas vacaciones legendarias). <\/p>\n<p class=\"v-p\">Y si hay un director con un universo poblado de monstruos buenos, \u00edncubos con apariencia de princesas, atmosferas de azufre y g\u00f3ticas realizaciones, es Guillermo del Toro (de los pocos autores cinematogr\u00e1ficos que pueden poner su nombre delante del t\u00edtulo como sello de calidad). Jacob Elordi y Oscar Isaac son los sufridos protagonistas a los que la culpa les arrastra al infierno, retratada en la que dicen que es la obra m\u00e1s perfecta del risue\u00f1o mexicano, a pesar de que en ocasiones es m\u00e1s dif\u00edcil de seguir que la sintaxis en las sesiones de control del Congreso.<\/p>\n<p class=\"v-p\">Otra directora a tener en cuenta de la nueva hornada que est\u00e1 revolucionando el cine espa\u00f1ol es Alauda &#8216;Cinco lobitos&#8217; Ruiz de Az\u00faa, que son su fresca mirada, despojada de prejuicios, es capaz de firmar pel\u00edculas que llegan al coraz\u00f3n sin sensibler\u00edas. Eso sucede, y de qu\u00e9 manera, en la ganadora de la Concha de Oro de San Sebasti\u00e1n &#8216;Los domingos&#8217;. <\/p>\n<p class=\"v-p\">En ella una chica de diecisiete a\u00f1os decide tomar los h\u00e1bitos ante la incomprensi\u00f3n de sus padres, sus amigos y todo un mundo que no entiende que se quiera bajar en marcha de \u00e9l para hacerse monja de clausura. Una delicia alejada tanto de Radio Mar\u00eda como de las diatribas anticlericales. Un cargamento tan delicado como la vocaci\u00f3n, sea la que sea, es manejada con el mismo cuidado que la nitroglicerina. Como dicen en mi libro favorito, &#8216;Retorno a Brideshead&#8217;, la vocaci\u00f3n cuando se tiene se puede odiar o amar, pero no se puede escapar de ella. <\/p>\n<p class=\"v-p\">Jeremy Allen White pone su cara de reconcentrado para interpretar al cantante de &#8216;Born in the USA&#8217; en &#8216;Springsteen: deliver me from nowhere&#8217;. Un largometraje que nos cuenta justo el momento de la eclosi\u00f3n del de New Jersey, cuando se debate entre lo que le pide la discogr\u00e1fica y lo que realmente quiere hacer. Vemos a Bruce cuando opositaba para the Boss componiendo su \u00e1lbum &#8216;Nebraska&#8217;, un gran disco muy por encima del film. En \u00e9l reconoceremos tantos lugares comunes, compartidos o copiados, de otras aventuras cinematogr\u00e1ficas con m\u00fasicos de protagonistas como las recientes &#8216;A complete unknow&#8217;, &#8216;Rocketman&#8217; o &#8216; Bohemian Rhapsody&#8217;. Supongo que todos los creadores pasan al final por lo mismo. <\/p>\n<p class=\"v-p\">La primera de &#8216;Black Phone&#8217;, este viernes estrenan la segunda parte, era un plagio (los productores lo llamaron homenaje) mal disimulado de &#8216;Pesadilla en Elm Street&#8217; (1984). Los terribles sue\u00f1os de los j\u00f3venes protagonistas se convierten en asesinatos sanguinarios reales y en un listado de sustos previsibles e inevitables. Miedo al uso para adolescentes, publico objetivo de estos artefactos, pero que en el fondo dan tan poco pavor, por esperables, como las broncas de Trump a Espa\u00f1a.<\/p>\n<p class=\"v-p\">Terminamos con una facilona comedia negra nacional con el inevitable Arturo Valls titulada &#8216;Peque\u00f1os calvarios&#8217;. Son cuatro historias de personas que andan sufriendo en mayor o menor grado por algo, y un exc\u00e9ntrico relojero que se empe\u00f1a en ayudarles. Se ha rodado con buena voluntad y los actores se entregan con entusiasmo digno de mejor causa, pero el resultado es deslavazado y, peor a\u00fan, sin gracia. Un peque\u00f1o calvario.<\/p>\n<p class=\"v-p\">Que teng\u00e1is una semana de cine.<\/p>\n","protected":false},"excerpt":{"rendered":"Tenemos esta semana unos estrenos que son mejores que la seguridad del Louvre y, a no ser que&hellip;\n","protected":false},"author":2,"featured_media":198081,"comment_status":"","ping_status":"","sticky":false,"template":"","format":"standard","meta":{"footnotes":""},"categories":[169],"tags":[177,146,147,25,24,176,8750,6891,5012,175,23,913],"class_list":{"0":"post-198080","1":"post","2":"type-post","3":"status-publish","4":"format-standard","5":"has-post-thumbnail","7":"category-cine","8":"tag-cine","9":"tag-entertainment","10":"tag-entretenimiento","11":"tag-es","12":"tag-espana","13":"tag-film","14":"tag-frankenstein","15":"tag-guillermo","16":"tag-llega","17":"tag-movies","18":"tag-spain","19":"tag-toro"},"share_on_mastodon":{"url":"https:\/\/pubeurope.com\/@es\/115428616090230209","error":""},"_links":{"self":[{"href":"https:\/\/www.europesays.com\/es\/wp-json\/wp\/v2\/posts\/198080","targetHints":{"allow":["GET"]}}],"collection":[{"href":"https:\/\/www.europesays.com\/es\/wp-json\/wp\/v2\/posts"}],"about":[{"href":"https:\/\/www.europesays.com\/es\/wp-json\/wp\/v2\/types\/post"}],"author":[{"embeddable":true,"href":"https:\/\/www.europesays.com\/es\/wp-json\/wp\/v2\/users\/2"}],"replies":[{"embeddable":true,"href":"https:\/\/www.europesays.com\/es\/wp-json\/wp\/v2\/comments?post=198080"}],"version-history":[{"count":0,"href":"https:\/\/www.europesays.com\/es\/wp-json\/wp\/v2\/posts\/198080\/revisions"}],"wp:featuredmedia":[{"embeddable":true,"href":"https:\/\/www.europesays.com\/es\/wp-json\/wp\/v2\/media\/198081"}],"wp:attachment":[{"href":"https:\/\/www.europesays.com\/es\/wp-json\/wp\/v2\/media?parent=198080"}],"wp:term":[{"taxonomy":"category","embeddable":true,"href":"https:\/\/www.europesays.com\/es\/wp-json\/wp\/v2\/categories?post=198080"},{"taxonomy":"post_tag","embeddable":true,"href":"https:\/\/www.europesays.com\/es\/wp-json\/wp\/v2\/tags?post=198080"}],"curies":[{"name":"wp","href":"https:\/\/api.w.org\/{rel}","templated":true}]}}