{"id":198105,"date":"2025-10-24T10:28:08","date_gmt":"2025-10-24T10:28:08","guid":{"rendered":"https:\/\/www.europesays.com\/es\/198105\/"},"modified":"2025-10-24T10:28:08","modified_gmt":"2025-10-24T10:28:08","slug":"carlos-sainz-suena-con-emular-a-fernando-alonso","status":"publish","type":"post","link":"https:\/\/www.europesays.com\/es\/198105\/","title":{"rendered":"Carlos Sainz sue\u00f1a con emular a Fernando Alonso"},"content":{"rendered":"<p class=\"L6-news-detail__text\">En la rueda de prensa previa al Gran Premio de M\u00e9xico que se disputa este fin de semana en el Aut\u00f3dromo Hermanos Rodr\u00edguez, <b>Carlos Sainz<\/b> se deshizo en elogios hacia <b>Fernando Alonso.<\/b><\/p>\n<p class=\"L6-news-detail__text\">De hecho, record\u00f3 el Gran Premio de Espa\u00f1a de 2005 en el que tuvo la oportunidad de conocer al entonces piloto de Renault. <\/p>\n<p class=\"L6-news-detail__text\">\u00abConoc\u00ed a Fernando con 10 a\u00f1os en Barcelona, y <b>eso fue lo que me hizo convertirme en piloto de F\u00f3rmula 1<\/b>\u00ab, se\u00f1al\u00f3.<\/p>\n<p class=\"L6-news-detail__text\">Y ahora, dos d\u00e9cadas despu\u00e9s, se congratula de competir contra \u00e9l: \u00ab20 a\u00f1os despu\u00e9s, Fernando sigue siendo<b> uno de los t\u00edos m\u00e1s r\u00e1pidos de la parrilla<\/b>\u00ab.<\/p>\n<p class=\"L6-news-detail__text\">Es m\u00e1s, Sainz asegur\u00f3 que sue\u00f1a con emular su longeva carrera: <b>\u00abAspiro a continuar durante muchos a\u00f1os en la F\u00f3rmula 1\u00bb<\/b>.<\/p>\n<p class=\"L6-news-detail__text\">\u00abSi mantengo un buen nivel de energ\u00eda, me gustar\u00eda estar aqu\u00ed durante muchos a\u00f1os tambi\u00e9n\u00bb, zanj\u00f3. <\/p>\n<p class=\"L6-support-news-video__title\">\u00abCree que est\u00e1 por encima del bien y del mal\u00bb<\/p>\n<p>            <a href=\"https:\/\/www.lasexta.com\/noticias\/deportes\/futbol\/edu-aguirre-responde-lamine-yamal-cree-dios-futbol_2025102468fb20daf63c3c27fdb40dc8.html\" class=\"L6-news__link\" rel=\"nofollow noopener\" target=\"_blank\"><br \/>\n                Edu Aguirre responde a Lamine Yamal: \u00abSe cree el Dios del f\u00fatbol\u00bb<\/p>\n<p class=\"recirculation-video-desc\">En &#8216;El Chiringuito&#8217; se analizaron las declaraciones del jugador del Bar\u00e7a en las que afirm\u00f3 que el Real Madrid \u00abroba\u00bb.<\/p>\n<p>            <\/a><\/p>\n","protected":false},"excerpt":{"rendered":"En la rueda de prensa previa al Gran Premio de M\u00e9xico que se disputa este fin de semana&hellip;\n","protected":false},"author":2,"featured_media":18146,"comment_status":"","ping_status":"","sticky":false,"template":"","format":"standard","meta":{"footnotes":""},"categories":[270],"tags":[168,25,24,306,271,272,23,167],"class_list":{"0":"post-198105","1":"post","2":"type-post","3":"status-publish","4":"format-standard","5":"has-post-thumbnail","7":"category-formula-1","8":"tag-deportes","9":"tag-es","10":"tag-espana","11":"tag-f1","12":"tag-formula-1","13":"tag-formula1","14":"tag-spain","15":"tag-sports"},"share_on_mastodon":{"url":"https:\/\/pubeurope.com\/@es\/115428675151851574","error":""},"_links":{"self":[{"href":"https:\/\/www.europesays.com\/es\/wp-json\/wp\/v2\/posts\/198105","targetHints":{"allow":["GET"]}}],"collection":[{"href":"https:\/\/www.europesays.com\/es\/wp-json\/wp\/v2\/posts"}],"about":[{"href":"https:\/\/www.europesays.com\/es\/wp-json\/wp\/v2\/types\/post"}],"author":[{"embeddable":true,"href":"https:\/\/www.europesays.com\/es\/wp-json\/wp\/v2\/users\/2"}],"replies":[{"embeddable":true,"href":"https:\/\/www.europesays.com\/es\/wp-json\/wp\/v2\/comments?post=198105"}],"version-history":[{"count":0,"href":"https:\/\/www.europesays.com\/es\/wp-json\/wp\/v2\/posts\/198105\/revisions"}],"wp:featuredmedia":[{"embeddable":true,"href":"https:\/\/www.europesays.com\/es\/wp-json\/wp\/v2\/media\/18146"}],"wp:attachment":[{"href":"https:\/\/www.europesays.com\/es\/wp-json\/wp\/v2\/media?parent=198105"}],"wp:term":[{"taxonomy":"category","embeddable":true,"href":"https:\/\/www.europesays.com\/es\/wp-json\/wp\/v2\/categories?post=198105"},{"taxonomy":"post_tag","embeddable":true,"href":"https:\/\/www.europesays.com\/es\/wp-json\/wp\/v2\/tags?post=198105"}],"curies":[{"name":"wp","href":"https:\/\/api.w.org\/{rel}","templated":true}]}}