{"id":198106,"date":"2025-10-24T10:29:12","date_gmt":"2025-10-24T10:29:12","guid":{"rendered":"https:\/\/www.europesays.com\/es\/198106\/"},"modified":"2025-10-24T10:29:12","modified_gmt":"2025-10-24T10:29:12","slug":"galbiati-no-comento-el-porque-de-la-diferencia-en-los-tiros-libres","status":"publish","type":"post","link":"https:\/\/www.europesays.com\/es\/198106\/","title":{"rendered":"Galbiati: \u00abNo comento el porqu\u00e9 de la diferencia en los tiros libres\u00bb"},"content":{"rendered":"<p><a class=\"v-mdl-ath__fig-a\" href=\"https:\/\/www.elcorreo.com\/autor\/ivan-benito-4702.html\" title=\"Iv\u00e1n Benito\" rel=\"nofollow noopener\" target=\"_blank\"><br \/>\n<img decoding=\"async\" class=\"v-mdl-ath__img\" src=\"https:\/\/www.europesays.com\/es\/wp-content\/uploads\/2025\/09\/1759052531_106_autor-4702-foto-1.jpeg\" alt=\"Iv\u00e1n Benito\"\/><br \/>\n<\/a><\/p>\n<p class=\"v-mdl-ath__p v-mdl-ath__p--6\">\nJueves, 23 de octubre 2025<\/p>\n<p>| Actualizado 24\/10\/2025 00:00h.<\/p>\n<p class=\"v-p\">Galbiati ped\u00eda al descanso hacer lo mismo que en la primera parte: \u00abSer inteligentes e incisivos en ataque\u00bb y \u00abs\u00f3lidos en defensa\u00bb. Sus jugadores no  &#8230; cumplieron el plan. \u00abEn el segundo tiempo ha subido el f\u00edsico y nos han superado. El tercer cuarto ha hecho la diferencia, hemos hecho muchas faltas y no hemos podido volver\u00bb, lamentaba. El italiano mencion\u00f3 que hubo una notable diferencia de tiros libres, pero no quiso ahondar en ello ni escudarse en la actuaci\u00f3n arbitral. \u00abNo comento. No hemos sido s\u00f3lidos en defensa. Hemos estado agresivos, pero ellos m\u00e1s\u00bb, resumi\u00f3.<\/p>\n<p class=\"v-p\">La prensa serbia se preocup\u00f3 por los motivos del horrible inicio de temporada del <a href=\"https:\/\/www.elcorreo.com\/baskonia\/\" title=\"www.elcorreo.com\" data-voc-vtm-id=\"in-text-traffic\" data-mrf-link=\"www.elcorreo.com\" rel=\"nofollow noopener\" target=\"_blank\">Baskonia<\/a> en la Euroliga. \u00abEsta ha sido la peor pretemporada de mi vida. Tra\u00eda una idea pero hemos tenido muchas lesiones\u00bb. Galbiati se detuvo para enumerar cada una, para subrayar tambi\u00e9n la juventud de la plantilla. \u00abEchamos en falta experiencia. Cuando jugamos unidos tenemos grandes momentos, pero en los malos, es al rev\u00e9s\u00bb.<\/p>\n<p class=\"v-p\">Por \u00faltimo, alab\u00f3 el ambiente del Belgrado Arena a excepci\u00f3n del <a href=\"https:\/\/www.elcorreo.com\/baskonia\/diallo-recibe-insulto-racista-estrella-rojabaskonia-20251023233929-nt.html\" title=\"www.elcorreo.com\" data-voc-vtm-id=\"in-text-traffic\" data-mrf-link=\"www.elcorreo.com\" rel=\"nofollow noopener\" target=\"_blank\">episodio racista sufrido por Diallo<\/a> y tambi\u00e9n tuvo buenas palabras para el debut de Kobi Simmons. \u00abTuvo un buen inicio. Dej\u00f3 una gran impresi\u00f3n\u00bb, expres\u00f3 sobre el flamante fichaje, que apenas acumulaba dos entrenamientos.<\/p>\n<p class=\"v-crt__t\"> L\u00edmite de sesiones alcanzadas<\/p>\n<p class=\"v-crt__p\">El acceso al contenido Premium est\u00e1 abierto por cortes\u00eda del establecimiento donde te encuentras, pero ahora mismo hay demasiados usuarios conectados a las vez.<\/p>\n<p class=\"v-crt__p\">Por favor, int\u00e9ntalo pasados unos minutos.<\/p>\n<p>\nVolver a intentar\n<\/p>\n<p class=\"v-crt__t\">Sesi\u00f3n cerrada<\/p>\n<p class=\"v-crt__p\">Al iniciar sesi\u00f3n desde un dispositivo distinto, por seguridad, se cerr\u00f3 la \u00faltima sesi\u00f3n en este.<\/p>\n<p class=\"v-crt__p\">Para continuar disfrutando de su suscripci\u00f3n digital, inicie sesi\u00f3n en este dispositivo.<\/p>\n<p>\nEste contenido es exclusivo para suscriptores\n<\/p>\n<p>Reporta un error<\/p>\n","protected":false},"excerpt":{"rendered":"Jueves, 23 de octubre 2025 | Actualizado 24\/10\/2025 00:00h. Galbiati ped\u00eda al descanso hacer lo mismo que en&hellip;\n","protected":false},"author":2,"featured_media":198107,"comment_status":"","ping_status":"","sticky":false,"template":"","format":"standard","meta":{"footnotes":""},"categories":[269],"tags":[299,298,4714,168,25,24,23,167],"class_list":{"0":"post-198106","1":"post","2":"type-post","3":"status-publish","4":"format-standard","5":"has-post-thumbnail","7":"category-baloncesto","8":"tag-baloncesto","9":"tag-basketball","10":"tag-baskonia","11":"tag-deportes","12":"tag-es","13":"tag-espana","14":"tag-spain","15":"tag-sports"},"share_on_mastodon":{"url":"https:\/\/pubeurope.com\/@es\/115428679503344818","error":""},"_links":{"self":[{"href":"https:\/\/www.europesays.com\/es\/wp-json\/wp\/v2\/posts\/198106","targetHints":{"allow":["GET"]}}],"collection":[{"href":"https:\/\/www.europesays.com\/es\/wp-json\/wp\/v2\/posts"}],"about":[{"href":"https:\/\/www.europesays.com\/es\/wp-json\/wp\/v2\/types\/post"}],"author":[{"embeddable":true,"href":"https:\/\/www.europesays.com\/es\/wp-json\/wp\/v2\/users\/2"}],"replies":[{"embeddable":true,"href":"https:\/\/www.europesays.com\/es\/wp-json\/wp\/v2\/comments?post=198106"}],"version-history":[{"count":0,"href":"https:\/\/www.europesays.com\/es\/wp-json\/wp\/v2\/posts\/198106\/revisions"}],"wp:featuredmedia":[{"embeddable":true,"href":"https:\/\/www.europesays.com\/es\/wp-json\/wp\/v2\/media\/198107"}],"wp:attachment":[{"href":"https:\/\/www.europesays.com\/es\/wp-json\/wp\/v2\/media?parent=198106"}],"wp:term":[{"taxonomy":"category","embeddable":true,"href":"https:\/\/www.europesays.com\/es\/wp-json\/wp\/v2\/categories?post=198106"},{"taxonomy":"post_tag","embeddable":true,"href":"https:\/\/www.europesays.com\/es\/wp-json\/wp\/v2\/tags?post=198106"}],"curies":[{"name":"wp","href":"https:\/\/api.w.org\/{rel}","templated":true}]}}