{"id":198114,"date":"2025-10-24T10:33:13","date_gmt":"2025-10-24T10:33:13","guid":{"rendered":"https:\/\/www.europesays.com\/es\/198114\/"},"modified":"2025-10-24T10:33:13","modified_gmt":"2025-10-24T10:33:13","slug":"los-vecinos-de-humanes-ya-pueden-solicitar-las-ayudas-municipales-para-libros-de-texto-de-este-curso-sociedad","status":"publish","type":"post","link":"https:\/\/www.europesays.com\/es\/198114\/","title":{"rendered":"Los vecinos de Humanes ya pueden solicitar las ayudas municipales para libros de texto de este curso | Sociedad"},"content":{"rendered":"<p class=\"loc\">Humanes de Madrid<\/p>\n<p>Las familias de <a href=\"https:\/\/cadenaser.com\/tag\/humanes_de_madrid\/a\/\" target=\"_blank\" rel=\"nofollow noopener\" title=\"https:\/\/cadenaser.com\/tag\/humanes_de_madrid\/a\/\">Humanes de Madrid<\/a> con hijos cursando segundo ciclo de Educaci\u00f3n Infantil, Primaria, ESO, Educaci\u00f3n Especial, FP b\u00e1sica y de grado medio, y Bachillerato, pueden solicitar sus ayudas municipales para la compra de libros de texto y material escolar hasta el pr\u00f3ximo 5 de noviembre. El Ayuntamiento ha preparado una partida econ\u00f3mica de m\u00e1s de 30.000 euros con ayudas de hasta 100 euros por cada hijo o menor tutelado.<\/p>\n<p>Requisitos<\/p>\n<p>Con la solicitud los padres deben adjuntar las facturas de compra del material y existen ventajas para familias numerosas, parados de larga duraci\u00f3n y v\u00edctimas de violencia de g\u00e9nero, pero siempre en funci\u00f3n de la renta familiar. El menor debe estar empadronado en Humanes antes del 1 de enero de 2024 y estar matriculado en un centro p\u00fablico de dentro o fuera del municipio.<\/p>\n<p>Desde el Ayuntamiento de Humanes recomiendan realizar las solicitudes por v\u00eda electr\u00f3nica para evitar aglomeraciones, pero tambi\u00e9n se pueden realizar de forma presencial y telef\u00f3nica (lunes a viernes de 09:00h. a 13:30h.). M\u00e1s informaci\u00f3n en el tel\u00e9fono 661 407 996 y el correo electr\u00f3nico educacion@ayto-humanesdemadrid.es. <\/p>\n","protected":false},"excerpt":{"rendered":"Humanes de Madrid Las familias de Humanes de Madrid con hijos cursando segundo ciclo de Educaci\u00f3n Infantil, Primaria,&hellip;\n","protected":false},"author":2,"featured_media":198115,"comment_status":"","ping_status":"","sticky":false,"template":"","format":"standard","meta":{"footnotes":""},"categories":[172],"tags":[224,146,147,25,24,225,31371,23],"class_list":{"0":"post-198114","1":"post","2":"type-post","3":"status-publish","4":"format-standard","5":"has-post-thumbnail","7":"category-libros","8":"tag-books","9":"tag-entertainment","10":"tag-entretenimiento","11":"tag-es","12":"tag-espana","13":"tag-libros","14":"tag-libros-de-texto","15":"tag-spain"},"share_on_mastodon":{"url":"https:\/\/pubeurope.com\/@es\/115428694699039505","error":""},"_links":{"self":[{"href":"https:\/\/www.europesays.com\/es\/wp-json\/wp\/v2\/posts\/198114","targetHints":{"allow":["GET"]}}],"collection":[{"href":"https:\/\/www.europesays.com\/es\/wp-json\/wp\/v2\/posts"}],"about":[{"href":"https:\/\/www.europesays.com\/es\/wp-json\/wp\/v2\/types\/post"}],"author":[{"embeddable":true,"href":"https:\/\/www.europesays.com\/es\/wp-json\/wp\/v2\/users\/2"}],"replies":[{"embeddable":true,"href":"https:\/\/www.europesays.com\/es\/wp-json\/wp\/v2\/comments?post=198114"}],"version-history":[{"count":0,"href":"https:\/\/www.europesays.com\/es\/wp-json\/wp\/v2\/posts\/198114\/revisions"}],"wp:featuredmedia":[{"embeddable":true,"href":"https:\/\/www.europesays.com\/es\/wp-json\/wp\/v2\/media\/198115"}],"wp:attachment":[{"href":"https:\/\/www.europesays.com\/es\/wp-json\/wp\/v2\/media?parent=198114"}],"wp:term":[{"taxonomy":"category","embeddable":true,"href":"https:\/\/www.europesays.com\/es\/wp-json\/wp\/v2\/categories?post=198114"},{"taxonomy":"post_tag","embeddable":true,"href":"https:\/\/www.europesays.com\/es\/wp-json\/wp\/v2\/tags?post=198114"}],"curies":[{"name":"wp","href":"https:\/\/api.w.org\/{rel}","templated":true}]}}