{"id":198116,"date":"2025-10-24T10:34:08","date_gmt":"2025-10-24T10:34:08","guid":{"rendered":"https:\/\/www.europesays.com\/es\/198116\/"},"modified":"2025-10-24T10:34:08","modified_gmt":"2025-10-24T10:34:08","slug":"muchos-ven-en-este-rotulo-de-la-revuelta-de-broncano-una-hostia-a-juan-del-val-por-ganar-el-planeta","status":"publish","type":"post","link":"https:\/\/www.europesays.com\/es\/198116\/","title":{"rendered":"Muchos ven en este r\u00f3tulo de &#8216;La Revuelta&#8217; de Broncano una &#8216;hostia&#8217; a Juan del Val por ganar el Planeta"},"content":{"rendered":"<p>El pol\u00e9mico <a href=\"https:\/\/www.huffingtonpost.es\/life\/cultura\/juan-val-premio-planeta-2025.html\" rel=\"nofollow noopener\" target=\"_blank\">Juan del Val ha ganado un pol\u00e9mico premio Planeta<\/a>. El escritor, guionista y colaborador de El Hormiguero gan\u00f3 un mill\u00f3n de euros despu\u00e9s de que Vera, una historia de amor, se llevase el famoso premio literario.\u00a0<\/p>\n<p>\u00abEsto es tan asombroso y una cosa tan fant\u00e1stica que parece que solo le pueden pasar a los dem\u00e1s y toda mi vida ha sido un poco eso\u00bb, dijo al recoger el premio hace una semana en Barcelona.\u00a0<\/p>\n<p>Mucho se ha dicho y escrito sobre dar el premio a Juan del Val. Hasta el propio Alberto N\u00fa\u00f1ez Feij\u00f3o, presidente del Partido Popular y l\u00edder de la oposici\u00f3n al Gobierno de Pedro S\u00e1nchez, lo felicit\u00f3 en redes sociales.\u00a0<\/p>\n<p>Ahora ha sido el programa de TVE La Revuelta, de David Broncano, el que se ha sumado a las bromas por el premio con un sutil dardo a Juan del Val que muchos han visto directamente <b>como una \u00abhostia\u00bb.\u00a0<\/b><\/p>\n<p>Este jueves ha acudido a divertirse a la televisi\u00f3n p\u00fablica el actor turco Can Yaman, que ha explicado que ha aprendido espa\u00f1ol en un a\u00f1o viendo programas de televisi\u00f3n y apuntando en un cuaderno expresiones y refranes t\u00edpicas espa\u00f1olas como \u00abestar a dos velas\u00bb y \u00abmojar el churro\u00bb.\u00a0<\/p>\n<p><b>\u00abCreo que con menos dominio del castellano te dan el premio Planeta\u00bb<\/b>, se ha podido leer en uno de los famosos r\u00f3tulos que van apareciendo durante el programa como si de un Cachitos se tratase.\u00a0<\/p>\n<p>\u00abEste se\u00f1or lleva estudiando 1 a\u00f1o espa\u00f1ol y sabe lo que significa &#8216;estar a dos velas&#8217;, &#8216;pasarse algo por el forro&#8217; y &#8216;mojar el churro&#8217;.\u00a0Hay futbolistas que juegan 10 a\u00f1os en la Liga  y a\u00fan no saben ni decir ni buenos d\u00edas\u00bb, dice uno de los mensajes m\u00e1s difundidos sobre la presencia del actor turco en el programa de David Broncano en TVE.\u00a0<\/p>\n","protected":false},"excerpt":{"rendered":"El pol\u00e9mico Juan del Val ha ganado un pol\u00e9mico premio Planeta. El escritor, guionista y colaborador de El&hellip;\n","protected":false},"author":2,"featured_media":198117,"comment_status":"","ping_status":"","sticky":false,"template":"","format":"standard","meta":{"footnotes":""},"categories":[171],"tags":[9029,146,147,25,24,4260,29956,23,214],"class_list":{"0":"post-198116","1":"post","2":"type-post","3":"status-publish","4":"format-standard","5":"has-post-thumbnail","7":"category-tv","8":"tag-david-broncano","9":"tag-entertainment","10":"tag-entretenimiento","11":"tag-es","12":"tag-espana","13":"tag-juan-del-val","14":"tag-la-revuelta","15":"tag-spain","16":"tag-tv"},"share_on_mastodon":{"url":"https:\/\/pubeurope.com\/@es\/115428698671048291","error":""},"_links":{"self":[{"href":"https:\/\/www.europesays.com\/es\/wp-json\/wp\/v2\/posts\/198116","targetHints":{"allow":["GET"]}}],"collection":[{"href":"https:\/\/www.europesays.com\/es\/wp-json\/wp\/v2\/posts"}],"about":[{"href":"https:\/\/www.europesays.com\/es\/wp-json\/wp\/v2\/types\/post"}],"author":[{"embeddable":true,"href":"https:\/\/www.europesays.com\/es\/wp-json\/wp\/v2\/users\/2"}],"replies":[{"embeddable":true,"href":"https:\/\/www.europesays.com\/es\/wp-json\/wp\/v2\/comments?post=198116"}],"version-history":[{"count":0,"href":"https:\/\/www.europesays.com\/es\/wp-json\/wp\/v2\/posts\/198116\/revisions"}],"wp:featuredmedia":[{"embeddable":true,"href":"https:\/\/www.europesays.com\/es\/wp-json\/wp\/v2\/media\/198117"}],"wp:attachment":[{"href":"https:\/\/www.europesays.com\/es\/wp-json\/wp\/v2\/media?parent=198116"}],"wp:term":[{"taxonomy":"category","embeddable":true,"href":"https:\/\/www.europesays.com\/es\/wp-json\/wp\/v2\/categories?post=198116"},{"taxonomy":"post_tag","embeddable":true,"href":"https:\/\/www.europesays.com\/es\/wp-json\/wp\/v2\/tags?post=198116"}],"curies":[{"name":"wp","href":"https:\/\/api.w.org\/{rel}","templated":true}]}}