{"id":198120,"date":"2025-10-24T10:36:14","date_gmt":"2025-10-24T10:36:14","guid":{"rendered":"https:\/\/www.europesays.com\/es\/198120\/"},"modified":"2025-10-24T10:36:14","modified_gmt":"2025-10-24T10:36:14","slug":"fernando-frias-une-la-vision-mexicana-de-la-muerte-con-la-energia-de-depeche-mode","status":"publish","type":"post","link":"https:\/\/www.europesays.com\/es\/198120\/","title":{"rendered":"Fernando Fr\u00edas une la visi\u00f3n mexicana de la muerte con la energ\u00eda de Depeche Mode"},"content":{"rendered":"<p>En 2013,<strong> <a href=\"https:\/\/www.ultimahora.es\/etiqueta\/Fernando+Fr%C3%ADas.html?utm_source=Inline-tag&amp;utm_medium=internal\" rel=\"nofollow noopener\" target=\"_blank\">Fernando Fr\u00edas<\/a><\/strong> aterriz\u00f3 en el<strong> <a href=\"https:\/\/www.ultimahora.es\/etiqueta\/Evolution+Mallorca+International+Film+Festival.html?utm_source=Inline-tag&amp;utm_medium=internal\" rel=\"nofollow noopener\" target=\"_blank\">Evolution Mallorca International Film Festival<\/a><\/strong> con Rezeta bajo el brazo. Con esa <a href=\"https:\/\/www.ultimahora.es\/etiqueta\/pel%C3%ADcula.html?utm_source=Inline-tag&amp;utm_medium=internal\" rel=\"nofollow noopener\" target=\"_blank\">pel\u00edcula<\/a> se proclam\u00f3 ganador del certamen. Ahora, el cineasta mexicano regresa a la Isla y al festival, pero entre medias suma varios t\u00edtulos m\u00e1s, varios premios de renombre y una nueva cinta, <strong><a href=\"https:\/\/www.ultimahora.es\/etiqueta\/Depeche+Mode.html?utm_source=Inline-tag&amp;utm_medium=internal\" rel=\"nofollow noopener\" target=\"_blank\">Depeche Mode<\/a>: M<\/strong>, que presenta en Espa\u00f1a. Se trata de un filme documental sobre los conciertos que la m\u00edtica banda brit\u00e1nica ofreci\u00f3 en Ciudad de M\u00e9xico y que congregaron a m\u00e1s de 200.000 personas, pero, como el propio Fr\u00edas explica: \u00abVa m\u00e1s all\u00e1\u00bb.<\/p>\n<p>La pel\u00edcula, que se podr\u00e1 ver este viernes en el <strong>CineCiutat<\/strong> junto al propio director que presentar\u00e1 el filme, es una vinculaci\u00f3n de la banda, la devoci\u00f3n que despierta entre sus seguidores (que en M\u00e9xico son legi\u00f3n) y la propia cultura mexicana de la muerte.<\/p>\n<p>Tras el fallecimiento de <strong>Andrew Flecther, Dave Gahan y Martin Gore<\/strong> son los que llevan las riendas de la formaci\u00f3n, que lanz\u00f3 en 2023 Memento Mori (\u2019recuerda que vas a morir\u2019 en lat\u00edn), y son los que lideraron esas actuaciones en Ciudad de M\u00e9xico a las que Fr\u00edas le ha a\u00f1adido una capa de su propia forma de \u00abdesmitificaci\u00f3n\u00bb de la <strong>cosmovisi\u00f3n<\/strong> que se tiene de la muerte en M\u00e9xico, aunque avanza: \u00abEl objetivo es traducir la experiencia del concierto, la locura de estar en \u00e9l, y lo otro, aunque importante, no puede interrumpir el flow de la <a href=\"https:\/\/www.ultimahora.es\/etiqueta\/m%C3%BAsica.html?utm_source=Inline-tag&amp;utm_medium=internal\" rel=\"nofollow noopener\" target=\"_blank\">m\u00fasica<\/a>\u00bb.<\/p>\n<p>No es un trabajo personal, sino un encargo, pero eso no significa que no lo haya hecho propio. Parad\u00f3jicamente, Fr\u00edas detalla que siente m\u00e1s \u00ab<strong>libertad<\/strong>\u00bb ante este tipo de proyectos que con los propios, porque ya hay un camino marcado en cierto sentido y no es \u00abuna hoja en blanco\u00bb.<\/p>\n<p>En definitiva, para Fr\u00edas ha sido \u00abun<strong> desaf\u00edo muy \u00fanico y especial<\/strong>\u00bb, en parte por sumarse a una lista de autores que han realizado <a href=\"https:\/\/www.ultimahora.es\/etiqueta\/pel%C3%ADculas.html?utm_source=Inline-tag&amp;utm_medium=internal\" rel=\"nofollow noopener\" target=\"_blank\">pel\u00edculas<\/a> sobre m\u00fasica y m\u00fasicos, pero tambi\u00e9n con \u00abuna banda sagrada\u00bb como es Depeche Mode, de la cual destaca su capacidad y habilidad por \u00abatravesar la sociedad de cabo a rabo\u00bb, siendo escuchada tanto por gente de cualquier tipo. Por ello, Fr\u00edas tuvo claro que \u00abla pel\u00edcula deb\u00eda ser lo suficientemente accesible para un p\u00fablico amplio, pero tambi\u00e9n para poder ilustrar el concepto de la <strong>muerte en al cultura mexicana<\/strong>\u00bb, por lo que han trabajado con poetas y artistas locales que dan un punto de vista \u00abuniversal\u00bb.<\/p>\n<p>Detalla, eso s\u00ed, que el objetivo no es \u00abdesmitificar\u00bb estos conceptos, sino \u00ababrir la conversaci\u00f3n desde diferentes miradas\u00bb para tener en cuenta cosas como que el <strong>D\u00eda de Muertos<\/strong> \u00abno es en s\u00ed mexicano, sino que es una fiesta cat\u00f3lica\u00bb, y es una etiqueta sobrevenida, como la relaci\u00f3n entre sexo y carnaval en Brasil. \u00abEs, por tanto, una forma de nombrar la muerte, pero dej\u00e1ndola en ese lugar enigm\u00e1tico y misterioso que es el mismo en el que est\u00e1 en la vida misma, poco accesible, pero muy interesante, porque mientras estemos vivos no sabremos qu\u00e9 hay hasta que lleguemos a ella\u00bb.<\/p>\n<p>Devoci\u00f3n<\/p>\n<p>Finalmente, Fr\u00edas tambi\u00e9n habla de la devoci\u00f3n que despierta la banda entre sus fans, en lo que es casi una experiencia religiosa: \u00abSon casi <strong>peregrinos<\/strong> que siguen a la banda en cada gira. Es como su faro. El club de fans que hay en M\u00e9xico de ellos se llaman Los Devotos. Y es algo <strong>superinteresante<\/strong> de atestiguar porque son fans muy hardcore, muy intensos, y nos lo dejan muy claro\u00bb. Por ello, la experiencia del concierto es ext\u00e1tica, casi milagrosa. De morirse.<\/p>\n","protected":false},"excerpt":{"rendered":"En 2013, Fernando Fr\u00edas aterriz\u00f3 en el Evolution Mallorca International Film Festival con Rezeta bajo el brazo. Con&hellip;\n","protected":false},"author":2,"featured_media":198121,"comment_status":"","ping_status":"","sticky":false,"template":"","format":"standard","meta":{"footnotes":""},"categories":[169],"tags":[177,5318,209,44793,146,147,25,24,53276,54799,176,175,185,45509,1257,753,5320,23],"class_list":{"0":"post-198120","1":"post","2":"type-post","3":"status-publish","4":"format-standard","5":"has-post-thumbnail","7":"category-cine","8":"tag-cine","9":"tag-cine-en-mallorca","10":"tag-cultura","11":"tag-depeche-mode","12":"tag-entertainment","13":"tag-entretenimiento","14":"tag-es","15":"tag-espana","16":"tag-evolution-mallorca-international-film-festival","17":"tag-fernando-frias","18":"tag-film","19":"tag-movies","20":"tag-musica","21":"tag-musica-en-mallorca","22":"tag-pelicula","23":"tag-peliculas","24":"tag-peliculas-en-mallorca","25":"tag-spain"},"share_on_mastodon":{"url":"https:\/\/pubeurope.com\/@es\/115428706514336706","error":""},"_links":{"self":[{"href":"https:\/\/www.europesays.com\/es\/wp-json\/wp\/v2\/posts\/198120","targetHints":{"allow":["GET"]}}],"collection":[{"href":"https:\/\/www.europesays.com\/es\/wp-json\/wp\/v2\/posts"}],"about":[{"href":"https:\/\/www.europesays.com\/es\/wp-json\/wp\/v2\/types\/post"}],"author":[{"embeddable":true,"href":"https:\/\/www.europesays.com\/es\/wp-json\/wp\/v2\/users\/2"}],"replies":[{"embeddable":true,"href":"https:\/\/www.europesays.com\/es\/wp-json\/wp\/v2\/comments?post=198120"}],"version-history":[{"count":0,"href":"https:\/\/www.europesays.com\/es\/wp-json\/wp\/v2\/posts\/198120\/revisions"}],"wp:featuredmedia":[{"embeddable":true,"href":"https:\/\/www.europesays.com\/es\/wp-json\/wp\/v2\/media\/198121"}],"wp:attachment":[{"href":"https:\/\/www.europesays.com\/es\/wp-json\/wp\/v2\/media?parent=198120"}],"wp:term":[{"taxonomy":"category","embeddable":true,"href":"https:\/\/www.europesays.com\/es\/wp-json\/wp\/v2\/categories?post=198120"},{"taxonomy":"post_tag","embeddable":true,"href":"https:\/\/www.europesays.com\/es\/wp-json\/wp\/v2\/tags?post=198120"}],"curies":[{"name":"wp","href":"https:\/\/api.w.org\/{rel}","templated":true}]}}