{"id":198140,"date":"2025-10-24T10:46:10","date_gmt":"2025-10-24T10:46:10","guid":{"rendered":"https:\/\/www.europesays.com\/es\/198140\/"},"modified":"2025-10-24T10:46:10","modified_gmt":"2025-10-24T10:46:10","slug":"por-que-las-ventas-arrasa-entre-los-jovenes-y-supera-el-millon-de-asistentes","status":"publish","type":"post","link":"https:\/\/www.europesays.com\/es\/198140\/","title":{"rendered":"\u00bfPor qu\u00e9 Las Ventas arrasa entre los j\u00f3venes y supera el mill\u00f3n de asistentes?"},"content":{"rendered":"<p><strong data-start=\"1033\" data-end=\"1106\">M\u00e1s de un <a title=\"mill\u00f3n de personas han pasado por Las Ventas\" href=\"https:\/\/www.larazon.es\/cultura\/toros\/ventas-rompe-barrera-millon-consolida-como-corazon-mundial-tauromaquia_2025102068f60ad876c80d35b5f0e3d2.html?outputType=amp\" target=\"_blank\" rel=\"nofollow noopener\">mill\u00f3n de personas han pasado por Las Ventas<\/a> esta temporada<\/strong>, un dato que no solo impresiona por su magnitud, sino por lo que revela: algo est\u00e1 cambiando en la tauromaquia. <a title=\"Juan Manuel Cendoya\" href=\"https:\/\/www.larazon.es\/economia\/cendoya-vicepresidente-santander-espana-empresa-espanola-esta-mejor-momento-historia_2024102167162bdeafcb530001bd426a.html\" target=\"_blank\" rel=\"nofollow noopener\">Juan Manuel Cendoya<\/a>, uno de los nombres m\u00e1s influyentes del marketing global seg\u00fan Forbes, ha puesto el foco en este fen\u00f3meno desde su perfil en <a title=\"LinkedIn\" href=\"https:\/\/www.larazon.es\/tags\/linkedin\/\" target=\"_blank\" rel=\"nofollow noopener\">LinkedIn<\/a>. Su an\u00e1lisis va m\u00e1s all\u00e1 de la cifra: habla de un proceso de reinvenci\u00f3n que ha sabido conectar con el esp\u00edritu de una nueva generaci\u00f3n.<\/p>\n<p><strong data-start=\"1511\" data-end=\"1585\">\u00abLa tauromaquia no ha cambiado su fondo, pero s\u00ed su forma de contarse\u00bb<\/strong>, afirma <a title=\"Cendoya\" href=\"https:\/\/www.larazon.es\/economia\/cendoya-vicepresidente-santander-espana-empresa-espanola-esta-mejor-momento-historia_2024102167162bdeafcb530001bd426a.html\" target=\"_blank\" rel=\"nofollow noopener\">Cendoya<\/a>. Y esa nueva forma de contarla es la que ha seducido a un p\u00fablico que busca algo m\u00e1s que tradici\u00f3n: quiere emoci\u00f3n, relato y experiencia. <strong data-start=\"1740\" data-end=\"1842\">La Generaci\u00f3n Z no compra entradas: compra momentos que pueda compartir, recordar y revivir online<\/strong>. Las Ventas, consciente de ello, ha dejado de ser solo un templo de la lidia para convertirse en un escenario vivo donde cada tarde puede ser un evento viral.<\/p>\n<p>El \u00e9xito no es casual. Hay estrategia, acciones concretas y un relato que se ha reescrito sin traicionar sus ra\u00edces. <strong data-start=\"2120\" data-end=\"2259\">Abonos especiales para j\u00f3venes, jornadas de puertas abiertas, \u00abtardeos taurinos\u00bb y una presencia cada vez m\u00e1s cuidada en redes sociales<\/strong> son parte de esta revoluci\u00f3n silenciosa. Todo suma en una ecuaci\u00f3n donde el toro sigue siendo el centro, pero el envoltorio se ha adaptado al tiempo.<\/p>\n<p><strong data-start=\"2411\" data-end=\"2486\"><a title=\"Morante de la Puebla\" href=\"https:\/\/www.larazon.es\/tags\/morante\/\" target=\"_blank\" rel=\"nofollow noopener\">Morante de la Puebla<\/a>, en este contexto, emerge como un s\u00edmbolo perfecto<\/strong>: arte, est\u00e9tica, misterio y magnetismo. Su despedida no solo fue un momento taurino, fue un gesto cultural cargado de significado. En una \u00e9poca donde todo se consume a velocidad de v\u00e9rtigo, \u00e9l representa una pausa, una reverencia al tiempo y al silencio. Y eso, parad\u00f3jicamente, conecta con un p\u00fablico joven que anhela lo aut\u00e9ntico.<\/p>\n<p><strong data-start=\"2821\" data-end=\"2939\">Seg\u00fan el Ministerio de Cultura, uno de cada cuatro asistentes a festejos taurinos en 2024 ten\u00eda entre 15 y 24 a\u00f1os<\/strong>. La tauromaquia, como fen\u00f3meno cultural, ha sabido adaptarse sin diluirse. En vez de huir de lo que es, ha apostado por reforzarlo y contarlo de otra manera. Y lo ha hecho con inteligencia de mercado, pero tambi\u00e9n con sensibilidad art\u00edstica.<\/p>\n<p><a title=\"Juan Manuel Cendoya\" href=\"https:\/\/www.larazon.es\/economia\/cendoya-vicepresidente-santander-espana-empresa-espanola-esta-mejor-momento-historia_2024102167162bdeafcb530001bd426a.html\" target=\"_blank\" rel=\"nofollow noopener\">Juan Manuel Cendoya<\/a> lo resume con claridad: <strong data-start=\"3227\" data-end=\"3320\">\u00abEl rebranding de la tauromaquia no busca convertirla en moda, sino en experiencia \u00fanica\u00bb<\/strong>. Y esa es la clave. No quiere gustar a todos, pero s\u00ed dejar huella en quien se atreva a cruzar el umbral de una plaza. <a title=\"Las Ventas, con su mill\u00f3n de espectadores\" href=\"https:\/\/www.larazon.es\/cultura\/toros\/ventas-rompe-barrera-millon-consolida-como-corazon-mundial-tauromaquia_2025102068f60ad876c80d35b5f0e3d2.html?outputType=amp\" target=\"_blank\" rel=\"nofollow noopener\">Las Ventas, con su mill\u00f3n de espectadores<\/a>, no es solo una cifra: <strong data-start=\"3505\" data-end=\"3589\">es la confirmaci\u00f3n de que el arte de torear ha encontrado nuevas formas de latir<\/strong>.<\/p>\n","protected":false},"excerpt":{"rendered":"M\u00e1s de un mill\u00f3n de personas han pasado por Las Ventas esta temporada, un dato que no solo&hellip;\n","protected":false},"author":2,"featured_media":198141,"comment_status":"","ping_status":"","sticky":false,"template":"","format":"standard","meta":{"footnotes":""},"categories":[277],"tags":[373,168,25,24,23,167,374],"class_list":{"0":"post-198140","1":"post","2":"type-post","3":"status-publish","4":"format-standard","5":"has-post-thumbnail","7":"category-toreo","8":"tag-bullfighting","9":"tag-deportes","10":"tag-es","11":"tag-espana","12":"tag-spain","13":"tag-sports","14":"tag-toreo"},"share_on_mastodon":{"url":"https:\/\/pubeurope.com\/@es\/115428745751515676","error":""},"_links":{"self":[{"href":"https:\/\/www.europesays.com\/es\/wp-json\/wp\/v2\/posts\/198140","targetHints":{"allow":["GET"]}}],"collection":[{"href":"https:\/\/www.europesays.com\/es\/wp-json\/wp\/v2\/posts"}],"about":[{"href":"https:\/\/www.europesays.com\/es\/wp-json\/wp\/v2\/types\/post"}],"author":[{"embeddable":true,"href":"https:\/\/www.europesays.com\/es\/wp-json\/wp\/v2\/users\/2"}],"replies":[{"embeddable":true,"href":"https:\/\/www.europesays.com\/es\/wp-json\/wp\/v2\/comments?post=198140"}],"version-history":[{"count":0,"href":"https:\/\/www.europesays.com\/es\/wp-json\/wp\/v2\/posts\/198140\/revisions"}],"wp:featuredmedia":[{"embeddable":true,"href":"https:\/\/www.europesays.com\/es\/wp-json\/wp\/v2\/media\/198141"}],"wp:attachment":[{"href":"https:\/\/www.europesays.com\/es\/wp-json\/wp\/v2\/media?parent=198140"}],"wp:term":[{"taxonomy":"category","embeddable":true,"href":"https:\/\/www.europesays.com\/es\/wp-json\/wp\/v2\/categories?post=198140"},{"taxonomy":"post_tag","embeddable":true,"href":"https:\/\/www.europesays.com\/es\/wp-json\/wp\/v2\/tags?post=198140"}],"curies":[{"name":"wp","href":"https:\/\/api.w.org\/{rel}","templated":true}]}}