{"id":198168,"date":"2025-10-24T11:03:07","date_gmt":"2025-10-24T11:03:07","guid":{"rendered":"https:\/\/www.europesays.com\/es\/198168\/"},"modified":"2025-10-24T11:03:07","modified_gmt":"2025-10-24T11:03:07","slug":"lemmon-un-cometa-para-halloween-pero-sin-terror","status":"publish","type":"post","link":"https:\/\/www.europesays.com\/es\/198168\/","title":{"rendered":"Lemmon, un cometa para Halloween pero sin terror"},"content":{"rendered":"<p>Se hace la noche. Y dos criaturas surcan sigilosas los cielos del hemisferio norte. Lo que hasta el siglo XIX eran entidades tenebrosas \u2014de mal augurio, cuando no terror\u2014 son ahora objetos cargados de fascinaci\u00f3n astron\u00f3mica. Los cometas son trozos de hielo y roca, vestigios del nacimiento del sistema solar. Y coincidiendo con Halloween, uno, el recientemente bautizado cometa Lemmon, llega a su m\u00e1ximo acercamiento. <strong>Acercamiento de un cometa carente de peligro.<\/strong><\/p>\n<p>Cuando se aproximan a nuestro Sol, se calientan, regal\u00e1ndonos un espect\u00e1culo que, en esta ocasi\u00f3n, viene de la mano de dos cuerpos: adem\u00e1s del <strong>comenta A6 (Lemmon),<\/strong> durante todo octubre ha venido siendo observable el <strong>R2 (SWAN)<\/strong>. Son visitantes de los fr\u00edos confines de nuestro vecindario gal\u00e1ctico e incluso podr\u00edan ser visibles al mismo tiempo.<\/p>\n<p>En latitudes como la de Espa\u00f1a, los dos son <strong>visibles poco despu\u00e9s de ponerse el Sol.<\/strong> SWAN, al <strong>sur<\/strong>. El comenta Lemmon, al <strong>oeste<\/strong>. Pero es este \u00faltimo quien toma protagonismo hacia el final del mes y el comienzo de noviembre.<\/p>\n<p>Seg\u00fan informa el <a href=\"https:\/\/www.iac.es\/es\/blog\/vialactea\/2025\/10\/la-semana-perfecta-para-observar-el-cosmos-lluvias-de-estrellas-cometas-saturno-y-la-lactea\" target=\"_blank\" rel=\"noreferrer noopener nofollow\">Instituto de Astrof\u00edsica de Canarias<\/a>, Lemmon ser\u00e1 visible poco tiempo tras el ocaso (entre media hora y una hora) variando su posici\u00f3n sobre el horizonte noroeste a oeste\u00a0a medida que\u00a0pasan los d\u00edas, pero sin subir apenas en el cielo.<\/p>\n<ul class=\"wp-block-list\">\n<li><strong>Cielo oscuro.<\/strong> El investigador del Grupo de Meteoritos, Cuerpos Menores y Ciencias Planetarias del ICE-CSIC <a href=\"https:\/\/www.spmn.uji.es\/ESP\/trigo.html\" target=\"_blank\" rel=\"noreferrer noopener nofollow\">Josep Maria Trigo<\/a> recomienda para los cometas \u201cbuscar un entorno oscuro (sin peligro), alejado de las grandes urbes, con el horizonte oeste libre de obst\u00e1culos, alejado de farolas y luminarias\u201d, ya que no se elevan demasiado en el horizonte, al atardecer.<\/li>\n<\/ul>\n<ul class=\"wp-block-list\">\n<li><strong>Buscar dos estrellas de referencia.<\/strong> Si miramos al oeste, por donde se ha puesto el sol, veremos, por un lado, una estrella rojiza (Antares). M\u00e1s a la derecha, otra muy brillante (Arturo). Pues bien, entre las dos se eleva el cometa Lemmon estos d\u00edas. <\/li>\n<li><strong>Mejor con prism\u00e1ticos.<\/strong> Puedes mirar directamente a un cometa como Lemmon sin peligro, a diferencia del Sol. No esperes ver una imagen tan n\u00edtida como la de las astrofotograf\u00edas. M\u00e1s bien, con paciencia y unos prism\u00e1ticos, una especie de mancha, m\u00e1s marcada cuanto m\u00e1s limpio est\u00e9 el cielo. Si tienes tiempo y paciencia, puedes usar una c\u00e1mara (si tienes un m\u00f3vil con modo nocturno u opciones pro, te puede valer). Idealmente, ponla en un tr\u00edpode o superficie est\u00e1tica y programando una exposici\u00f3n larga (mayor a 1&#8243;).<\/li>\n<\/ul>\n<p>La cola es verdosa por la presencia de carbono de dos \u00e1tomos. Estas visitas cometarias ayudan a entender c\u00f3mo era el sistema solar joven, desde el punto de vista qu\u00edmico.<\/p>\n<p>Una vez que nos deje atr\u00e1s, el cometa Lemmon no volver\u00e1 a acerc\u00e1rsenos hasta d<strong>entro de aproximadamente 1.350 a\u00f1os.<\/strong> El doctor Trigo ofrece m\u00e1s detalles sobre c\u00f3mo ver este cometa y las caracter\u00edsticas de su cola en este art\u00edculo en <a href=\"https:\/\/theconversation.com\/como-ver-el-cometa-lemmon-ya-distinguible-a-simple-vista-267552\" target=\"_blank\" rel=\"noreferrer noopener nofollow\">The Conversation.<\/a><\/p>\n<blockquote align=\"center\" class=\"twitter-tweet\">\n<p lang=\"es\" dir=\"ltr\">Hoy en <a href=\"https:\/\/twitter.com\/hashtag\/cielosESA?src=hash&amp;ref_src=twsrc%5Etfw\" rel=\"nofollow noopener\" target=\"_blank\">#cielosESA<\/a>&#8230;<a href=\"https:\/\/twitter.com\/Eldelron?ref_src=twsrc%5Etfw\" rel=\"nofollow noopener\" target=\"_blank\">@Eldelron<\/a> nos env\u00eda estas espectaculares im\u00e1genes del cometa C\/2025 A6 Lemmon. Se puede captar a simple vista. B\u00fascalo cerca de la Osa Mayor al anochecer, direcci\u00f3n NO y antes del amanecer NE<\/p>\n<p>\u00a1Muchas gracias <a href=\"https:\/\/twitter.com\/Eldelron?ref_src=twsrc%5Etfw\" rel=\"nofollow noopener\" target=\"_blank\">@Eldelron<\/a> por tus fotos y las claves para poder\u2026 <a href=\"https:\/\/t.co\/VNB7Wb7kuN\" rel=\"nofollow\">pic.twitter.com\/VNB7Wb7kuN<\/a><\/p>\n<p>\u2014 ESA Espa\u00f1a (@esa_es) <a href=\"https:\/\/twitter.com\/esa_es\/status\/1979281008970338406?ref_src=twsrc%5Etfw\" rel=\"nofollow noopener\" target=\"_blank\">October 17, 2025<\/a><\/p><\/blockquote>\n<blockquote class=\"mv-quote-video\">\n<p class=\"mv-quote-video__text\" style=\"font-size: 120%;  line-height: 1.35;  margin: .5em .5em .1em;\">\n<p>    \u201cSi un asteroide grande impacta cada 10 millones de a\u00f1os, en el caso de un cometa podr\u00eda ser una vez cada 100 millones de a\u00f1os<\/p>\n<\/blockquote>\n<p>Llama la atenci\u00f3n que hace realmente poco fueron descubiertos estos cometas. A6 (Lemmon) fue detectado en enero por el Mount Lemmon Survey. R2 (SWAN) fue descubierto el mes pasado por Vladimir Bezugly, astr\u00f3nomo aficionado de Ucrania. Y lo vio revisando im\u00e1genes captadas un <a href=\"https:\/\/www.esa.int\/Space_in_Member_States\/Spain\/Soho_nos_ensena_el_Sol\" target=\"_blank\" rel=\"noreferrer noopener nofollow\">observatorio en \u00f3rbita, SOHO.<\/a> \u00bfTener tan poco margen de maniobra desde que se descubre un cometa y se describe su trayectoria es un peligro?<\/p>\n<p>A Josep Maria Trigo le preocupan algo m\u00e1s los <strong>cometas extintos<\/strong>, como explicaba en el p\u00f3dcast de Newtral.es <a href=\"https:\/\/www.newtral.es\/asteroide-de-halloween-mas-ricos-del-cementerio-miedo-y-meteoritos\/20231101\/\" target=\"_blank\" rel=\"noreferrer noopener nofollow\">Tampoco es el fin del mundo.<\/a> Los cometas se originan o bien m\u00e1s all\u00e1 de Neptuno (Cintur\u00f3n de Kuiper), o bien en la Nube de Oort (c\u00e1scara que rodea el sistema solar), o m\u00e1s raramente fuera del sistema solar o el cintur\u00f3n de asteroides. Esto \u00faltimo es lo que en todo caso deber\u00eda \u201cpreocuparnos algo m\u00e1s&#8230; en concreto, el <strong>impacto con peque\u00f1os asteroides<\/strong>, porque es algo m\u00e1s frecuente\u201d que encontrarnos frente a frente con un cometa.<\/p>\n<p>En general, la Tierra tiene un <strong>guardi\u00e1n anticolisiones, que es el masivo planeta J\u00fapiter,<\/strong> que desv\u00eda sus trayectorias. \u201cAlgunos cometas pueden extinguirse y fragmentarse por el paso cercano a J\u00fapiter\u201c. En ocasiones, eso s\u00ed, se escapan y pueden quedar en \u00f3rbitas muy exc\u00e9ntricas, como el cometa extinto 2015 TB145.<\/p>\n<blockquote class=\"wp-block-quote has-background is-layout-flow wp-block-quote-is-layout-flow\" style=\"background-color:#46977f\">\n<p style=\"font-size:24px;font-style:normal;font-weight:600\">El cometa extinto con forma de calabaza que nos visit\u00f3 por Halloween<\/p>\n<p style=\"font-size:17px;font-style:normal;font-weight:300\">En octubre de 2015, un equipo del telescopio PAN_STARRS de Haw\u00e1i vio un punto liger\u00edsimamente brillante moverse en una regi\u00f3n concreta del cielo. En las siguientes semanas, miles de telescopios del mundo apuntaron a ese lugar. Y entonces, emergi\u00f3 algo sobrecogedor. Era un asteroide que, seg\u00fan el \u00e1ngulo de la luz,\u00a0<strong><a href=\"https:\/\/science.nasa.gov\/resource\/dead-comet\/\" target=\"_blank\" rel=\"noreferrer noopener nofollow\">ten\u00eda la forma de una calavera<\/a><\/strong>.\u00a0R\u00e1pidamente se bautiz\u00f3 como el asteroide de Halloween o\u00a0Gran Calabaza.<\/p>\n<p style=\"font-size:17px;font-style:normal;font-weight:300\">Su nombre oficial es\u00a0<strong>2015 TB145<\/strong>\u00a0y se acerc\u00f3 a tan solo 486.000 km de la Tierra entre el 31 de octubre y el 1 de noviembre de 2015. La distancia de la Tierra a la Luna aquel d\u00eda era de 380.000 km. Se catalog\u00f3 como objeto potencialmente peligroso, pero la inmensa mayor\u00eda de los que entran en esa categor\u00eda son\u00a0<strong>totalmente inocuos.<\/strong><\/p>\n<p style=\"font-size:17px;font-style:normal;font-weight:300\">Volvi\u00f3 a visitarnos en Halloween de 2018. El asteroide de Halloween seguramente sea un cometa extinto. Es decir, un\u00a0<strong>\u2018fantasma\u2019 cometario.<\/strong>\u00a0Un mensajero del m\u00e1s all\u00e1 que, como explica en este cap\u00edtulo de\u00a0Tampoco es el fin del mundo\u00a0<a href=\"http:\/\/www.spmn.uji.es\/ESP\/trigo.html\" target=\"_blank\" rel=\"noreferrer noopener nofollow\">Josep Maria Trigo<\/a>, nos recuerda la importancia de estar atentos a los cielos. \u201c<strong>2015 TB145<\/strong>\u00a0parec\u00eda una broma de mal gusto\u201d, ironiza el astr\u00f3nomo experto en asteroides y meteoritos del ICE-CSIC e IEEC y la Red de Investigaci\u00f3n sobre Meteoritos y B\u00f3lidos.<\/p>\n<p style=\"font-size:17px;font-style:normal;font-weight:300\">Tenemos fichados a los asteroides m\u00e1s grandes, los que s\u00ed podr\u00edan acabar con todo. Pero el asteroide de Halloween se detect\u00f3 por primera vez apenas un par de semanas antes de que pasase \u2018tan\u2019 cerca de la Tierra.<\/p>\n<\/blockquote>\n<p>Adem\u00e1s de Lemmon y SWAN, el pasado verano <a href=\"https:\/\/ciencia.nasa.gov\/sistema-solar\/cometa-3i-atlas\/\" target=\"_blank\" rel=\"noreferrer noopener nofollow\">se descubri\u00f3 el tercer objeto interestelar<\/a> que se nos acerca, aunque no pasar\u00e1 realmente cerca de la Tierra. Bautizado como 3I\/Atlas, no se sab\u00eda muy bien de qu\u00e9 se trataba. El f\u00edsico de la Universidad de Harvard y escritor sobre supuesta tecnolog\u00eda alien\u00edgena <a href=\"https:\/\/astronomy.fas.harvard.edu\/people\/avi-loeb\" target=\"_blank\" rel=\"noreferrer noopener nofollow\">Avi Loev<\/a> apost\u00f3, sin pruebas, que podr\u00eda ser producto de una civilizaci\u00f3n extraterrestre.<\/p>\n<p>La NASA concluy\u00f3 que se trata de un <strong>cometa proveniente de m\u00e1s all\u00e1 del sistema solar. <\/strong>Llegar\u00e1 a su m\u00e1xima aproximaci\u00f3n al Sol el 29 de octubre; es decir, alcanzar\u00e1 su perihelio, a 210 millones de kil\u00f3metros del nuestra estrella.<\/p>\n<p>Seg\u00fan la NASA, \u201ca medida que el cometa 3I\/ATLAS viaje a trav\u00e9s del sistema solar, no se acercar\u00e1 a m\u00e1s de 1,6 ua (unos 240 millones de kil\u00f3metros) de la Tierra\u201d. No podr\u00e1 observarse a simple vista. La agencia estadounidense, no obstante, <a href=\"https:\/\/www.minorplanetcenter.net\/mpec\/K25\/K25UE2.html\" rel=\"nofollow noopener\" target=\"_blank\">ha activado para noviembre la <strong>campa\u00f1a de astrometr\u00eda<\/strong><\/a> (mediciones de \u00f3rbitas o trayectorias) y de morfolog\u00eda (caracter\u00edsticas f\u00edsicas) de este cometa.<\/p>\n<p><script async src=\"https:\/\/platform.twitter.com\/widgets.js\" charset=\"utf-8\"><\/script><\/p>\n","protected":false},"excerpt":{"rendered":"Se hace la noche. Y dos criaturas surcan sigilosas los cielos del hemisferio norte. Lo que hasta el&hellip;\n","protected":false},"author":2,"featured_media":198169,"comment_status":"","ping_status":"","sticky":false,"template":"","format":"standard","meta":{"footnotes":""},"categories":[81],"tags":[647,119,123,124,25,24,117,121,122,23,118,120],"class_list":{"0":"post-198168","1":"post","2":"type-post","3":"status-publish","4":"format-standard","5":"has-post-thumbnail","7":"category-ciencia-y-tecnologia","8":"tag-astronomia","9":"tag-ciencia","10":"tag-ciencia-y-tecnologia","11":"tag-cienciaytecnologia","12":"tag-es","13":"tag-espana","14":"tag-science","15":"tag-science-and-technology","16":"tag-scienceandtechnology","17":"tag-spain","18":"tag-technology","19":"tag-tecnologia"},"share_on_mastodon":{"url":"https:\/\/pubeurope.com\/@es\/115428812692166015","error":""},"_links":{"self":[{"href":"https:\/\/www.europesays.com\/es\/wp-json\/wp\/v2\/posts\/198168","targetHints":{"allow":["GET"]}}],"collection":[{"href":"https:\/\/www.europesays.com\/es\/wp-json\/wp\/v2\/posts"}],"about":[{"href":"https:\/\/www.europesays.com\/es\/wp-json\/wp\/v2\/types\/post"}],"author":[{"embeddable":true,"href":"https:\/\/www.europesays.com\/es\/wp-json\/wp\/v2\/users\/2"}],"replies":[{"embeddable":true,"href":"https:\/\/www.europesays.com\/es\/wp-json\/wp\/v2\/comments?post=198168"}],"version-history":[{"count":0,"href":"https:\/\/www.europesays.com\/es\/wp-json\/wp\/v2\/posts\/198168\/revisions"}],"wp:featuredmedia":[{"embeddable":true,"href":"https:\/\/www.europesays.com\/es\/wp-json\/wp\/v2\/media\/198169"}],"wp:attachment":[{"href":"https:\/\/www.europesays.com\/es\/wp-json\/wp\/v2\/media?parent=198168"}],"wp:term":[{"taxonomy":"category","embeddable":true,"href":"https:\/\/www.europesays.com\/es\/wp-json\/wp\/v2\/categories?post=198168"},{"taxonomy":"post_tag","embeddable":true,"href":"https:\/\/www.europesays.com\/es\/wp-json\/wp\/v2\/tags?post=198168"}],"curies":[{"name":"wp","href":"https:\/\/api.w.org\/{rel}","templated":true}]}}