{"id":198172,"date":"2025-10-24T11:05:08","date_gmt":"2025-10-24T11:05:08","guid":{"rendered":"https:\/\/www.europesays.com\/es\/198172\/"},"modified":"2025-10-24T11:05:08","modified_gmt":"2025-10-24T11:05:08","slug":"bruselas-advierte-a-tiktok-facebook-e-instagram-de-que-ponen-en-riesgo-a-menores-al-exponerlos-a-contenido-danino-tecnologia","status":"publish","type":"post","link":"https:\/\/www.europesays.com\/es\/198172\/","title":{"rendered":"Bruselas advierte a TikTok, Facebook e Instagram de que ponen en riesgo a menores al exponerlos a contenido da\u00f1i\u00f1o | Tecnolog\u00eda"},"content":{"rendered":"<p class=\"\">La Comisi\u00f3n Europea ha lanzado una advertencia muy seria a TikTok, Facebook e Instagram: en una conclusi\u00f3n preliminar, el Ejecutivo europeo dice haber constatado que ninguna de estas populares plataformas digitales garantiza de forma adecuada los <a href=\"https:\/\/cincodias.elpais.com\/companias\/2025-05-15\/bruselas-considera-que-tiktok-no-cumple-con-la-ley-digital-por-la-falta-de-transparencia-en-el-registro-de-anuncios.html\" target=\"_self\" rel=\"nofollow noopener\" title=\"https:\/\/cincodias.elpais.com\/companias\/2025-05-15\/bruselas-considera-que-tiktok-no-cumple-con-la-ley-digital-por-la-falta-de-transparencia-en-el-registro-de-anuncios.html\">mecanismos previstos en la legislaci\u00f3n europea<\/a> para investigar y denunciar contenidos ilegales potencialmente da\u00f1inos sobre todo para menores, como son material de abusos sexuales o terrorismo. En el caso de los servicios de Meta, Facebook e Instagram, Bruselas tambi\u00e9n les reprocha lo dif\u00edcil que resulta a los usuarios rebatir una decisi\u00f3n relativa a la moderaci\u00f3n de contenidos, incluida una potencial suspensi\u00f3n de su cuenta. <\/p>\n<p class=\"\"><a href=\"https:\/\/elpais.com\/economia\/2023-08-25\/la-ue-pone-coto-a-las-grandes-plataformas-empieza-a-aplicarse-la-nueva-ley-de-servicios-digitales.html\" target=\"_self\" rel=\"nofollow noopener\" title=\"https:\/\/elpais.com\/economia\/2023-08-25\/la-ue-pone-coto-a-las-grandes-plataformas-empieza-a-aplicarse-la-nueva-ley-de-servicios-digitales.html\">Desde su entrada en vigor hace poco m\u00e1s de dos a\u00f1os, la Ley de Servicios Digitales (DSA)<\/a> de la UE intenta proteger mejor a los consumidores y sus derechos fundamentales en l\u00ednea, combatiendo los contenidos il\u00edcitos y exigiendo a las grandes plataformas m\u00e1s transparencia. Desde entonces, Bruselas ha abierto varias investigaciones a diversas plataformas por presunta violaci\u00f3n de las premisas de esta normativa, muy criticada por el Gobierno de Donald Trump, que ha llegado a calificarla de censura. Un extremo que Bruselas niega categ\u00f3ricamente, explicando que lo que busca es preservar la libertad de expresi\u00f3n de los usuarios frente a decisiones \u201cunilaterales\u201d de moderaci\u00f3n de estas plataformas, controladas por grandes empresas tecnol\u00f3gicas. <\/p>\n<p class=\"\">El caso que ahora ha llevado a la Comisi\u00f3n a efectuar una seria llamada de atenci\u00f3n a TikTok, Facebook e Instagram no trata en s\u00ed del contenido ilegal que puedan distribuir estas plataformas, sino de los mecanismos de los que disponen para que los usuarios puedan alertar en caso de que se topen con material de este tipo: los considera demasiado opacos como para garantizar su eficiencia.<\/p>\n<p class=\"\">Seg\u00fan la investigaci\u00f3n preliminar, las tres plataformas cuentan con procedimientos y herramientas tan \u201cengorrosos\u201d que no permiten a los investigadores un \u201cacceso adecuado\u201d a datos p\u00fablicos. Algo que, denuncia Bruselas, \u201cdeja a los investigadores con datos parciales o poco fiables\u201d. Y esto no es algo balad\u00ed: \u201cPermitir a los investigadores el acceso a los datos de las plataformas es una obligaci\u00f3n de transparencia esencial en virtud de la DSA, ya que facilita el escrutinio p\u00fablico del impacto potencial de las plataformas en nuestra salud f\u00edsica y mental\u201d, recuerda la Comisi\u00f3n en un comunicado.<\/p>\n<p class=\"\">En el caso de Facebook e Instagram, ambas pertenecientes a Meta, los investigadores europeos creen, adem\u00e1s, que la compa\u00f1\u00eda no est\u00e1 cumpliendo con la obligaci\u00f3n de garantizar \u201cmecanismos sencillos para notificar contenido ilegal\u201d. Los sistemas que tiene en marcha son \u201cconfusos\u201d y \u201cdisuasorios\u201d, porque Meta impone \u201cvarios pasos innecesarios y demandas adicionales a los usuarios\u201d que complican un proceso que justamente deber\u00edan facilitar. <\/p>\n<p class=\"\">Adem\u00e1s, Bruselas considera que en sus plataformas, Meta est\u00e1 violando tambi\u00e9n el derecho de los usuarios europeos garantizado por la DSA a rebatir una decisi\u00f3n de moderaci\u00f3n de contenido, por ejemplo, las razones por las que una cuenta ha sido suspendida. Concretamente, los mecanismos de apelaci\u00f3n de estas plataformas \u201cno parecen permitir a los usuarios proporcionar explicaciones o pruebas que respalden sus apelaciones\u201d, se\u00f1ala la Comisi\u00f3n. Una situaci\u00f3n, explica, que \u201cdificulta que los usuarios de la UE puedan explicar con m\u00e1s detalle por qu\u00e9 no est\u00e1n de acuerdo con la decisi\u00f3n de Meta sobre el contenido, lo que limita la eficacia del mecanismo de apelaci\u00f3n\u201d.<\/p>\n<p class=\"\">La investigaci\u00f3n a\u00fan no es definitiva y las plataformas se\u00f1aladas tienen ahora la posibilidad de replicar y aportar sus propios datos. Pero el paso dado por Bruselas este viernes es mucho m\u00e1s que un toque de atenci\u00f3n: si el Ejecutivo europeo publica conclusiones preliminares, es porque considera que tiene evidencias suficientes de una infracci\u00f3n, basada en este caso, se\u00f1alan fuentes comunitarias, en \u201ccientos de denuncias\u201d recibidas. Las investigaciones fueron abiertas en febrero (TikTok) y abril (Meta) de 2024. <\/p>\n<p class=\"\">\u201cNuestras democracias dependen de la confianza. Eso significa que las plataformas deben empoderar a los usuarios, respetar sus derechos y abrir sus sistemas al escrutinio\u201d, recuerda la comisaria de Soberan\u00eda Tecnol\u00f3gica, Henna Virkkunen. El objetivo de esta investigaci\u00f3n es \u201casegurarnos de que las <a href=\"https:\/\/elpais.com\/internacional\/2025-04-11\/la-comisaria-europea-virkkunen-la-ue-esta-abierta-a-la-tecnologia-de-ee-uu-tenemos-normas-no-barreras-comerciales.html\" target=\"_self\" rel=\"nofollow noopener\" title=\"https:\/\/elpais.com\/internacional\/2025-04-11\/la-comisaria-europea-virkkunen-la-ue-esta-abierta-a-la-tecnologia-de-ee-uu-tenemos-normas-no-barreras-comerciales.html\">plataformas rindan cuentas de sus servicios<\/a>, tal y como garantiza la legislaci\u00f3n de la UE, ante los usuarios y la sociedad\u201d, agrega en el comunicado.<\/p>\n<p class=\"\">Si las plataformas no logran convencer a la Comisi\u00f3n y esta acaba por concluir, en una fecha a\u00fan no fijada pero que no se conocer\u00e1 en cualquier caso hasta entrado 2026, que sus conclusiones preliminares eran correctas, podr\u00e1 emitir una \u201cdecisi\u00f3n de incumplimiento\u201d. Algo que, recuerda Bruselas, puede acarrear una multa de hasta el 6 % del volumen de negocios anual total a nivel mundial del proveedor. Adem\u00e1s, el Ejecutivo europeo tambi\u00e9n puede imponer sanciones peri\u00f3dicas para obligar a una plataforma a cumplir la normativa.<\/p>\n","protected":false},"excerpt":{"rendered":"La Comisi\u00f3n Europea ha lanzado una advertencia muy seria a TikTok, Facebook e Instagram: en una conclusi\u00f3n preliminar,&hellip;\n","protected":false},"author":2,"featured_media":198173,"comment_status":"","ping_status":"","sticky":false,"template":"","format":"standard","meta":{"footnotes":""},"categories":[42],"tags":[17,18,1708,142,13,14,11,4536,61,62,63,64,19,20,27545,1567,138,9,2932,10,15,16,1922,120,5889,12,21,22,1617,65,66,67],"class_list":{"0":"post-198172","1":"post","2":"type-post","3":"status-publish","4":"format-standard","5":"has-post-thumbnail","7":"category-internacional","8":"tag-breaking-news","9":"tag-breakingnews","10":"tag-comision-europea","11":"tag-facebook","12":"tag-featured-news","13":"tag-featurednews","14":"tag-headlines","15":"tag-instagram","16":"tag-internacional","17":"tag-international","18":"tag-international-news","19":"tag-internationalnews","20":"tag-latest-news","21":"tag-latestnews","22":"tag-legislacion","23":"tag-menores","24":"tag-meta","25":"tag-news","26":"tag-ninos","27":"tag-noticias","28":"tag-noticias-destacadas","29":"tag-noticiasdestacadas","30":"tag-redes-sociales","31":"tag-tecnologia","32":"tag-tiktok","33":"tag-titulares","34":"tag-ultimas-noticias","35":"tag-ultimasnoticias","36":"tag-union-europea","37":"tag-world","38":"tag-world-news","39":"tag-worldnews"},"share_on_mastodon":{"url":"","error":"Validation failed: Text character limit of 500 exceeded"},"_links":{"self":[{"href":"https:\/\/www.europesays.com\/es\/wp-json\/wp\/v2\/posts\/198172","targetHints":{"allow":["GET"]}}],"collection":[{"href":"https:\/\/www.europesays.com\/es\/wp-json\/wp\/v2\/posts"}],"about":[{"href":"https:\/\/www.europesays.com\/es\/wp-json\/wp\/v2\/types\/post"}],"author":[{"embeddable":true,"href":"https:\/\/www.europesays.com\/es\/wp-json\/wp\/v2\/users\/2"}],"replies":[{"embeddable":true,"href":"https:\/\/www.europesays.com\/es\/wp-json\/wp\/v2\/comments?post=198172"}],"version-history":[{"count":0,"href":"https:\/\/www.europesays.com\/es\/wp-json\/wp\/v2\/posts\/198172\/revisions"}],"wp:featuredmedia":[{"embeddable":true,"href":"https:\/\/www.europesays.com\/es\/wp-json\/wp\/v2\/media\/198173"}],"wp:attachment":[{"href":"https:\/\/www.europesays.com\/es\/wp-json\/wp\/v2\/media?parent=198172"}],"wp:term":[{"taxonomy":"category","embeddable":true,"href":"https:\/\/www.europesays.com\/es\/wp-json\/wp\/v2\/categories?post=198172"},{"taxonomy":"post_tag","embeddable":true,"href":"https:\/\/www.europesays.com\/es\/wp-json\/wp\/v2\/tags?post=198172"}],"curies":[{"name":"wp","href":"https:\/\/api.w.org\/{rel}","templated":true}]}}