{"id":19818,"date":"2025-08-02T02:45:07","date_gmt":"2025-08-02T02:45:07","guid":{"rendered":"https:\/\/www.europesays.com\/es\/19818\/"},"modified":"2025-08-02T02:45:07","modified_gmt":"2025-08-02T02:45:07","slug":"jueza-suspende-las-deportaciones-aceleradas-de-inmigrantes-con-parole-humanitario","status":"publish","type":"post","link":"https:\/\/www.europesays.com\/es\/19818\/","title":{"rendered":"Jueza suspende las deportaciones aceleradas de inmigrantes con \u00abparole\u00bb humanitario"},"content":{"rendered":"<p>      CNN<br \/>\n        \u00a0\u2014\u00a0<\/p>\n<p class=\"paragraph inline-placeholder vossi-paragraph\" data-uri=\"es.cms.cnn.com\/_components\/paragraph\/instances\/cmdt6a3rw002j27pa2ro7c9i6@published\" data-editable=\"text\" data-component-name=\"paragraph\" data-article-gutter=\"true\">\n            Este viernes, una jueza federal suspendi\u00f3 el intento del Gobierno de Trump de acelerar la deportaci\u00f3n de inmigrantes que ingresaron legalmente a Estados Unidos a trav\u00e9s de programas de \u201cparole\u201d (o autorizaciones de permanencia humanitaria), lo que representa una victoria para los grupos defensores de los derechos de los inmigrantes que argumentaban que la pol\u00edtica era ilegal y peligrosa.\n    <\/p>\n<p class=\"paragraph inline-placeholder vossi-paragraph\" data-uri=\"es.cms.cnn.com\/_components\/paragraph\/instances\/cmdt6lgxo0005356nehqsem9w@published\" data-editable=\"text\" data-component-name=\"paragraph\" data-article-gutter=\"true\">\n            El fallo impide temporalmente que el Gobierno deporte a personas a quienes se les concedi\u00f3 \u201cparole\u201d en los puertos de entrada y que posteriormente fueron detenidas \u2014a menudo sin previo aviso y, en algunos casos, tras comparecer ante tribunales de inmigraci\u00f3n\u2014 a pesar de tener documentos v\u00e1lidos, empleos u otras formas de alivio pendientes.\n    <\/p>\n<p class=\"paragraph inline-placeholder vossi-paragraph\" data-uri=\"es.cms.cnn.com\/_components\/paragraph\/instances\/cmdt6lgxp0006356n796ch557@published\" data-editable=\"text\" data-component-name=\"paragraph\" data-article-gutter=\"true\">\n            \u201cEn un mundo de malas opciones, actuaron conforme a las reglas\u201d, escribi\u00f3 la jueza Jia Cobb, designada por el expresidente Joe Biden. \u201cAhora, el Gobierno no solo ha cerrado esas v\u00edas para los reci\u00e9n llegados, sino que tambi\u00e9n ha cambiado las reglas para las personas con \u2018parole\u2019 que ya se encuentran aqu\u00ed\u201d.\n    <\/p>\n<p class=\"paragraph inline-placeholder vossi-paragraph\" data-uri=\"es.cms.cnn.com\/_components\/paragraph\/instances\/cmdt6a7750000356n4gb63aql@published\" data-editable=\"text\" data-component-name=\"paragraph\" data-article-gutter=\"true\">\n            \u201cLa pregunta subyacente de este caso\u2026 es si las personas con \u2018parole\u2019 que escaparon de la opresi\u00f3n tendr\u00e1n la oportunidad de defender su caso dentro de un sistema de reglas\u201d, escribi\u00f3 Cobb. \u201cO, alternativamente, \u00bfser\u00e1n deportadas sumariamente de un pa\u00eds que\u2026 podr\u00eda parecerse cada vez m\u00e1s a los pa\u00edses de los que intentaron escapar?\u201d\n    <\/p>\n<p class=\"paragraph inline-placeholder vossi-paragraph\" data-uri=\"es.cms.cnn.com\/_components\/paragraph\/instances\/cmdt6lslx000c356nkpyli14r@published\" data-editable=\"text\" data-component-name=\"paragraph\" data-article-gutter=\"true\">\n            En su opini\u00f3n, Cobb dictamin\u00f3 que la pol\u00edtica probablemente viola el estatuto de deportaci\u00f3n acelerada y es \u201carbitraria y caprichosa\u201d seg\u00fan el derecho administrativo. La suspensi\u00f3n permanecer\u00e1 vigente mientras se tramite la demanda.\n    <\/p>\n<p class=\"paragraph inline-placeholder vossi-paragraph\" data-uri=\"es.cms.cnn.com\/_components\/paragraph\/instances\/cmdt6lslx000d356ntpyy88l9@published\" data-editable=\"text\" data-component-name=\"paragraph\" data-article-gutter=\"true\">\n            La orden formal suspende la aplicaci\u00f3n de tres directivas de la era Trump: un memorando de Seguridad Nacional de enero, una directiva del Servicio de Inmigraci\u00f3n y Control de Aduanas de febrero y la cancelaci\u00f3n en marzo de los programas de <a href=\"https:\/\/cnnespanol.cnn.com\/2025\/06\/12\/eeuu\/fin-parole-migrantes-cuba-venezuela-haiti-nicaragua-trax\" rel=\"nofollow noopener\" target=\"_blank\">\u201cparole\u201d humanitario para cubanos, haitianos, nicarag\u00fcenses y venezolanos<\/a>. El fallo de Cobb se aplica espec\u00edficamente a las personas a las que previamente se les concedi\u00f3 la autorizaci\u00f3n de permanencia en los puertos de entrada.\n    <\/p>\n<p class=\"paragraph inline-placeholder vossi-paragraph\" data-uri=\"es.cms.cnn.com\/_components\/paragraph\/instances\/cmdt6lslx000e356nsveyfa74@published\" data-editable=\"text\" data-component-name=\"paragraph\" data-article-gutter=\"true\">\n            Este caso marca uno de los primeros cuestionamientos judiciales importantes a la pol\u00edtica migratoria bajo el segundo mandato del presidente Donald Trump y es ampliamente visto como un indicador de c\u00f3mo los tribunales federales interpretar\u00e1n el poder ejecutivo luego de la decisi\u00f3n de la Corte Suprema en Trump v. CASA, que redujo el alcance de los mandatos judiciales a nivel nacional.\n    <\/p>\n<p class=\"paragraph inline-placeholder vossi-paragraph\" data-uri=\"es.cms.cnn.com\/_components\/paragraph\/instances\/cmdt6liux000a356nziy8qv8h@published\" data-editable=\"text\" data-component-name=\"paragraph\" data-article-gutter=\"true\">\n            El eje central de la demanda es la decisi\u00f3n del Gobierno de aplicar la \u201cexpulsi\u00f3n acelerada\u201d \u2014un proceso de deportaci\u00f3n acelerada que se utiliza normalmente para quienes cruzaron la frontera recientemente\u2014 a los inmigrantes que ingresaron legalmente y cumpl\u00edan con las instrucciones del Gobierno. Bajo las nuevas directrices emitidas esta primavera, los agentes del ICE comenzaron a detener a las personas con \u201cparole\u201d fuera de los tribunales y en los puestos de control, a menudo sin permitirles acceso a abogados.\n    <\/p>\n<p class=\"paragraph inline-placeholder vossi-paragraph\" data-uri=\"es.cms.cnn.com\/_components\/paragraph\/instances\/cmdt6m52k000j356n4j1ysyii@published\" data-editable=\"text\" data-component-name=\"paragraph\" data-article-gutter=\"true\">\n            Los abogados defensores advirtieron que la pol\u00edtica podr\u00eda poner en riesgo de deportaci\u00f3n sumaria a m\u00e1s de dos millones de personas, incluyendo a muchas que llegaron a Estados Unidos huyendo de la persecuci\u00f3n y que buscaban v\u00edas legales para quedarse.\n    <\/p>\n<p class=\"paragraph inline-placeholder vossi-paragraph\" data-uri=\"es.cms.cnn.com\/_components\/paragraph\/instances\/cmdt6m52k000k356nfezmwpxt@published\" data-editable=\"text\" data-component-name=\"paragraph\" data-article-gutter=\"true\">\n            Los demandantes, liderados por la Coalici\u00f3n por los Derechos Humanos de los Inmigrantes (CHIRLA, por sus siglas en ingl\u00e9s), CASA y UndocuBlack, argumentaron que el Departamento de Seguridad Nacional viola la Ley de Inmigraci\u00f3n y Nacionalidad al tratar a los inmigrantes con \u201cparole\u201d como si hubieran ingresado ilegalmente. Su demanda tambi\u00e9n plantea inquietudes sobre el debido proceso, alegando que la nueva pol\u00edtica pone en peligro a las comunidades vulnerables sin darles la oportunidad de ser escuchadas.\n    <\/p>\n<p class=\"paragraph inline-placeholder vossi-paragraph\" data-uri=\"es.cms.cnn.com\/_components\/paragraph\/instances\/cmdt6m52k000l356n1fyaanwl@published\" data-editable=\"text\" data-component-name=\"paragraph\" data-article-gutter=\"true\">\n            Hillary Li, abogada que representa a los demandantes, afirm\u00f3 que los grupos est\u00e1n \u201cprofundamente comprometidos con la protecci\u00f3n de nuestras comunidades de los perjuicios de la deportaci\u00f3n acelerada\u201d y a\u00f1adi\u00f3 que est\u00e1n \u201cagradecidos de que el tribunal haya reconocido que esta pr\u00e1ctica es ilegal\u201d.\n    <\/p>\n<p class=\"paragraph inline-placeholder vossi-paragraph\" data-uri=\"es.cms.cnn.com\/_components\/paragraph\/instances\/cmdt6m52k000m356no3qclyje@published\" data-editable=\"text\" data-component-name=\"paragraph\" data-article-gutter=\"true\">\n            El caso forma parte de una batalla legal m\u00e1s amplia sobre hasta qu\u00e9 punto puede llegar el poder ejecutivo para desmantelar las pol\u00edticas de inmigraci\u00f3n y \u201cparole\u201d de la era Biden.\n    <\/p>\n","protected":false},"excerpt":{"rendered":"CNN \u00a0\u2014\u00a0 Este viernes, una jueza federal suspendi\u00f3 el intento del Gobierno de Trump de acelerar la deportaci\u00f3n&hellip;\n","protected":false},"author":2,"featured_media":19819,"comment_status":"","ping_status":"","sticky":false,"template":"","format":"standard","meta":{"footnotes":""},"categories":[42],"tags":[17,18,13,14,11,590,61,62,63,64,19,20,9,10,15,16,12055,12,21,22,65,66,67],"class_list":{"0":"post-19818","1":"post","2":"type-post","3":"status-publish","4":"format-standard","5":"has-post-thumbnail","7":"category-internacional","8":"tag-breaking-news","9":"tag-breakingnews","10":"tag-featured-news","11":"tag-featurednews","12":"tag-headlines","13":"tag-inmigracion","14":"tag-internacional","15":"tag-international","16":"tag-international-news","17":"tag-internationalnews","18":"tag-latest-news","19":"tag-latestnews","20":"tag-news","21":"tag-noticias","22":"tag-noticias-destacadas","23":"tag-noticiasdestacadas","24":"tag-parole-humanitario","25":"tag-titulares","26":"tag-ultimas-noticias","27":"tag-ultimasnoticias","28":"tag-world","29":"tag-world-news","30":"tag-worldnews"},"share_on_mastodon":{"url":"","error":""},"_links":{"self":[{"href":"https:\/\/www.europesays.com\/es\/wp-json\/wp\/v2\/posts\/19818","targetHints":{"allow":["GET"]}}],"collection":[{"href":"https:\/\/www.europesays.com\/es\/wp-json\/wp\/v2\/posts"}],"about":[{"href":"https:\/\/www.europesays.com\/es\/wp-json\/wp\/v2\/types\/post"}],"author":[{"embeddable":true,"href":"https:\/\/www.europesays.com\/es\/wp-json\/wp\/v2\/users\/2"}],"replies":[{"embeddable":true,"href":"https:\/\/www.europesays.com\/es\/wp-json\/wp\/v2\/comments?post=19818"}],"version-history":[{"count":0,"href":"https:\/\/www.europesays.com\/es\/wp-json\/wp\/v2\/posts\/19818\/revisions"}],"wp:featuredmedia":[{"embeddable":true,"href":"https:\/\/www.europesays.com\/es\/wp-json\/wp\/v2\/media\/19819"}],"wp:attachment":[{"href":"https:\/\/www.europesays.com\/es\/wp-json\/wp\/v2\/media?parent=19818"}],"wp:term":[{"taxonomy":"category","embeddable":true,"href":"https:\/\/www.europesays.com\/es\/wp-json\/wp\/v2\/categories?post=19818"},{"taxonomy":"post_tag","embeddable":true,"href":"https:\/\/www.europesays.com\/es\/wp-json\/wp\/v2\/tags?post=19818"}],"curies":[{"name":"wp","href":"https:\/\/api.w.org\/{rel}","templated":true}]}}