{"id":198180,"date":"2025-10-24T11:09:07","date_gmt":"2025-10-24T11:09:07","guid":{"rendered":"https:\/\/www.europesays.com\/es\/198180\/"},"modified":"2025-10-24T11:09:07","modified_gmt":"2025-10-24T11:09:07","slug":"telemadrid-premiada-por-la-casa-de-cordoba-en-madrid-por-la-retransmision-integra-de-la-feria-de-san-isidro-2025","status":"publish","type":"post","link":"https:\/\/www.europesays.com\/es\/198180\/","title":{"rendered":"Telemadrid, premiada por la Casa de C\u00f3rdoba en Madrid por la retransmisi\u00f3n \u00edntegra de la Feria de San Isidro 2025"},"content":{"rendered":"<p class=\"mce\"><strong class=\"mce\">Telemadrid ha sido reconocida con el Premio Taurino Especial de la Casa de C\u00f3rdoba en Madrid por su labor en la retransmisi\u00f3n de la Feria de San Isidro 2025<\/strong>, que la cadena auton\u00f3mica ofreci\u00f3 \u00edntegramente en directo y en abierto por primera vez.<\/p>\n<p class=\"mce\">El galard\u00f3n, que se enmarca en la 51\u00aa edici\u00f3n de los Premios Taurinos de la Casa de C\u00f3rdoba, destaca el compromiso de Telemadrid con \u201cla difusi\u00f3n cultural y la preservaci\u00f3n de las tradiciones populares de la Comunidad de Madrid\u201d.<\/p>\n<p class=\"mce\"><strong class=\"mce\">El responsable del equipo de programas taurinos de Telemadrid, Sixto Naranjo<\/strong>, fue el encargado de recoger el premio, subrayando en su intervenci\u00f3n \u201cel esfuerzo de todo el equipo t\u00e9cnico y humano que ha hecho posible llevar la emoci\u00f3n de la Feria de San Isidro a los hogares madrile\u00f1os, acercando la Tauromaquia a un p\u00fablico amplio y diverso\u201d.<\/p>\n<p class=\"mce\">Durante el acto, celebrado en la sede de la Casa de C\u00f3rdoba en Madrid, tambi\u00e9n fueron distinguidos destacados protagonistas de la temporada taurina. Entre los premiados figuran el toro \u2018Brigadier\u2019, de la ganader\u00eda Pedraza de Yeltes; el subalterno Iv\u00e1n Garc\u00eda; la mejor estocada, otorgada al diestro Uceda Leal; la mejor faena, al matador Jim\u00e9nez Fortes; y el prestigioso Trofeo Manuel Ben\u00edtez \u201cEl Cordob\u00e9s\u201d, concedido al triunfador de la Feria, Morante de la Puebla. Asimismo, se entreg\u00f3 un premio especial a Florencio Fern\u00e1ndez Castillo \u201cFlorito\u201d, por su ejemplar trayectoria y su labor como mayoral de la Plaza de Las Ventas.<\/p>\n<p class=\"mce\">Los Premios Taurinos de la Casa de C\u00f3rdoba en Madrid son uno de los cert\u00e1menes m\u00e1s veteranos del panorama taurino nacional. Instituidos en 1962, estos galardones celebran m\u00e1s de medio siglo de historia distinguiendo a los profesionales m\u00e1s destacados de la Feria de San Isidro.<\/p>\n<p class=\"mce\"><strong class=\"mce\">Informaci\u00f3n al instante en Onda Madrid 101.3 y 106.0 FM y en www.telemadrid.es <\/strong><strong class=\"mce\">Telemadrid, tu mejor compa\u00f1\u00eda<\/strong><\/p>\n","protected":false},"excerpt":{"rendered":"Telemadrid ha sido reconocida con el Premio Taurino Especial de la Casa de C\u00f3rdoba en Madrid por su&hellip;\n","protected":false},"author":2,"featured_media":198181,"comment_status":"","ping_status":"","sticky":false,"template":"","format":"standard","meta":{"footnotes":""},"categories":[277],"tags":[517,373,209,168,95,2666,25,24,61,813,4687,12244,2667,2663,2662,2664,492,23,167,374,12245,21],"class_list":{"0":"post-198180","1":"post","2":"type-post","3":"status-publish","4":"format-standard","5":"has-post-thumbnail","7":"category-toreo","8":"tag-actualidad","9":"tag-bullfighting","10":"tag-cultura","11":"tag-deportes","12":"tag-economia","13":"tag-emision-en-directo","14":"tag-es","15":"tag-espana","16":"tag-internacional","17":"tag-nacional","18":"tag-noticias-hoy","19":"tag-noticias-madrid","20":"tag-podcast","21":"tag-programas-de-telemadrid","22":"tag-programas-de-television","23":"tag-programas-onda-madrid","24":"tag-sociedad","25":"tag-spain","26":"tag-sports","27":"tag-toreo","28":"tag-ultima-hora-madrid","29":"tag-ultimas-noticias"},"share_on_mastodon":{"url":"https:\/\/pubeurope.com\/@es\/115428836147012225","error":""},"_links":{"self":[{"href":"https:\/\/www.europesays.com\/es\/wp-json\/wp\/v2\/posts\/198180","targetHints":{"allow":["GET"]}}],"collection":[{"href":"https:\/\/www.europesays.com\/es\/wp-json\/wp\/v2\/posts"}],"about":[{"href":"https:\/\/www.europesays.com\/es\/wp-json\/wp\/v2\/types\/post"}],"author":[{"embeddable":true,"href":"https:\/\/www.europesays.com\/es\/wp-json\/wp\/v2\/users\/2"}],"replies":[{"embeddable":true,"href":"https:\/\/www.europesays.com\/es\/wp-json\/wp\/v2\/comments?post=198180"}],"version-history":[{"count":0,"href":"https:\/\/www.europesays.com\/es\/wp-json\/wp\/v2\/posts\/198180\/revisions"}],"wp:featuredmedia":[{"embeddable":true,"href":"https:\/\/www.europesays.com\/es\/wp-json\/wp\/v2\/media\/198181"}],"wp:attachment":[{"href":"https:\/\/www.europesays.com\/es\/wp-json\/wp\/v2\/media?parent=198180"}],"wp:term":[{"taxonomy":"category","embeddable":true,"href":"https:\/\/www.europesays.com\/es\/wp-json\/wp\/v2\/categories?post=198180"},{"taxonomy":"post_tag","embeddable":true,"href":"https:\/\/www.europesays.com\/es\/wp-json\/wp\/v2\/tags?post=198180"}],"curies":[{"name":"wp","href":"https:\/\/api.w.org\/{rel}","templated":true}]}}