{"id":198186,"date":"2025-10-24T11:14:11","date_gmt":"2025-10-24T11:14:11","guid":{"rendered":"https:\/\/www.europesays.com\/es\/198186\/"},"modified":"2025-10-24T11:14:11","modified_gmt":"2025-10-24T11:14:11","slug":"llego-a-mas-de-200000-reproducciones-el-gesto-viral-de-franco-colapinto-al-ver-un-nene-con-la-camiseta-de-boca-en-mexico","status":"publish","type":"post","link":"https:\/\/www.europesays.com\/es\/198186\/","title":{"rendered":"Lleg\u00f3 a m\u00e1s de 200,000 reproducciones: el gesto viral de Franco Colapinto al ver un nene con la camiseta de Boca en M\u00e9xico"},"content":{"rendered":"<p data-testid=\"paragraph\" class=\"mb-[20px] md:mb-[30px] break-word\"><a href=\"https:\/\/bolavip.com\/ar\/tema\/franco-colapinto\" target=\"_blank\" rel=\"noreferrer noopener nofollow\" class=\"break-word font-articleLinkText text-articleLinkText hover:text-articleLinkTextHover hover:bg-articleLinkTextHoverBg cursor-pointer border-solid border-b-articleLinkTextHover\">Franco Colapinto<\/a> es ya un nombre de la cultura popular argentina, su llegada a la <a href=\"https:\/\/bolavip.com\/ar\/formula-1\" target=\"_blank\" rel=\"noreferrer noopener nofollow\" class=\"break-word font-articleLinkText text-articleLinkText hover:text-articleLinkTextHover hover:bg-articleLinkTextHoverBg cursor-pointer border-solid border-b-articleLinkTextHover\">F\u00f3rmula 1<\/a> gener\u00f3 que millones de albicelestes depositen su inter\u00e9s en una categor\u00eda que lo hab\u00eda perdido y un fanatismo inusitado en una generaci\u00f3n que, posiblemente, jam\u00e1s hab\u00eda visto una carrera de inicio a fin. Pero ahora nadie quiere perderse un Gran Premio y <strong>Colapinto se ha convertido en el \u00eddolo de multitudes que lo apoyan cada fin de semana.<\/strong><\/p>\n<p data-testid=\"paragraph\" class=\"mb-[20px] md:mb-[30px] break-word\"><a href=\"https:\/\/disneyplus.bn5x.net\/c\/2838092\/564546\/9358\" target=\"_blank\" rel=\"noreferrer noopener sponsored nofollow\" class=\"break-word font-articleLinkText text-articleLinkText hover:text-articleLinkTextHover hover:bg-articleLinkTextHoverBg cursor-pointer border-solid border-b-articleLinkTextHover\">Viv\u00ed toda la acci\u00f3n del Gran Premio de M\u00e9xico de la F\u00f3rmula 1 por Disney+<\/a><\/p>\n<p data-testid=\"paragraph\" class=\"mb-[20px] md:mb-[30px] break-word\">Y Franco, fiel a su forma de ser, intenta devolver ese cari\u00f1o en cada ocasi\u00f3n que puede. Es por ello que <strong>rompi\u00f3 todos los protocolos durante un evento en el que se present\u00f3 durante la semana del Gran Premio de M\u00e9xico<\/strong> al ver un nene con la camiseta de <a href=\"https:\/\/bolavip.com\/ar\/resultados\/futbol\/equipo\/boca\/6861eac1-6a03-4954-aee7-6a2694fc86a2\/noticias\" target=\"_blank\" rel=\"noreferrer noopener nofollow\" class=\"break-word font-articleLinkText text-articleLinkText hover:text-articleLinkTextHover hover:bg-articleLinkTextHoverBg cursor-pointer border-solid border-b-articleLinkTextHover\">Boca<\/a>, esperando por \u00e9l. Colapinto, tambi\u00e9n fan\u00e1tico Xeneize, se detuvo en su camino a la presentaci\u00f3n que lo ten\u00eda como protagonista y le regal\u00f3 un momento que el chico jam\u00e1s olvidar\u00e1.<\/p>\n<p data-testid=\"paragraph\" class=\"mb-[20px] md:mb-[30px] break-word\">Primero, <strong>le dirigi\u00f3 unas palabras, pero r\u00e1pidamente quit\u00f3 la cinta que delimitaba el lugar para el p\u00fablico, hizo pasar al chico para sacarse una foto y finalmente le firm\u00f3 la camiseta de Boca<\/strong>. El video, publicado por el usuario @valearannda en X r\u00e1pidamente se volvi\u00f3 viral y alcanz\u00f3 m\u00e1s de 200,000 reproducciones en tre los compartidos y resubidos que tuvo en diferentes plataformas.<\/p>\n<p data-testid=\"paragraph\" class=\"mb-[20px] md:mb-[30px] break-word\">\u201c<strong>Todos los argentinos que me dan tanto cari\u00f1o, es algo muy especial para m\u00ed<\/strong>. En especial en todas las carreras en Am\u00e9rica de ahora es un momento que disfruto mucho\u201d, admiti\u00f3 Colapinto m\u00e1s tarde en una entrevista. \u201cComparado con los otros pilotos, creo que soy de los que m\u00e1s fan\u00e1ticos tiene. O al menos de los que los fan\u00e1ticos realmente se nota esa pasi\u00f3n\u201d, agreg\u00f3.<\/p>\n<p data-testid=\"paragraph\" class=\"break-word\">\u201c<strong>La pasi\u00f3n de los nuestros es algo \u00fanico<\/strong>, siempre estoy muy agradecido de poder vivir esto\u201d, reconoci\u00f3 Franco. \u201cNunca hubiera pensado que lo iba a poder vivir, ni correr en F\u00f3rmula 1, y que haya sucedido para m\u00ed es algo muy especial y que siempre voy a agradecer\u201d, complet\u00f3.<\/p>\n","protected":false},"excerpt":{"rendered":"Franco Colapinto es ya un nombre de la cultura popular argentina, su llegada a la F\u00f3rmula 1 gener\u00f3&hellip;\n","protected":false},"author":2,"featured_media":198187,"comment_status":"","ping_status":"","sticky":false,"template":"","format":"standard","meta":{"footnotes":""},"categories":[270],"tags":[8601,168,25,24,306,271,272,1723,23,167],"class_list":{"0":"post-198186","1":"post","2":"type-post","3":"status-publish","4":"format-standard","5":"has-post-thumbnail","7":"category-formula-1","8":"tag-boca","9":"tag-deportes","10":"tag-es","11":"tag-espana","12":"tag-f1","13":"tag-formula-1","14":"tag-formula1","15":"tag-franco-colapinto","16":"tag-spain","17":"tag-sports"},"share_on_mastodon":{"url":"https:\/\/pubeurope.com\/@es\/115428855959558740","error":""},"_links":{"self":[{"href":"https:\/\/www.europesays.com\/es\/wp-json\/wp\/v2\/posts\/198186","targetHints":{"allow":["GET"]}}],"collection":[{"href":"https:\/\/www.europesays.com\/es\/wp-json\/wp\/v2\/posts"}],"about":[{"href":"https:\/\/www.europesays.com\/es\/wp-json\/wp\/v2\/types\/post"}],"author":[{"embeddable":true,"href":"https:\/\/www.europesays.com\/es\/wp-json\/wp\/v2\/users\/2"}],"replies":[{"embeddable":true,"href":"https:\/\/www.europesays.com\/es\/wp-json\/wp\/v2\/comments?post=198186"}],"version-history":[{"count":0,"href":"https:\/\/www.europesays.com\/es\/wp-json\/wp\/v2\/posts\/198186\/revisions"}],"wp:featuredmedia":[{"embeddable":true,"href":"https:\/\/www.europesays.com\/es\/wp-json\/wp\/v2\/media\/198187"}],"wp:attachment":[{"href":"https:\/\/www.europesays.com\/es\/wp-json\/wp\/v2\/media?parent=198186"}],"wp:term":[{"taxonomy":"category","embeddable":true,"href":"https:\/\/www.europesays.com\/es\/wp-json\/wp\/v2\/categories?post=198186"},{"taxonomy":"post_tag","embeddable":true,"href":"https:\/\/www.europesays.com\/es\/wp-json\/wp\/v2\/tags?post=198186"}],"curies":[{"name":"wp","href":"https:\/\/api.w.org\/{rel}","templated":true}]}}