{"id":198193,"date":"2025-10-24T11:19:08","date_gmt":"2025-10-24T11:19:08","guid":{"rendered":"https:\/\/www.europesays.com\/es\/198193\/"},"modified":"2025-10-24T11:19:08","modified_gmt":"2025-10-24T11:19:08","slug":"bibliotecarios-por-un-dia-en-fuenlabrada-para-fomentar-la-lectura-entre-los-jovenes","status":"publish","type":"post","link":"https:\/\/www.europesays.com\/es\/198193\/","title":{"rendered":"Bibliotecarios por un d\u00eda en Fuenlabrada para fomentar la lectura entre los j\u00f3venes"},"content":{"rendered":"<p class=\"mce\">Este viernes se celebra el<strong class=\"mce\"> D\u00eda de las Bibliotecas<\/strong>. Una jornada para recordar y no olvidar la<strong class=\"mce\"> destrucci\u00f3n de la biblioteca de Sarajevo en 199<\/strong>2 durante la Guerra de los Balcanes.<\/p>\n<p class=\"mce\">Cinco a\u00f1o despu\u00e9s, la<strong class=\"mce\"> Asociaci\u00f3n Espa\u00f1ola de Amigos del Libro Infantil y Juvenil<\/strong> impuls\u00f3 mla celbraci\u00f3n de esta jornada dedicada a los libros y al fomento de la lectura.<\/p>\n<p class=\"mce\">En Fuenlabrada se ha organizado un programa para animar a todos los vecinos a acercarse a los libros. No importa la edad pero <strong class=\"mce\">sumar nuevos lectores y lectoras<\/strong> desde temprano y que mantengan el gusto por la lectura, por los libros, es fundamental.<\/p>\n<p>                <a href=\"https:\/\/www.telemadrid.es\/noticias\/madrid\/Madrid-celebra-el-Dia-de-las-Bibliotecas-con-lecturas-cuentacuentos-y-premios-0-2828117165--20251024091725.html\" class=\"lnk\" target=\"_blank\" rel=\"nofollow noopener\">Madrid celebra el D\u00eda de las Bibliotecas con lecturas, cuentacuentos y premios<\/a><\/p>\n<p class=\"mce\"><strong class=\"mce\">\u2018Bibliotecarios por un d\u00eda\u2019 <\/strong>es una iniciativa dirigida a p\u00fablico infantil y juvenil. Consiste en convertirse en bibliotecario o bibliotecaria realizando, bajo su supervisi\u00f3n, labores sencillas propias del personal de bibliotecas como el pr\u00e9stamo de libros, explican los organizadores.<\/p>\n<p class=\"mce\">Otra de las actividadeds es<strong class=\"mce\"> \u2018Pr\u00e9stamos a ciegas\u2019<\/strong>, por la que el p\u00fablico de cualquier edad (de 0 a +100) encontrar\u00e1 en los mostradores de las bibliotecas libros envueltos que podr\u00e1 llevarse en pr\u00e9stamo sin conocer el t\u00edtulo ni el autor del ejemplar.<\/p>\n<p class=\"mce\">En<strong class=\"mce\"> \u2018Intercambio de libros dedicados entre lectores y lectoras\u2019<\/strong> cada persona elegir\u00e1 un ejemplar de los expuestos en las salas de adultos, dejando en su lugar otro libro con una dedicatoria dirigida a otra persona. Esta iniciativa es exclusiva para p\u00fablico adulto.<\/p>\n<p class=\"mce\">Y la campa\u00f1a<strong class=\"mce\"> \u2018\u00bfC\u00f3mo hemos llegado a esto?\u2019<\/strong> de la Concejal\u00eda de Cultura en las resdes sociales mediante videos cortos humor\u00edsticos ofrece un recorrido con la evoluci\u00f3n de la lectura en la sociedad actual.<\/p>\n","protected":false},"excerpt":{"rendered":"Este viernes se celebra el D\u00eda de las Bibliotecas. Una jornada para recordar y no olvidar la destrucci\u00f3n&hellip;\n","protected":false},"author":2,"featured_media":198194,"comment_status":"","ping_status":"","sticky":false,"template":"","format":"standard","meta":{"footnotes":""},"categories":[172],"tags":[224,146,147,25,24,225,2659,7594,7596,7597,7595,7598,23],"class_list":{"0":"post-198193","1":"post","2":"type-post","3":"status-publish","4":"format-standard","5":"has-post-thumbnail","7":"category-libros","8":"tag-books","9":"tag-entertainment","10":"tag-entretenimiento","11":"tag-es","12":"tag-espana","13":"tag-libros","14":"tag-noticias-de-madrid","15":"tag-noticias-de-madrid-de-hoy","16":"tag-noticias-de-madrid-en-directo","17":"tag-noticias-de-madrid-en-vivo","18":"tag-noticias-de-madrid-ultima-hora","19":"tag-noticias-madrid-en-vivo","20":"tag-spain"},"share_on_mastodon":{"url":"https:\/\/pubeurope.com\/@es\/115428875786554333","error":""},"_links":{"self":[{"href":"https:\/\/www.europesays.com\/es\/wp-json\/wp\/v2\/posts\/198193","targetHints":{"allow":["GET"]}}],"collection":[{"href":"https:\/\/www.europesays.com\/es\/wp-json\/wp\/v2\/posts"}],"about":[{"href":"https:\/\/www.europesays.com\/es\/wp-json\/wp\/v2\/types\/post"}],"author":[{"embeddable":true,"href":"https:\/\/www.europesays.com\/es\/wp-json\/wp\/v2\/users\/2"}],"replies":[{"embeddable":true,"href":"https:\/\/www.europesays.com\/es\/wp-json\/wp\/v2\/comments?post=198193"}],"version-history":[{"count":0,"href":"https:\/\/www.europesays.com\/es\/wp-json\/wp\/v2\/posts\/198193\/revisions"}],"wp:featuredmedia":[{"embeddable":true,"href":"https:\/\/www.europesays.com\/es\/wp-json\/wp\/v2\/media\/198194"}],"wp:attachment":[{"href":"https:\/\/www.europesays.com\/es\/wp-json\/wp\/v2\/media?parent=198193"}],"wp:term":[{"taxonomy":"category","embeddable":true,"href":"https:\/\/www.europesays.com\/es\/wp-json\/wp\/v2\/categories?post=198193"},{"taxonomy":"post_tag","embeddable":true,"href":"https:\/\/www.europesays.com\/es\/wp-json\/wp\/v2\/tags?post=198193"}],"curies":[{"name":"wp","href":"https:\/\/api.w.org\/{rel}","templated":true}]}}