{"id":198197,"date":"2025-10-24T11:21:16","date_gmt":"2025-10-24T11:21:16","guid":{"rendered":"https:\/\/www.europesays.com\/es\/198197\/"},"modified":"2025-10-24T11:21:16","modified_gmt":"2025-10-24T11:21:16","slug":"bon-jovi-anuncia-forever-tour-las-fechas-de-sus-conciertos-en-reino-unido-irlanda-y-su-residencia-en-eeuu-los40-classic","status":"publish","type":"post","link":"https:\/\/www.europesays.com\/es\/198197\/","title":{"rendered":"Bon Jovi anuncia &#8216;Forever Tour&#8217;: las fechas de sus conciertos en Reino Unido, Irlanda y su residencia en EEUU | LOS40 Classic"},"content":{"rendered":"<p>Ya puedes ir reservando los billetes. No nos vamos a ir a una isla paradisiaca; es algo mucho mejor. Este <b>viernes 24 <\/b>ver\u00e1 la luz <b>Forever (Legendary Edition)<\/b>, una versi\u00f3n de su \u00faltimo disco y como no pod\u00eda ser de otra manera ya han anunciado sus conciertos correspondiente. \u00bfDe qui\u00e9n hablamos? De<b> <\/b><a href=\"https:\/\/los40.com\/tag\/bon_jovi\/a\/\" target=\"_blank\" rel=\"nofollow noopener\" title=\"https:\/\/los40.com\/tag\/bon_jovi\/a\/\"><b>Bon Jovi<\/b><\/a>, por supuesto. <\/p>\n<p>As\u00ed lo ha anunciado la banda estadounidense de rock, con una publicaci\u00f3n en redes sociales hace escasas horas. Con el anuncio de este <b>tour y su correspondiente residencia en Nueva York<\/b>, Jon Bon Jovi, Tico Torres, Hugh McDonald, Phil X, John Shanks y Everett Bradley <b>volver\u00e1n a lanzarse a la carretera <\/b>en el verano de 2026. <\/p>\n<p>&#8216;Forever Tour&#8217;, de Bon Jovi<\/p>\n<p>Un concierto de Bon Jovi siempre es buena noticia, pero sin son tres y una residencia de cuatro fechas, mucho mejor. Estos conciertos vienen motivados por <a href=\"https:\/\/los40.com\/2025\/08\/28\/bon-jovi-anuncia-forever-legendary-edition-una-regrabacion-con-las-voces-de-bruce-springsteen-avril-lavigne-robbie-williams-y-mas\/\" target=\"_blank\" rel=\"nofollow noopener\" title=\"https:\/\/los40.com\/2025\/08\/28\/bon-jovi-anuncia-forever-legendary-edition-una-regrabacion-con-las-voces-de-bruce-springsteen-avril-lavigne-robbie-williams-y-mas\/\">la regrabaci\u00f3n de <b>Forever<\/b>, publicado en 2024, que a su vez tuvo lugar por los problemas vocales que Jon Bon Jovi hab\u00eda tenido durante la producci\u00f3n del disco<\/a>. Y es que ahora \u2014 como lo confirma el sobrenombre del disco \u2014 el grupo se prepara para llevar a cabo un tour legendario. <\/p>\n<p><img decoding=\"async\" src=\"https:\/\/los40.com\/pf\/resources\/img\/logo-40-v-c.svg?d=894\" alt=\"LOS40 Classic\" class=\"i-pro\" width=\"68\" height=\"68\" loading=\"lazy\"\/><\/p>\n<p>La residencia en <b>Estados Unidos<\/b> abrir\u00e1 una preventa exclusiva el <b>27 de octubre<\/b> a las 10:00 a.m. (hora estadounidense) Unos d\u00edas m\u00e1s tarde, el <b>viernes 31<\/b>, abrir\u00e1 sus puertas la venta general. La venta general del disco se abrir\u00e1 ese mismo 31 de octubre a las <b>09:00 a.m.<\/b> (hora estadounidense)<\/p>\n<p>Las fechas de &#8216;Forever Tour&#8217;<\/p>\n<ul>\n<li>7, 9, 12 y 14 de julio de 2026 &#8211; Nueva York &#8211; Madison Square Garden<\/li>\n<li>28 de agosto de 2026 &#8211; Edimburgo &#8211; Murrayfield Stadium<\/li>\n<li>30 de agosto de 2026 &#8211; Dubl\u00edn &#8211; Croke Park<\/li>\n<li>4 de septiembre de 2026 &#8211; Londres &#8211; Wembley Stadium <\/li>\n<\/ul>\n<p>Una gira de conciertos legendaria<\/p>\n<p>&#8216;Forever Tour&#8217; no lleva \u00ablegendary\u00bb por sobrenombre, pero esta claro que <b>el grupo se prepara para llevar a cabo algunos de sus shows m\u00e1s emblem\u00e1ticos<\/b>. Entre las incontables regrabaciones que Bon Jovi ha incluido en la regrabaci\u00f3n de este disco destacan figuras como <a href=\"https:\/\/los40.com\/tag\/robbie_williams\/a\/\" target=\"_blank\" rel=\"nofollow noopener\" title=\"https:\/\/los40.com\/tag\/robbie_williams\/a\/\"><b>Robbie Williams<\/b><\/a><b>, <\/b><a href=\"https:\/\/los40.com\/tag\/avril_lavigne\/a\/\" target=\"_blank\" rel=\"nofollow noopener\" title=\"https:\/\/los40.com\/tag\/avril_lavigne\/a\/\"><b>Avril Lavigne<\/b><\/a><b>, <\/b><a href=\"https:\/\/los40.com\/2025\/08\/29\/bruce-springsteen-se-une-a-bon-jovi-en-forever-legendary-edition\/\" target=\"_blank\" rel=\"nofollow noopener\" title=\"https:\/\/los40.com\/2025\/08\/29\/bruce-springsteen-se-une-a-bon-jovi-en-forever-legendary-edition\/\"><b>Bruce Springsteen<\/b><\/a><b> o <\/b><a href=\"https:\/\/los40.com\/tag\/oscar_diaz_de_leon\/a\/\" target=\"_blank\" rel=\"nofollow noopener\" title=\"https:\/\/los40.com\/tag\/oscar_diaz_de_leon\/a\/\"><b>Car\u00edn Le\u00f3n<\/b><\/a>, entre otros. <\/p>\n<p>\u00bfY t\u00fa? <b>\u00bfYa est\u00e1s sacando los billetes para ver a Bon Jovi en concierto?<\/b><\/p>\n","protected":false},"excerpt":{"rendered":"Ya puedes ir reservando los billetes. No nos vamos a ir a una isla paradisiaca; es algo mucho&hellip;\n","protected":false},"author":2,"featured_media":198198,"comment_status":"","ping_status":"","sticky":false,"template":"","format":"standard","meta":{"footnotes":""},"categories":[170],"tags":[11420,54803,54804,13360,146,147,28733,25,24,8552,184,185,54805,28740,19655,23,54806],"class_list":{"0":"post-198197","1":"post","2":"type-post","3":"status-publish","4":"format-standard","5":"has-post-thumbnail","7":"category-musica","8":"tag-2020s","9":"tag-air-date-10232025","10":"tag-award-show","11":"tag-awards","12":"tag-entertainment","13":"tag-entretenimiento","14":"tag-episodic","15":"tag-es","16":"tag-espana","17":"tag-indoor","18":"tag-music","19":"tag-musica","20":"tag-nup_209075","21":"tag-select","22":"tag-single","23":"tag-spain","24":"tag-winner"},"share_on_mastodon":{"url":"https:\/\/pubeurope.com\/@es\/115428883368265608","error":""},"_links":{"self":[{"href":"https:\/\/www.europesays.com\/es\/wp-json\/wp\/v2\/posts\/198197","targetHints":{"allow":["GET"]}}],"collection":[{"href":"https:\/\/www.europesays.com\/es\/wp-json\/wp\/v2\/posts"}],"about":[{"href":"https:\/\/www.europesays.com\/es\/wp-json\/wp\/v2\/types\/post"}],"author":[{"embeddable":true,"href":"https:\/\/www.europesays.com\/es\/wp-json\/wp\/v2\/users\/2"}],"replies":[{"embeddable":true,"href":"https:\/\/www.europesays.com\/es\/wp-json\/wp\/v2\/comments?post=198197"}],"version-history":[{"count":0,"href":"https:\/\/www.europesays.com\/es\/wp-json\/wp\/v2\/posts\/198197\/revisions"}],"wp:featuredmedia":[{"embeddable":true,"href":"https:\/\/www.europesays.com\/es\/wp-json\/wp\/v2\/media\/198198"}],"wp:attachment":[{"href":"https:\/\/www.europesays.com\/es\/wp-json\/wp\/v2\/media?parent=198197"}],"wp:term":[{"taxonomy":"category","embeddable":true,"href":"https:\/\/www.europesays.com\/es\/wp-json\/wp\/v2\/categories?post=198197"},{"taxonomy":"post_tag","embeddable":true,"href":"https:\/\/www.europesays.com\/es\/wp-json\/wp\/v2\/tags?post=198197"}],"curies":[{"name":"wp","href":"https:\/\/api.w.org\/{rel}","templated":true}]}}