{"id":198205,"date":"2025-10-24T11:25:09","date_gmt":"2025-10-24T11:25:09","guid":{"rendered":"https:\/\/www.europesays.com\/es\/198205\/"},"modified":"2025-10-24T11:25:09","modified_gmt":"2025-10-24T11:25:09","slug":"la-princesa-leonor-rinde-homenaje-al-maestro-armani-con-una-chaqueta-de-tweed-en-los-premios-princesa-de-asturias","status":"publish","type":"post","link":"https:\/\/www.europesays.com\/es\/198205\/","title":{"rendered":"La princesa Leonor rinde homenaje al maestro Armani con una chaqueta de &#8216;tweed&#8217; en los Premios Princesa de Asturias"},"content":{"rendered":"<p data-journey-content=\"true\" data-node-id=\"1\" class=\"body-dropcap css-1vn2egp emevuu60\">Salta a la vista que la relaci\u00f3n entre la reina Letizia y sus hijas es excelente, y esa sinton\u00eda la han llevado a sus looks en el concierto previo a la entrega de los galardones de los <a href=\"https:\/\/www.harpersbazaar.com\/es\/famosas\/el-estilo-de\/a62718666\/princesa-leonor-traje-negro-clasico-elegante-princesa-asturas-premios-look-gala\/\" target=\"_blank\" data-vars-ga-outbound-link=\"https:\/\/www.harpersbazaar.com\/es\/famosas\/el-estilo-de\/a62718666\/princesa-leonor-traje-negro-clasico-elegante-princesa-asturas-premios-look-gala\/\" data-vars-ga-ux-element=\"Hyperlink\" data-vars-ga-call-to-action=\"Premios Princesa de Asturias\" data-node-id=\"1.1\" class=\"body-link css-156jt4g emevuu60\" rel=\"nofollow noopener\">Premios Princesa de Asturias<\/a>. Las tres se pusieron de acuerdo para vestir de negro y azul navy: la reina combin\u00f3 ambos colores, la infanta Sof\u00eda eligi\u00f3 el negro y la <strong data-node-id=\"1.5\">princesa Leonor<\/strong> dio una lecci\u00f3n de estilo y homenaje\u00f3 a <strong data-node-id=\"1.7\">Giorgio Armani<\/strong> vistiendo una chaqueta de tweed con lentejuelas que cuesta 500 euros.<\/p>\n<p data-journey-content=\"true\" data-node-id=\"4\" class=\"css-6wxqfj emevuu60\">Han sido muchas las royals que en las \u00faltimas semanas han querido homenajear a Giorgio Armani, fallecido el pasado 4 de septiembre. La reina <strong data-node-id=\"4.3\">Matilde de B\u00e9lgica<\/strong> luc\u00eda un precioso vestido de fiesta con lentejuelas esta semana en la visita de Estado de Italia a B\u00e9lgica, y su madre, la <strong data-node-id=\"4.5\">reina Letizia<\/strong>, hac\u00eda lo propio con un <a href=\"https:\/\/www.harpersbazaar.com\/es\/famosas\/el-estilo-de\/a68874516\/reina-letizia-vestido-plisado-giorgio-armani-bruselas-encuentro-matilde-belgica\/\" target=\"_blank\" data-vars-ga-outbound-link=\"https:\/\/www.harpersbazaar.com\/es\/famosas\/el-estilo-de\/a68874516\/reina-letizia-vestido-plisado-giorgio-armani-bruselas-encuentro-matilde-belgica\/\" data-vars-ga-ux-element=\"Hyperlink\" data-vars-ga-call-to-action=\"vestido plisado de seda\" data-node-id=\"4.7\" class=\"body-link css-156jt4g emevuu60\" rel=\"nofollow noopener\">vestido plisado de seda<\/a> hace dos semanas en su viaje a Bruselas. Ahora ha sido la princesa Leonor quien ha querido sumar a su armario una prenda de la marca.<\/p>\n<p><img draggable=\"true\" alt=\"princesa leonor\" title=\"Princesa Leonor Chaqueta Armani\" loading=\"lazy\" width=\"2635\" height=\"3905\" decoding=\"async\" data-nimg=\"1\" style=\"color:transparent;width:100%;height:auto;\"   src=\"https:\/\/www.europesays.com\/es\/wp-content\/uploads\/2025\/10\/gettyimages-2242833861-68fb396a741cf.jpg\" class=\"css-0 e1g79fud0\"\/><\/p>\n<p>Europa Press Entertainment<\/p>\n<p data-journey-content=\"true\" data-node-id=\"7\" class=\"css-6wxqfj emevuu60\">La heredera al trono ha combinado en Oviedo una <strong data-node-id=\"7.1\"><a href=\"https:\/\/www.harpersbazaar.com\/es\/moda\/compras\/a65535970\/chaquetas-tweed-mango-bonitas-chanel-moda-mujer-tendencias\/\" target=\"_blank\" data-vars-ga-outbound-link=\"https:\/\/www.harpersbazaar.com\/es\/moda\/compras\/a65535970\/chaquetas-tweed-mango-bonitas-chanel-moda-mujer-tendencias\/\" data-vars-ga-ux-element=\"Hyperlink\" data-vars-ga-call-to-action=\"chaqueta de tweed\" data-node-id=\"7.1.0\" class=\"body-link css-156jt4g emevuu60\" rel=\"nofollow noopener\">chaqueta de tweed<\/a> en color azul marino con lentejuelas<\/strong>. Se trata de una prenda con un patr\u00f3n impecable: cuello redondo, corte a la cintura, manga larga y cremallera y bolsillos con ribete en negro. La chaqueta refleja a la perfecci\u00f3n el gusto por la <strong data-node-id=\"7.3\">artesan\u00eda<\/strong> y la elegancia sin fecha de caducidad. La prenda est\u00e1 disponible en Farfetch y su precio es de 507 euros.<br data-node-id=\"7.5\"\/><\/p>\n<p>Emporio Armani : Chaqueta de tweed con lentejuelas<\/p>\n<p><a target=\"_blank\" rel=\"nofollow noopener\" data-theme-key=\"product-image-wrapper\" href=\"https:\/\/www.farfetch.com\/ie\/shopping\/women\/emporio-armani-sequin-embellished-tweed-jacket-item-30916519.aspx?\" aria-label=\"507\u00a0\u20ac en Farfetch for : Chaqueta de tweed con lentejuelas\" data-href=\"https:\/\/www.farfetch.com\/ie\/shopping\/women\/emporio-armani-sequin-embellished-tweed-jacket-item-30916519.aspx?\" data-product-url=\"https:\/\/www.farfetch.com\/ie\/shopping\/women\/emporio-armani-sequin-embellished-tweed-jacket-item-30916519.aspx?\" data-affiliate=\"false\" data-affiliate-network=\"\" data-vars-ga-call-to-action=\"507\u00a0\u20ac en Farfetch\" data-vars-ga-media-role=\"\" data-vars-ga-media-type=\"Single Product Embed\" data-vars-ga-outbound-link=\"https:\/\/www.farfetch.com\/ie\/shopping\/women\/emporio-armani-sequin-embellished-tweed-jacket-item-30916519.aspx?\" data-vars-ga-product-brand=\"Emporio Armani\" data-vars-ga-product-id=\"5d7534ec-2b28-4335-974d-12a656b10a83\" data-vars-ga-product-price=\"507,00\u00a0\u20ac\" data-vars-ga-product-retailer-id=\"78e34ff8-9205-4bc2-a1dd-f0f305d21983\" data-vars-ga-product-sem3-brand=\"Emporio Armani\" data-vars-ga-link-treatment=\"(not set) | (not set)\" class=\"product-image-link ebgq4gw2 e1b8bpvs0 css-g6od0w e1c1bym14\" data-><img  alt=\": Chaqueta de tweed con lentejuelas\" title=\": Chaqueta de tweed con lentejuelas\" src=\"https:\/\/www.europesays.com\/es\/wp-content\/uploads\/2025\/10\/1761294838-chaqueta-emporio-armani-68fb39960abcf.jpg\" width=\"619\" height=\"654\" decoding=\"async\" loading=\"lazy\"\/><\/a><\/p>\n<p data-journey-content=\"true\" data-node-id=\"12\" class=\"css-6wxqfj emevuu60\">La princesa ha combinado la chaqueta con un pantal\u00f3n azul marino de silueta recta, un clutch a juego y unos <strong data-node-id=\"12.1\">zapatos de firma espa\u00f1ola.<\/strong> No es la primera vez que la princesa Leonor calza unos zapatos de la <a href=\"https:\/\/www.harpersbazaar.com\/es\/moda\/tendencias\/a61185229\/princesa-leonor-zapatos-comodos-baratos-pinkchic-guagua-alicante-hechos-en-espana\/\" target=\"_blank\" data-vars-ga-outbound-link=\"https:\/\/www.harpersbazaar.com\/es\/moda\/tendencias\/a61185229\/princesa-leonor-zapatos-comodos-baratos-pinkchic-guagua-alicante-hechos-en-espana\/\" data-vars-ga-ux-element=\"Hyperlink\" data-vars-ga-call-to-action=\"marca PINKCHIC guagua\" data-node-id=\"12.3\" class=\"body-link css-156jt4g emevuu60\" rel=\"nofollow noopener\">marca PINKCHIC guagua<\/a>, pues eligi\u00f3 el mismo modelo para la pasada edici\u00f3n de estos galardones. De punta afilada, tac\u00f3n carrete y pulsera en el tobillo, estos zapatos cuentan con un tac\u00f3n de 5,5 cent\u00edmetros que son a la vez c\u00f3modos y elegantes.<\/p>\n<p>PINKCHIC gua gua : Zapatos con pulsera al tobillo<\/p>\n<p><a target=\"_blank\" rel=\"nofollow noopener\" data-theme-key=\"product-image-wrapper\" href=\"https:\/\/pinkchicguagua.com\/zapatos-de-tacon\/1141-74326-yaiza-negro-esencial.html#\/tallas-35\/colores-negro\" aria-label=\"135\u00a0\u20ac en pinkchicguagua for : Zapatos con pulsera al tobillo\" data-href=\"https:\/\/pinkchicguagua.com\/zapatos-de-tacon\/1141-74326-yaiza-negro-esencial.html#\/tallas-35\/colores-negro\" data-product-url=\"https:\/\/pinkchicguagua.com\/zapatos-de-tacon\/1141-74326-yaiza-negro-esencial.html#\/tallas-35\/colores-negro\" data-affiliate=\"false\" data-affiliate-network=\"\" data-vars-ga-call-to-action=\"135\u00a0\u20ac en pinkchicguagua\" data-vars-ga-media-role=\"\" data-vars-ga-media-type=\"Single Product Embed\" data-vars-ga-outbound-link=\"https:\/\/pinkchicguagua.com\/zapatos-de-tacon\/1141-74326-yaiza-negro-esencial.html#\/tallas-35\/colores-negro\" data-vars-ga-product-brand=\"PINKCHIC gua gua\" data-vars-ga-product-id=\"e4ca6e4b-20cd-40f1-92d9-fc98ea8747aa\" data-vars-ga-product-price=\"135,00\u00a0\u20ac\" data-vars-ga-product-retailer-id=\"16ecad92-b78f-4df4-bb7b-4ac65fe15590\" data-vars-ga-product-sem3-brand=\"PINKCHIC gua gua\" data-vars-ga-link-treatment=\"(not set) | (not set)\" class=\"product-image-link ebgq4gw2 e1b8bpvs0 css-g6od0w e1c1bym14\" data-><img  alt=\": Zapatos con pulsera al tobillo\" title=\": Zapatos con pulsera al tobillo\" src=\"https:\/\/www.europesays.com\/es\/wp-content\/uploads\/2025\/10\/1761295761-zapatos-pinkchic-gua-gua-68fb3d5c5fbff.jpg\" width=\"542\" height=\"397\" decoding=\"async\" loading=\"lazy\"\/><\/a>Cr\u00e9dito: PINKCHIC gua gua<\/p>\n<p data-journey-content=\"true\" data-node-id=\"15\" class=\"css-6wxqfj emevuu60\">En su look, no ha pasado desapercibido el <strong data-node-id=\"15.1\">peinado<\/strong>. En los \u00faltimos actos oficiales hemos visto a la princesa Leonor con el pelo recogido en un mo\u00f1o pulido, su elecci\u00f3n siempre que viste un uniforme oficial de gala. En esta ocasi\u00f3n, la princesa ha lucido su larga melena rubia semirrecogida y ondulada, un peinado que le favorece especialmente.<\/p>\n<p><img src=\"https:\/\/www.europesays.com\/es\/wp-content\/uploads\/2025\/10\/1761305109_446_b4c24d5a-56e1-466a-b6be-f09ec4d75ab4_1657891428.file\" alt=\"Headshot of Sandra Mu\u00f1oz\" title=\"Headshot of Sandra Mu\u00f1oz\" width=\"100%\" height=\"100%\" decoding=\"async\" loading=\"lazy\" class=\"css-o0wq4v ev8dhu53\"\/><\/p>\n<p>Escribo sobre royals, celebrities y cultura en la web de Harper\u2019s Bazaar. Licenciada en Periodismo en la Universidad Complutense de Madrid, comenc\u00e9 mi carrera escribiendo sobre lifestyle en revistas impresas para despu\u00e9s dar el salto al mundo digital. Si solo pudiera hacer dos cosas en la vida ser\u00edan leer y probar nuevos restaurantes. Mi idea de la felicidad es tomarse una cerveza mirando al mar.\u00a0<\/p>\n","protected":false},"excerpt":{"rendered":"Salta a la vista que la relaci\u00f3n entre la reina Letizia y sus hijas es excelente, y esa&hellip;\n","protected":false},"author":2,"featured_media":198206,"comment_status":"","ping_status":"","sticky":false,"template":"","format":"standard","meta":{"footnotes":""},"categories":[91],"tags":[1655,253,146,147,25,24,23],"class_list":{"0":"post-198205","1":"post","2":"type-post","3":"status-publish","4":"format-standard","5":"has-post-thumbnail","7":"category-entretenimiento","8":"tag-afiliacion","9":"tag-discover","10":"tag-entertainment","11":"tag-entretenimiento","12":"tag-es","13":"tag-espana","14":"tag-spain"},"share_on_mastodon":{"url":"https:\/\/pubeurope.com\/@es\/115428899177743454","error":""},"_links":{"self":[{"href":"https:\/\/www.europesays.com\/es\/wp-json\/wp\/v2\/posts\/198205","targetHints":{"allow":["GET"]}}],"collection":[{"href":"https:\/\/www.europesays.com\/es\/wp-json\/wp\/v2\/posts"}],"about":[{"href":"https:\/\/www.europesays.com\/es\/wp-json\/wp\/v2\/types\/post"}],"author":[{"embeddable":true,"href":"https:\/\/www.europesays.com\/es\/wp-json\/wp\/v2\/users\/2"}],"replies":[{"embeddable":true,"href":"https:\/\/www.europesays.com\/es\/wp-json\/wp\/v2\/comments?post=198205"}],"version-history":[{"count":0,"href":"https:\/\/www.europesays.com\/es\/wp-json\/wp\/v2\/posts\/198205\/revisions"}],"wp:featuredmedia":[{"embeddable":true,"href":"https:\/\/www.europesays.com\/es\/wp-json\/wp\/v2\/media\/198206"}],"wp:attachment":[{"href":"https:\/\/www.europesays.com\/es\/wp-json\/wp\/v2\/media?parent=198205"}],"wp:term":[{"taxonomy":"category","embeddable":true,"href":"https:\/\/www.europesays.com\/es\/wp-json\/wp\/v2\/categories?post=198205"},{"taxonomy":"post_tag","embeddable":true,"href":"https:\/\/www.europesays.com\/es\/wp-json\/wp\/v2\/tags?post=198205"}],"curies":[{"name":"wp","href":"https:\/\/api.w.org\/{rel}","templated":true}]}}