{"id":198223,"date":"2025-10-24T11:37:09","date_gmt":"2025-10-24T11:37:09","guid":{"rendered":"https:\/\/www.europesays.com\/es\/198223\/"},"modified":"2025-10-24T11:37:09","modified_gmt":"2025-10-24T11:37:09","slug":"horarios-de-libres-f1-del-gp-de-mexico-y-donde-ver-hoy-en-tv-los-entrenamientos-de-alonso-y-sainz","status":"publish","type":"post","link":"https:\/\/www.europesays.com\/es\/198223\/","title":{"rendered":"Horarios de libres F1 del GP de M\u00e9xico y d\u00f3nde ver hoy en TV los entrenamientos de Alonso y Sainz"},"content":{"rendered":"<p data-mrf-recirculation=\"Links P\u00e1rrafos\" class=\"ue-c-article__paragraph paragraph ue-c-article--first-letter-highlighted\">E<strong>l Gran Premio de M\u00e9xico<\/strong> aterriza en su primer d\u00eda de actividades. <strong>El Aut\u00f3dromo Hermanos Rodr\u00edguez<\/strong> ser\u00e1 el encargado de tomar el relevo del <strong>Circuito de Las Am\u00e9ricas<\/strong>, en el marco de la 20\u00ba jornada de la temporada. A diferencia del <strong>GP de Estados Unidos<\/strong>, este fin de semana volver\u00e1 a la cotidiano, puesto que no estar\u00e1 bajo el formato sprint. En este sentido, cada equipo aprovechar\u00e1 las dos <strong>primeras sesiones de entrenamientos libres<\/strong> para obtener la mayor cantidad de informaci\u00f3n posible.\u00a0<\/p>\n<p data-mrf-recirculation=\"Links P\u00e1rrafos\" class=\"ue-c-article__paragraph paragraph\"><strong>Max Verstappen<\/strong> llega a un circuito que conoce de sobra en su momento m\u00e1s dulce de la temporada. El campe\u00f3n del mundo se qued\u00f3 con la m\u00e1xima cantidad de puntos en <strong>Las Am\u00e9ricas<\/strong>, recortando las distancias con <strong>Oscar Piastri<\/strong>, l\u00edder del <strong>Mundial<\/strong>, a solo 40 puntos. Ahora, buscar\u00e1 seguir acortando la distancia en un trazado en el que ha ganado hasta en cinco ocasiones, siendo el m\u00e1ximo ganador de la historia.\u00a0\u00a0<\/p>\n<p data-mrf-recirculation=\"Links P\u00e1rrafos\" class=\"ue-c-article__paragraph paragraph\">A pesar del resultado,\u00a0<strong>Oscar Piastri (346)<\/strong> sigue en lo m\u00e1s alto del campeonato. <strong>Lando Norris<\/strong> fue el piloto de <strong>McLaren <\/strong>que minimiz\u00f3 un poco m\u00e1s los da\u00f1os con el piloto de <strong>Red Bull.<\/strong> El brit\u00e1nico cruz\u00f3 la l\u00ednea de meta en segunda plaza\u00a0y ahora solo hay 14 puntos de diferencia entre los dos l\u00edderes.<\/p>\n<p><img decoding=\"async\" width=\"960\" height=\"1200\" class=\"ue-c-article__image lazyload\" alt=\"As\u00ed va el Mundial tras el GP de Estados Unidos.\" loading=\"lazy\" src=\"https:\/\/www.europesays.com\/es\/wp-content\/uploads\/2025\/10\/68f56dab25ab8.jpeg\"\/><\/p>\n<p>As\u00ed va el Mundial tras el GP de Estados Unidos.@F1<\/p>\n<p data-mrf-recirculation=\"Links P\u00e1rrafos\" class=\"ue-c-article__paragraph paragraph\"><strong>Fernando Alonso<\/strong> consigui\u00f3 un valioso punto tras un fin de semana en el que afirm\u00f3 contar con \u00abel noveno mejor coche\u00bb de la parrilla. En contraste, <strong>Carlos Sainz<\/strong> no tuvo la misma fortuna, ya que un choque con <strong>Kimi Antonelli <\/strong>lo forz\u00f3 a retirarse de la carrera, sumando otro abandono en su temporada. Esta situaci\u00f3n le hizo perder el d\u00e9cimo puesto en la clasificaci\u00f3n general frente a un sorprendente <strong>Nico H\u00fclkenberg.<\/strong><\/p>\n<p>\u00bfD\u00f3nde ver en TV y online el GP de M\u00e9xico de F1 2025?<\/p>\n<p data-mrf-recirculation=\"Links P\u00e1rrafos\" class=\"ue-c-article__paragraph paragraph\"><strong>El Gran Premio de M\u00e9xico de F\u00f3rmula 1 2025<\/strong> se podr\u00e1 ver en TV en la plataforma de <strong>DAZN F1 y en Movistar+.<\/strong> Tambi\u00e9n, tienes la opci\u00f3n de seguir todo lo que suceda en el fin de semana en el <strong>Aut\u00f3dromo Hermanos Rodr\u00edguez <\/strong>en directo a trav\u00e9s de <strong>MARCA.com y Radio MARCA.<\/strong><\/p>\n<p>Horarios del Gran Premio de M\u00e9xico de F1 2025<\/p>\n<p data-mrf-recirculation=\"Links P\u00e1rrafos\" class=\"ue-c-article__paragraph paragraph\">Seguimos en <strong>Norteam\u00e9rica<\/strong>, raz\u00f3n por la que las sesiones se seguir\u00e1n disfrutando en altas horas de la noche en <strong>Espa\u00f1a<\/strong>.\u00a0El primer d\u00eda de actividades desvelar\u00e1 el posible rendimiento de <strong>Aston Martin y Williams<\/strong> para el resto de la jornada en la <strong>capital mexicana.\u00a0<\/strong><\/p>\n<ul class=\"ue-c-article__list ue-c-article__ ue-c-article__list--unordered\">\n<li>Entrenamientos Libres 1 (FP1): 20:30 &#8211; 21:30 horas<\/li>\n<li>Entrenamientos Libres 2 (FP2): 00:00 &#8211; 01:00 horas<\/li>\n<\/ul>\n","protected":false},"excerpt":{"rendered":"El Gran Premio de M\u00e9xico aterriza en su primer d\u00eda de actividades. El Aut\u00f3dromo Hermanos Rodr\u00edguez ser\u00e1 el&hellip;\n","protected":false},"author":2,"featured_media":198224,"comment_status":"","ping_status":"","sticky":false,"template":"","format":"standard","meta":{"footnotes":""},"categories":[270],"tags":[168,25,24,306,271,272,23,167],"class_list":{"0":"post-198223","1":"post","2":"type-post","3":"status-publish","4":"format-standard","5":"has-post-thumbnail","7":"category-formula-1","8":"tag-deportes","9":"tag-es","10":"tag-espana","11":"tag-f1","12":"tag-formula-1","13":"tag-formula1","14":"tag-spain","15":"tag-sports"},"share_on_mastodon":{"url":"https:\/\/pubeurope.com\/@es\/115428946680161768","error":""},"_links":{"self":[{"href":"https:\/\/www.europesays.com\/es\/wp-json\/wp\/v2\/posts\/198223","targetHints":{"allow":["GET"]}}],"collection":[{"href":"https:\/\/www.europesays.com\/es\/wp-json\/wp\/v2\/posts"}],"about":[{"href":"https:\/\/www.europesays.com\/es\/wp-json\/wp\/v2\/types\/post"}],"author":[{"embeddable":true,"href":"https:\/\/www.europesays.com\/es\/wp-json\/wp\/v2\/users\/2"}],"replies":[{"embeddable":true,"href":"https:\/\/www.europesays.com\/es\/wp-json\/wp\/v2\/comments?post=198223"}],"version-history":[{"count":0,"href":"https:\/\/www.europesays.com\/es\/wp-json\/wp\/v2\/posts\/198223\/revisions"}],"wp:featuredmedia":[{"embeddable":true,"href":"https:\/\/www.europesays.com\/es\/wp-json\/wp\/v2\/media\/198224"}],"wp:attachment":[{"href":"https:\/\/www.europesays.com\/es\/wp-json\/wp\/v2\/media?parent=198223"}],"wp:term":[{"taxonomy":"category","embeddable":true,"href":"https:\/\/www.europesays.com\/es\/wp-json\/wp\/v2\/categories?post=198223"},{"taxonomy":"post_tag","embeddable":true,"href":"https:\/\/www.europesays.com\/es\/wp-json\/wp\/v2\/tags?post=198223"}],"curies":[{"name":"wp","href":"https:\/\/api.w.org\/{rel}","templated":true}]}}