{"id":198227,"date":"2025-10-24T11:39:09","date_gmt":"2025-10-24T11:39:09","guid":{"rendered":"https:\/\/www.europesays.com\/es\/198227\/"},"modified":"2025-10-24T11:39:09","modified_gmt":"2025-10-24T11:39:09","slug":"carrion-tecnico-del-real-oviedo-hay-que-tratar-de-ser-un-equipo-alegre-en-todos-los-sentidos-la-voz-de-asturias","status":"publish","type":"post","link":"https:\/\/www.europesays.com\/es\/198227\/","title":{"rendered":"Carri\u00f3n, t\u00e9cnico del Real Oviedo: \u00abHay que tratar de ser un equipo alegre en todos los sentidos\u00bb &#8211; La Voz de Asturias"},"content":{"rendered":"<ol>\n<li><a href=\"https:\/\/news.google.com\/rss\/articles\/CBMi2wFBVV95cUxQSy14Y05KUDM1S3A3czRhSjI2Tm9OVHd0cC1lRThsVGs0V1hOdURHVDRqREk3aldzVERBU29yQlh0WWRzeEdmanNZQ29wWHNvRHZEbzIwM1EzRlMwOVpGQjVtdnpIUmFDdnRlMjNYOVMwc0t6QkJsYlVWQ2w4dnVCck14bmJleTU4RTBGYkVZZWxSWENsMXppMk93eVhtaDdvSFpzRTBrYTBKQ0NqZlE2TE03UUh1OExuLURwR2pjTnBqZGRJdU9leVhzUHFOQ2k4eFV3czhJZEFsYXPSAfcBQVVfeXFMT3lHUDVqU1VrYUxwQUl0OXExLVdpMFpIdHFDSEJwaElVOUc0d3NFTks5SDQzakNWN3BqWVNONWxIdW1QUEpodUx6SUw0TlZfYVJfdVZRTXlZcXBlQ1RaVlE4dHNySGVZT2JrS0FtLWlRb2UyeVZZY2NiQUVnZ3Rqa29sY0FwUzc2c09sNjNSZHljZ010NS1WUGVUQ1pRd0xEOVNzUUhKbFREYTdxSjlXaTFZT0hqNWVfNDBmd0lGYURWRlpRclYwLThFczlKTDgwSXJTTFFwY2RZdDUyOU9wMmRhdHlXbjcyVjVJOWNETkpfckFfMmstbw?oc=5\" target=\"_blank\" rel=\"nofollow noopener\">Carri\u00f3n, t\u00e9cnico del Real Oviedo: \u00abHay que tratar de ser un equipo alegre en todos los sentidos\u00bb<\/a>&nbsp;&nbsp;La Voz de Asturias<\/li>\n<li><a href=\"https:\/\/news.google.com\/rss\/articles\/CBMipAFBVV95cUxOUjRnc3IxbjlHMG1MUUhTT25RbkNlWEllT3JZaHF5cVNCSkVhbTBCcTFHSHhWb1JRRlAxeFkzNm1LV2M5YUlxWEd0QmFPa1JjVHZGSzJxS2NDbS1OZmZWc3hqcUVVQkJ4OTB0NG5lLU5tX0g0LTM2TmZfcFMyeHg2NDZPRUFkdjZnblI5WUdEYlNnX1otaWdEMW1oY0VkUU5wcWRHadIBuAFBVV95cUxPaWdVdjVkREtfUFNNcUktc3dnMHg1Uk4xbW5aODl1Wm1zRldBVzZRbTl6aklXdHJtYXM5N3p3TjA2bmkxOFN6NUZRaWZRMmZmaDN0NmVnWjBydmxlQmJucVEzbDZidUtjeDFoSnZ2QnhjY1BraGVYOWt4Q3RKNGxxcVVrelA3R3I3b1dXMXlRQVB0MGl0VnpYQVpXYXRhVjgwMDYxSnFvVWFMRk1xQUFYRGtoRnhFcnFm?oc=5\" target=\"_blank\" rel=\"nofollow noopener\">Carri\u00f3n: \u201cEs clave llegar con m\u00e1s gente a la posici\u00f3n de remate\u201d<\/a>&nbsp;&nbsp;Diario AS<\/li>\n<li><a href=\"https:\/\/news.google.com\/rss\/articles\/CBMilgFBVV95cUxNZmI2Z1pFcVlPNTgwWWViQ0pBSzh4Smcwa25EZFNLcms5U1FEMWRFS2k4RlY5dTUxaTlBbjRXR3pMZGFwcmFsbVloa3V2WlA0eFBYRzlfcHl6ejZQRUtQb19tYzFyWVdNcVAwUTRBeHB3V3ZQWUZ5a0hyOTBDWWFOUDVmRGFuYl9SQmZ2ekVJaG11dkxhdHfSAZsBQVVfeXFMTUFwM3dOdldudkhRbm5OSU9ySFpNbUJxM3VZU2xwcjM1NURhRi1HdjNtSUpueVFjcU9LdURvbjFrb3NnVkpGM1o2QXo2U3dHbHpoZmNyQU5udHF5LTI3cW83eC05MUFDT0hkM2F3Uk44THM2YjVaR3JFVXVXallMYlZhNk5XWmZ3T2l3blNOc0tybGlSdXJZV2J0cTQ?oc=5\" target=\"_blank\" rel=\"nofollow noopener\">\u00bfQu\u00e9 piensa Carri\u00f3n de la reuni\u00f3n con el Fondo Norte? El entrenador del Oviedo se moja<\/a>&nbsp;&nbsp;LNE<\/li>\n<li><a href=\"https:\/\/news.google.com\/rss\/articles\/CBMi0wFBVV95cUxPYkZrME85aXI4Zjd5VWJ2Y1k1dFRCYnZld21saFQ4cTZ1Qmtyd3p5MzB5MmFUZ3U0dlpILU4wNF9Ca3VyNTlqMWozcnlMdVJUYmxVY2dzSXR4SFJJbHk3OVJEUnZhSnh2T3FPS2xzWFlIS0k3VmVBSG5seWh4RWJxSktXUlNidHV2WVJuNExHYVpoWWowTndWdkZrYk1VRGU4T2F2QWt4dU04U2N3TFJNdldQRHJ5STc3d1FJTzIwUXdiWlpSUWNOZTNGSElRa1Z1WDEw?oc=5\" target=\"_blank\" rel=\"nofollow noopener\">Carri\u00f3n: \u00abQueremos disfrutar y que eso nos ayude a ganar\u00bb<\/a>&nbsp;&nbsp;Onda Cero<\/li>\n<li><a href=\"https:\/\/news.google.com\/rss\/articles\/CBMimgJBVV95cUxPMUhKTnZfcmxEY01mMEVmd1dFc3VpMTJMeGNsRTk2eVY3Rm56c0YyUnBJT0d4a2dnNkRETTBWbGhUM1p5NHBiX3BWUTYzRm1yNmVELU9STVJUR1JvSFJBWFRDZUw2YXVoU1ZTbGRLNE9YUTJfVnNBTlh2cUNGOUthS21QOUdfSEE0LW5FS0JIQTZGTlF6WEIyT3BOOUFWY3g4VVVfT2tONkNCSXMyWjRScWJLelN3TDR1dXRCYV8tR3J3aVdBaEd4c0FkT09fRUFfbk5DR25WWnVnMjFNTV9URmtsODNsdkI4OS12Zk9UX1FsZHpBU0FCWWlIS1ZlNDJ1RlV6b0RrcnVqNWFXTHlydDJIRDk4LUgzNEHSAZ8CQVVfeXFMTndpOURkSFZXQWpBWks2ZmtrckZuZ1Q4WXZOcTAwUm1ZRDBRelhKNXhidjlTSTdvaldDalR5SVV6eTl3ZTNaV0cwd3FBWHpSUmVacHFSdzh0bzRqSzdnSThxLS12UkdKV2h2NmVLdkY4dC01bE9jOVpfMXNWQnRSWG1vQzFENjZLNWFMVW5sbWJsT2FDUm45b1hrRHVKR1VPUWRaSVVJYUg5SGFwcm5DZjhBV3dnUmxGRU91MDNkSllvbjk0ZmtGc3FJYlVmaUZsTlJIazhCOFk1ODhzRWktRXVFdUE1UXdzWGZKZ0FEc05GeDhueDhWcDZuZ0I5eWFXWC1ndVdlUG90UGZ4eUpQeDRvbjlTY0NOeGwtbzJjeWc?oc=5\" target=\"_blank\" rel=\"nofollow noopener\">&#8216;La Tertulia del Oviedo&#8217;, en COPE Asturias: Los debates que deja el estreno de Luis Carri\u00f3n frente al Espanyol<\/a>&nbsp;&nbsp;COPE<\/li>\n<\/ol>\n","protected":false},"excerpt":{"rendered":"Carri\u00f3n, t\u00e9cnico del Real Oviedo: \u00abHay que tratar de ser un equipo alegre en todos los sentidos\u00bb&nbsp;&nbsp;La Voz&hellip;\n","protected":false},"author":2,"featured_media":198228,"comment_status":"","ping_status":"","sticky":false,"template":"","format":"standard","meta":{"footnotes":""},"categories":[268],"tags":[168,25,24,280,282,18013,1796,11783,3302,281,23,167],"class_list":{"0":"post-198227","1":"post","2":"type-post","3":"status-publish","4":"format-standard","5":"has-post-thumbnail","7":"category-futbol","8":"tag-deportes","9":"tag-es","10":"tag-espana","11":"tag-football","12":"tag-futbol","13":"tag-girona-fc","14":"tag-oviedo","15":"tag-rcd-espanyol","16":"tag-real-oviedo","17":"tag-soccer","18":"tag-spain","19":"tag-sports"},"share_on_mastodon":{"url":"https:\/\/pubeurope.com\/@es\/115428954355220815","error":""},"_links":{"self":[{"href":"https:\/\/www.europesays.com\/es\/wp-json\/wp\/v2\/posts\/198227","targetHints":{"allow":["GET"]}}],"collection":[{"href":"https:\/\/www.europesays.com\/es\/wp-json\/wp\/v2\/posts"}],"about":[{"href":"https:\/\/www.europesays.com\/es\/wp-json\/wp\/v2\/types\/post"}],"author":[{"embeddable":true,"href":"https:\/\/www.europesays.com\/es\/wp-json\/wp\/v2\/users\/2"}],"replies":[{"embeddable":true,"href":"https:\/\/www.europesays.com\/es\/wp-json\/wp\/v2\/comments?post=198227"}],"version-history":[{"count":0,"href":"https:\/\/www.europesays.com\/es\/wp-json\/wp\/v2\/posts\/198227\/revisions"}],"wp:featuredmedia":[{"embeddable":true,"href":"https:\/\/www.europesays.com\/es\/wp-json\/wp\/v2\/media\/198228"}],"wp:attachment":[{"href":"https:\/\/www.europesays.com\/es\/wp-json\/wp\/v2\/media?parent=198227"}],"wp:term":[{"taxonomy":"category","embeddable":true,"href":"https:\/\/www.europesays.com\/es\/wp-json\/wp\/v2\/categories?post=198227"},{"taxonomy":"post_tag","embeddable":true,"href":"https:\/\/www.europesays.com\/es\/wp-json\/wp\/v2\/tags?post=198227"}],"curies":[{"name":"wp","href":"https:\/\/api.w.org\/{rel}","templated":true}]}}