{"id":198241,"date":"2025-10-24T11:47:12","date_gmt":"2025-10-24T11:47:12","guid":{"rendered":"https:\/\/www.europesays.com\/es\/198241\/"},"modified":"2025-10-24T11:47:12","modified_gmt":"2025-10-24T11:47:12","slug":"que-esta-pasando-con-el-cancer-en-la-generacion-millennial-2","status":"publish","type":"post","link":"https:\/\/www.europesays.com\/es\/198241\/","title":{"rendered":"\u00bfQu\u00e9 est\u00e1 pasando con el c\u00e1ncer en la generaci\u00f3n &#8216;millennial&#8217;?"},"content":{"rendered":"<p style=\"\">Si est\u00e1 leyendo estas l\u00edneas es posible que pertenezca a la <strong>generaci\u00f3n millennial<\/strong> (como yo misma) y seguramente ha notado que cada vez hay m\u00e1s casos de amigos o conocidos con enfermedades que antes se asociaban a la adultez avanzada, como la hipertensi\u00f3n y  &#8230; la diabetes tipo 2. O, quiz\u00e1, una que da m\u00e1s miedo nombrar: c\u00e1ncer.<\/p>\n<p class=\"voc-p\" style=\"\">Los millennials (nacidos entre 1981 y 1995) forman parte de la primera generaci\u00f3n con m\u00e1s riesgo de sufrir tumores que sus padres: entre 1990 y 2019, los casos de c\u00e1ncer de inicio temprano entre menores de 50 aumentaron un 79 % en todo el mundo, y la mortalidad, un 28 %.<\/p>\n<p class=\"voc-p\" style=\"\">Lo cierto es que cerca del 80 % de los c\u00e1nceres son \u00abespor\u00e1dicos\u00bb, es decir, no se deben a mutaciones hereditarias, sino a factores externos que da\u00f1an el ADN con el tiempo: lo que comemos, lo que respiramos, el nivel de actividad f\u00edsica que mantenemos, nuestro descanso, el estr\u00e9s o la exposici\u00f3n a sustancias nocivas.<\/p>\n<p class=\"voc-p\" style=\"\">Dicho de otra forma, m\u00e1s que la gen\u00e9tica que heredamos, lo que realmente marca la diferencia son los factores que nos rodean en nuestro d\u00eda a d\u00eda. Y est\u00e1 claro que el estilo de vida de nuestros padres o abuelos era diferente al nuestro.<\/p>\n<p class=\"voc-p\" style=\"\">Uno de los principales factores que explican esta \u00abnueva epidemia\u00bb es la alimentaci\u00f3n. La obesidad infantil comenz\u00f3 a dispararse en los a\u00f1os 80. En 2022, m\u00e1s de 390 millones de ni\u00f1os y adolescentes de 5 a 19 a\u00f1os ten\u00edan sobrepeso, de los cuales 160 millones eran obesos, seg\u00fan la OMS.<\/p>\n<p class=\"voc-p\" style=\"\">Esta condici\u00f3n no es solo est\u00e9tica: se asocia a resistencia a la insulina, inflamaci\u00f3n cr\u00f3nica de bajo grado y alteraciones hormonales que aumentan el riesgo de desarrollar c\u00e1ncer colorrectal, mama o endometrio.<\/p>\n<p class=\"voc-p\" style=\"\">Y lo m\u00e1s relevante es que esos efectos no desaparecen con la edad: la obesidad en la infancia puede dejar una huella a largo plazo. Seg\u00fan la <a href=\"https:\/\/coloncancerfoundation.org\/\" target=\"_self\" data-voc-vtm-id=\"in-text-traffic\" title=\"Colon Cancer Foundation\" data-mrf-link=\"coloncancerfoundation.org\" rel=\"nofollow noopener\">Colon Cancer Foundation<\/a>, un metaan\u00e1lisis que inclu\u00eda a m\u00e1s de 4,7 millones de personas mostr\u00f3 que quienes ten\u00edan un \u00edndice de masa corporal elevado en etapas tempranas de la vida presentan un mayor riesgo de c\u00e1ncer colorrectal en la adultez: 39 % m\u00e1s en hombres y 19 % m\u00e1s en mujeres respecto a quienes ten\u00edan un IMC normal en la infancia.<\/p>\n<p class=\"voc-p\" style=\"\">Esos cambios en la alimentaci\u00f3n tambi\u00e9n han modificado nuestra microbiota intestinal. Se ha visto que dietas ricas en ultraprocesados reducen la diversidad bacteriana y aumentan la proporci\u00f3n de cepas productoras de metabolitos proinflamatorios. Esto contribuye a enfermedades gastrointestinales como el s\u00edndrome de intestino irritable o el SIBO, que hoy parecen casi end\u00e9micas en mi generaci\u00f3n millennial. Si en una cena de amigos preguntamos qui\u00e9n padece alguno de estos problemas, pocas manos quedar\u00edan sin levantarse.<\/p>\n<p>\nEl alcohol y sus efectos invisibles\n<\/p>\n<p class=\"voc-p\" style=\"\">El segundo gran responsable es el <strong>alcohol<\/strong>. Las reuniones millenials suelen girar en torno a una mesa con comida y bebida. Durante a\u00f1os se pens\u00f3 que una copa de vino era \u00abprotectora\u00bb, pero hoy sabemos que no existe un nivel seguro de consumo de alcohol: la IARC lo clasifica como carcin\u00f3geno del grupo 1, al mismo nivel que el tabaco. El etanol se transforma en acetaldeh\u00eddo, un compuesto que da\u00f1a el ADN.<\/p>\n<p class=\"voc-p\" style=\"\">Adem\u00e1s, los patrones de consumo difieren entre generaciones: mientras que los baby boomers presentan mayor frecuencia de consumo diario, los millennials tienden a beber menos a diario pero con m\u00e1s episodios de binge drinking (atracones de alcohol para emborracharse en poco tiempo), un patr\u00f3n que implica grandes riesgos. As\u00ed lo confirma la <a href=\"https:\/\/pnsd.sanidad.gob.es\/profesionales\/sistemasInformacion\/sistemaInformacion\/pdf\/2024_Informe_EDADES.pdf\" target=\"_self\" data-voc-vtm-id=\"in-text-traffic\" title=\"Encuesta EDADES 2024 del Ministerio de Sanidad\" data-mrf-link=\"pnsd.sanidad.gob.es\" rel=\"nofollow noopener\">Encuesta EDADES 2024 del Ministerio de Sanidad<\/a> de Espa\u00f1a, por ejemplo, que evidencia la distinta peligrosidad de los comportamientos entre generaciones.<\/p>\n<p><img loading=\"lazy\" decoding=\"async\" src=\"https:\/\/www.europesays.com\/es\/wp-content\/uploads\/2025\/10\/1761306432_994_count.gif\" alt=\"The Conversation\" width=\"1\" height=\"1\" style=\"border: none !important; box-shadow: none !important; margin: 0 !important; max-height: 1px !important; max-width: 1px !important; min-height: 1px !important; min-width: 1px !important; opacity: 0 !important; outline: none !important; padding: 0 !important\" referrerpolicy=\"no-referrer-when-downgrade\"\/><\/p>\n<p class=\"voc-p\" style=\"\">Y, por si no fuera suficiente, un estudio reciente de <a href=\"https:\/\/pubs.acs.org\/journal\/esthag\" target=\"_self\" data-voc-vtm-id=\"in-text-traffic\" title=\"Environmental Science &amp; Technology\" data-mrf-link=\"pubs.acs.org\" rel=\"nofollow noopener\">Environmental Science &amp; Technology<\/a> detect\u00f3 que muchas cervezas contienen sustancias perfluoroalquiladas (PFAS), conocidas como \u00abqu\u00edmicos eternos\u00bb y relacionadas con mayor incidencia de c\u00e1ncer testicular y renal.<\/p>\n<p>\nDormir poco tambi\u00e9n deja cicatrices\n<\/p>\n<p class=\"voc-p\" style=\"\">Pero hay m\u00e1s. Dormimos menos y peor que las generaciones anteriores: encuestas recientes muestran que los millennials y la <strong>generaci\u00f3n Z<\/strong> duermen en promedio entre 30 y 45 minutos menos por noche que los baby boomers, en gran parte por la exposici\u00f3n nocturna a pantallas y redes sociales. Esta luz artificial altera la secreci\u00f3n de melatonina, una hormona con propiedades antioxidantes y reguladora del ciclo celular.<\/p>\n<p class=\"voc-p\" style=\"\">La falta de sue\u00f1o cr\u00f3nico no solo da\u00f1a la reparaci\u00f3n del ADN, sino que tambi\u00e9n reduce los efectos protectores de la melatonina frente al c\u00e1ncer: niveles bajos de esta hormona se han vinculado a una menor capacidad para contrarrestar da\u00f1o oxidativo del ADN y a una mayor proliferaci\u00f3n celular.<\/p>\n<p class=\"voc-p\" style=\"\">Adem\u00e1s, la disrupci\u00f3n del ritmo circadiano interfiere con la expresi\u00f3n de genes clave de reparaci\u00f3n del ADN, acumulando mutaciones con el tiempo y aumentando el riesgo de procesos tumorales.<\/p>\n<p>\nEl peso invisible del estr\u00e9s\n<\/p>\n<p class=\"voc-p\" style=\"\">Probablemente somos la generaci\u00f3n con los niveles m\u00e1s altos de cortisol. Cuando la \u00ab<strong>hormona del estr\u00e9s<\/strong>\u00bb se mantiene elevada durante mucho tiempo, no solo favorece la resistencia a la insulina y la hipertensi\u00f3n, sino que tambi\u00e9n debilita al sistema inmune.<\/p>\n<p class=\"voc-p\" style=\"\">Las investigaciones revelan que el estr\u00e9s cr\u00f3nico aumenta la inflamaci\u00f3n, dificulta que las defensas eliminen c\u00e9lulas anormales e incluso puede \u00abdespertar\u00bb c\u00e9lulas tumorales latentes. De hecho, estudios en poblaci\u00f3n general han encontrado que las personas con m\u00e1s carga de estr\u00e9s presentan hasta el doble de riesgo de morir por c\u00e1ncer frente a quienes lo manejan mejor.<\/p>\n<p class=\"voc-p\" style=\"\">Y, por \u00faltimo, las \u00faltimas generaciones tambi\u00e9n est\u00e1n recurriendo cada vez m\u00e1s a la automedicaci\u00f3n que las anteriores, lo que plantea nuevos riesgos a corto y largo plazo.<\/p>\n<p class=\"voc-p\" style=\"\">El uso frecuente de paracetamol se vincula a mayor da\u00f1o hep\u00e1tico y posible aumento de c\u00e1ncer de h\u00edgado. Los anticonceptivos orales, empleados durante periodos muy largos debido al retraso de la maternidad, elevan ligeramente el riesgo de c\u00e1ncer de mama y cuello uterino, aunque protegen frente a ovario y endometrio. Adem\u00e1s, el uso prolongado de anti\u00e1cidos y de antibi\u00f3ticos se ha relacionado con un mayor riesgo de c\u00e1ncer digestivo a trav\u00e9s de mecanismos indirectos como compuestos carcinog\u00e9nicos o disbiosis intestinal.<\/p>\n<p>\nEl futuro de los &#8216;millennials&#8217;\n<\/p>\n<p class=\"voc-p\" style=\"\">Las proyecciones son realmente preocupantes: se espera que los casos de c\u00e1ncer podr\u00edan crecer desde unos <strong>20 millones en 2022 hasta cerca de 35 millones en 2050<\/strong>, lo que representa un incremento global de casi el 77 %. La tendencia es particularmente marcada en tumores digestivos y ginecol\u00f3gicos, que est\u00e1n apareciendo cada vez con m\u00e1s frecuencia en adultos j\u00f3venes.<\/p>\n<p class=\"voc-p\" style=\"\">Somos la generaci\u00f3n de lo inmediato, de la ansiedad y de la pastilla como soluci\u00f3n r\u00e1pida. Pero no todo est\u00e1 perdido: muchos de los factores que hoy nos enferman podemos controlarlos, y adoptar h\u00e1bitos m\u00e1s saludables puede marcar la diferencia para reducir riesgos y ganar calidad de vida en un futuro no tan lejano.<\/p>\n<p class=\"voc-p\" style=\"\">Art\u00edculo publicado en &#8216;The Conversation&#8217;.<\/p>\n","protected":false},"excerpt":{"rendered":"Si est\u00e1 leyendo estas l\u00edneas es posible que pertenezca a la generaci\u00f3n millennial (como yo misma) y seguramente&hellip;\n","protected":false},"author":2,"featured_media":198242,"comment_status":"","ping_status":"","sticky":false,"template":"","format":"standard","meta":{"footnotes":""},"categories":[92],"tags":[1066,25,24,4936,165,54813,10639,166,23],"class_list":{"0":"post-198241","1":"post","2":"type-post","3":"status-publish","4":"format-standard","5":"has-post-thumbnail","7":"category-salud","8":"tag-cancer","9":"tag-es","10":"tag-espana","11":"tag-generacion","12":"tag-health","13":"tag-millennial","14":"tag-pasando","15":"tag-salud","16":"tag-spain"},"share_on_mastodon":{"url":"https:\/\/pubeurope.com\/@es\/115428985782190133","error":""},"_links":{"self":[{"href":"https:\/\/www.europesays.com\/es\/wp-json\/wp\/v2\/posts\/198241","targetHints":{"allow":["GET"]}}],"collection":[{"href":"https:\/\/www.europesays.com\/es\/wp-json\/wp\/v2\/posts"}],"about":[{"href":"https:\/\/www.europesays.com\/es\/wp-json\/wp\/v2\/types\/post"}],"author":[{"embeddable":true,"href":"https:\/\/www.europesays.com\/es\/wp-json\/wp\/v2\/users\/2"}],"replies":[{"embeddable":true,"href":"https:\/\/www.europesays.com\/es\/wp-json\/wp\/v2\/comments?post=198241"}],"version-history":[{"count":0,"href":"https:\/\/www.europesays.com\/es\/wp-json\/wp\/v2\/posts\/198241\/revisions"}],"wp:featuredmedia":[{"embeddable":true,"href":"https:\/\/www.europesays.com\/es\/wp-json\/wp\/v2\/media\/198242"}],"wp:attachment":[{"href":"https:\/\/www.europesays.com\/es\/wp-json\/wp\/v2\/media?parent=198241"}],"wp:term":[{"taxonomy":"category","embeddable":true,"href":"https:\/\/www.europesays.com\/es\/wp-json\/wp\/v2\/categories?post=198241"},{"taxonomy":"post_tag","embeddable":true,"href":"https:\/\/www.europesays.com\/es\/wp-json\/wp\/v2\/tags?post=198241"}],"curies":[{"name":"wp","href":"https:\/\/api.w.org\/{rel}","templated":true}]}}