{"id":198251,"date":"2025-10-24T11:52:11","date_gmt":"2025-10-24T11:52:11","guid":{"rendered":"https:\/\/www.europesays.com\/es\/198251\/"},"modified":"2025-10-24T11:52:11","modified_gmt":"2025-10-24T11:52:11","slug":"la-biblioteca-municipal-almudena-grandes-recibe-un-premio-maria-moliner-2025","status":"publish","type":"post","link":"https:\/\/www.europesays.com\/es\/198251\/","title":{"rendered":"La Biblioteca Municipal Almudena Grandes recibe un premio Mar\u00eda Moliner 2025"},"content":{"rendered":"<p>                            <img decoding=\"async\" alt=\"\" class=\"w-100 img-box\" data-fileentryid=\"3868526\" src=\"https:\/\/www.europesays.com\/es\/wp-content\/uploads\/2025\/10\/472171cc-2e6e-a8f6-9a03-c507a6c9ff50\"\/><\/p>\n<p>Por el proyecto \u201cEn Azuqueca leemos juntos\u201d; es el tercer reconocimiento consecutivo<\/p>\n<p>El Ministerio de Cultura, a trav\u00e9s de la Direcci\u00f3n General de Promoci\u00f3n del Libro, del C\u00f3mic y de la Lectura, ha vuelto a reconocer, por tercer a\u00f1o consecutivo, a la Biblioteca Municipal Almudena Grandes de Azuqueca de Henares en la edici\u00f3n n\u00famero 25 de la Campa\u00f1a de Animaci\u00f3n a la Lectura Mar\u00eda Moliner 2025. En esta ocasi\u00f3n, se ha concedido un premio de 2.777,77 euros para la adquisici\u00f3n de fondo bibliogr\u00e1fico por el proyecto \u201cEn Azuqueca leemos juntos\u201d.<\/p>\n<p>\u201cDe nuevo, se pone en valor el trabajo que desarrollamos en la Biblioteca Municipal, con un personal que no se limita a la gesti\u00f3n del servicio de materiales, sino que, con dedicaci\u00f3n e ilusi\u00f3n, programan actividades para fomentar la lectura y acercar los libros a todas las edades\u201d, afirma la concejala de Cultura, Susana Santiago, quien recuerda que \u201cya el a\u00f1o pasado, la Biblioteca recibi\u00f3 un premio especial por el proyecto \u201c35 a\u00f1os de lectura compartida\u201d, y en 2023, consigui\u00f3 otro premio por \u201cM\u00e1s libros, m\u00e1s libres\u201d, que se suman a los concedidos en otras ediciones pasadas\u201d.<\/p>\n<p>El proyecto \u201cEn Azuqueca leemos juntos\u201d incide en \u201cla importancia de compartir la lectura a todas las edades y, para ello, se potencian las actividades de lectura en grupo, ya sean clubes de lectura o talleres, as\u00ed como propuestas de animaci\u00f3n a lectura en familia\u201d, repasa la edil. \u201cLa lectura compartida es el eje vertebral del proyecto que se ampl\u00eda con otras actividades como los encuentros con escritores y escritoras, ya sean de p\u00fablico adulto o juvenil, y en los que todos los asistentes han le\u00eddo el mismo libro y pueden compartir en alto sus comentarios e intercambiar opiniones\u201d, resume.<br \/>\u00a0<\/p>\n","protected":false},"excerpt":{"rendered":"Por el proyecto \u201cEn Azuqueca leemos juntos\u201d; es el tercer reconocimiento consecutivo El Ministerio de Cultura, a trav\u00e9s&hellip;\n","protected":false},"author":2,"featured_media":198252,"comment_status":"","ping_status":"","sticky":false,"template":"","format":"standard","meta":{"footnotes":""},"categories":[8],"tags":[17,18,209,25,24,13,14,11,19,20,9,10,15,16,23,12,21,22],"class_list":{"0":"post-198251","1":"post","2":"type-post","3":"status-publish","4":"format-standard","5":"has-post-thumbnail","7":"category-espana","8":"tag-breaking-news","9":"tag-breakingnews","10":"tag-cultura","11":"tag-es","12":"tag-espana","13":"tag-featured-news","14":"tag-featurednews","15":"tag-headlines","16":"tag-latest-news","17":"tag-latestnews","18":"tag-news","19":"tag-noticias","20":"tag-noticias-destacadas","21":"tag-noticiasdestacadas","22":"tag-spain","23":"tag-titulares","24":"tag-ultimas-noticias","25":"tag-ultimasnoticias"},"share_on_mastodon":{"url":"https:\/\/pubeurope.com\/@es\/115429005530933162","error":""},"_links":{"self":[{"href":"https:\/\/www.europesays.com\/es\/wp-json\/wp\/v2\/posts\/198251","targetHints":{"allow":["GET"]}}],"collection":[{"href":"https:\/\/www.europesays.com\/es\/wp-json\/wp\/v2\/posts"}],"about":[{"href":"https:\/\/www.europesays.com\/es\/wp-json\/wp\/v2\/types\/post"}],"author":[{"embeddable":true,"href":"https:\/\/www.europesays.com\/es\/wp-json\/wp\/v2\/users\/2"}],"replies":[{"embeddable":true,"href":"https:\/\/www.europesays.com\/es\/wp-json\/wp\/v2\/comments?post=198251"}],"version-history":[{"count":0,"href":"https:\/\/www.europesays.com\/es\/wp-json\/wp\/v2\/posts\/198251\/revisions"}],"wp:featuredmedia":[{"embeddable":true,"href":"https:\/\/www.europesays.com\/es\/wp-json\/wp\/v2\/media\/198252"}],"wp:attachment":[{"href":"https:\/\/www.europesays.com\/es\/wp-json\/wp\/v2\/media?parent=198251"}],"wp:term":[{"taxonomy":"category","embeddable":true,"href":"https:\/\/www.europesays.com\/es\/wp-json\/wp\/v2\/categories?post=198251"},{"taxonomy":"post_tag","embeddable":true,"href":"https:\/\/www.europesays.com\/es\/wp-json\/wp\/v2\/tags?post=198251"}],"curies":[{"name":"wp","href":"https:\/\/api.w.org\/{rel}","templated":true}]}}