{"id":198257,"date":"2025-10-24T11:55:08","date_gmt":"2025-10-24T11:55:08","guid":{"rendered":"https:\/\/www.europesays.com\/es\/198257\/"},"modified":"2025-10-24T11:55:08","modified_gmt":"2025-10-24T11:55:08","slug":"fernando-adrian-coronara-su-imparable-temporada-debutando-en-acho-este-domingo","status":"publish","type":"post","link":"https:\/\/www.europesays.com\/es\/198257\/","title":{"rendered":"Fernando Adri\u00e1n coronar\u00e1 su imparable temporada debutando en Acho este domingo"},"content":{"rendered":"<p style=\"text-align: justify;\">Fernando Adri\u00e1n afronta este domingo una de las citas m\u00e1s importantes de su temporada: su <strong>debut en el bicentenario coso de Acho, en Lima (Per\u00fa)<\/strong>. El torero llega a la capital peruana con la vitola del doble triunfo en la Feria del Pilar de Zaragoza, donde cort\u00f3 dos orejas de gran peso en su primera tarde y una m\u00e1s en la segunda, en la que actu\u00f3 en sustituci\u00f3n de Morante de la Puebla.<\/p>\n<p style=\"text-align: justify;\">Fernando Adri\u00e1n torear\u00e1 al lado de un \u00eddolo nacional como es Joaqu\u00edn Gald\u00f3s y del gaditano David Galv\u00e1n, tras una temporada 2025 de consolidaci\u00f3n y madurez, en la que ha actuado en una veintena de tardes, pero todas con el denominador com\u00fan del toreo y del triunfo, logrando entre otros un <strong>hist\u00f3rico indulto a un toro de Victorino en Pontevedra y otro al toro \u201cBatidero\u201d, de Rom\u00e1n Sorando, en la Feria de Cuenca<\/strong>. Otro de los cap\u00edtulos destacados de su temporada fue su faena de suma importancia en Madrid, el 16 de mayo, con el bravo toro <strong>\u201cFrenoso\u201d de Victoriano del R\u00edo<\/strong>, que marc\u00f3 un antes y un despu\u00e9s en su trayectoria, no coronada con el acero; y la oreja cortada en la tarde del 8 de junio en la Corrida de Beneficencia.<\/p>\n<p style=\"text-align: justify;\">El torero llega a Am\u00e9rica con el deseo de cerrar la temporada con broche de oro y con la mirada puesta ya en 2026, un a\u00f1o que se presenta clave para su definitiva proyecci\u00f3n internacional.<\/p>\n<p>&#13;<br \/>\n&#13;<\/p>\n<p style=\"text-align: justify;\">Este domingo, el coso de Acho ser\u00e1 el escenario de su debut en un coso hist\u00f3rico para el toreo. Y si algo ha demostrado Fernando Adri\u00e1n en los \u00faltimos a\u00f1os es que las oportunidades no las deja pasar.<\/p>\n<p style=\"text-align: justify;\">\u00a0<\/p>\n","protected":false},"excerpt":{"rendered":"Fernando Adri\u00e1n afronta este domingo una de las citas m\u00e1s importantes de su temporada: su debut en el&hellip;\n","protected":false},"author":2,"featured_media":198258,"comment_status":"","ping_status":"","sticky":false,"template":"","format":"standard","meta":{"footnotes":""},"categories":[277],"tags":[373,168,25,24,23,167,374],"class_list":{"0":"post-198257","1":"post","2":"type-post","3":"status-publish","4":"format-standard","5":"has-post-thumbnail","7":"category-toreo","8":"tag-bullfighting","9":"tag-deportes","10":"tag-es","11":"tag-espana","12":"tag-spain","13":"tag-sports","14":"tag-toreo"},"share_on_mastodon":{"url":"https:\/\/pubeurope.com\/@es\/115429017036021533","error":""},"_links":{"self":[{"href":"https:\/\/www.europesays.com\/es\/wp-json\/wp\/v2\/posts\/198257","targetHints":{"allow":["GET"]}}],"collection":[{"href":"https:\/\/www.europesays.com\/es\/wp-json\/wp\/v2\/posts"}],"about":[{"href":"https:\/\/www.europesays.com\/es\/wp-json\/wp\/v2\/types\/post"}],"author":[{"embeddable":true,"href":"https:\/\/www.europesays.com\/es\/wp-json\/wp\/v2\/users\/2"}],"replies":[{"embeddable":true,"href":"https:\/\/www.europesays.com\/es\/wp-json\/wp\/v2\/comments?post=198257"}],"version-history":[{"count":0,"href":"https:\/\/www.europesays.com\/es\/wp-json\/wp\/v2\/posts\/198257\/revisions"}],"wp:featuredmedia":[{"embeddable":true,"href":"https:\/\/www.europesays.com\/es\/wp-json\/wp\/v2\/media\/198258"}],"wp:attachment":[{"href":"https:\/\/www.europesays.com\/es\/wp-json\/wp\/v2\/media?parent=198257"}],"wp:term":[{"taxonomy":"category","embeddable":true,"href":"https:\/\/www.europesays.com\/es\/wp-json\/wp\/v2\/categories?post=198257"},{"taxonomy":"post_tag","embeddable":true,"href":"https:\/\/www.europesays.com\/es\/wp-json\/wp\/v2\/tags?post=198257"}],"curies":[{"name":"wp","href":"https:\/\/api.w.org\/{rel}","templated":true}]}}