{"id":198270,"date":"2025-10-24T12:05:11","date_gmt":"2025-10-24T12:05:11","guid":{"rendered":"https:\/\/www.europesays.com\/es\/198270\/"},"modified":"2025-10-24T12:05:11","modified_gmt":"2025-10-24T12:05:11","slug":"donde-nacen-las-bestias-de-pedro-feijoo-leyenda-crimen-y-oscuridad-en-la-galicia-profunda","status":"publish","type":"post","link":"https:\/\/www.europesays.com\/es\/198270\/","title":{"rendered":"\u2018Donde nacen las bestias\u2019, de Pedro Feijoo: leyenda, crimen y oscuridad en la Galicia profunda"},"content":{"rendered":"<p class=\"\">Si eres amante del thriller, <b>no puedes dejar de leer <\/b><b>Donde nacen las bestias<\/b><b>, de Pedro Feijoo<\/b>. Se trata de un <b>thriller<\/b><b> ambientado en la Galicia rural<\/b>, donde lo legendario y lo criminal se entrelazan. La historia se desarrolla en dos l\u00edneas temporales que convergen: por un lado, en 2003, en un valle gallego cubierto por una niebla opresiva, donde persiste el eco de los cr\u00edmenes perpetrados por el hist\u00f3rico asesino conocido como Manuel Blanco Romasanta. Por otro lado, en el presente, cuando <b>aparece un cad\u00e1ver salvajemente mutilado a dentelladas<\/b>, lo que abre una investigaci\u00f3n protagonizada por el inspector Mateo Romano que lo llevar\u00e1 hacia el coraz\u00f3n del valle. <\/p>\n<p class=\"\">La ambientaci\u00f3n es uno de los principales aciertos del autor: <b>el misterio se respira en cada p\u00e1rrafo gracias al entorno gallego <\/b>descrito como \u201cferoz y descarnado\u201d, lo cual potencia la tensi\u00f3n narrativa. Feijoo articula los silencios familiares, las leyendas antiguas y los miedos ancestrales como elementos estructurales de su trama, logrando que lo humano y lo monstruoso se toquen con frecuencia.<\/p>\n<p class=\"\">Narrativamente, <b>la novela apuesta por el ritmo \u00e1gil y las sorpresas<\/b>: el autor no se detiene en explicaciones excesivas, sino que mantiene una atm\u00f3sfera de <b>creciente inquietud<\/b> que atrae al lector hacia lo desconocido. Las constantes referencias a la leyenda de Romasanta sirven como tel\u00f3n de fondo para explorar la violencia latente, la identidad oculta y la potencia simb\u00f3lica de lo bestial en el ser humano.<\/p>\n<p class=\"\">Feijoo desarrolla un thriller que cumple con los requisitos del g\u00e9nero: descubrimientos, giros, un \u00e1mbito cerrado, un valle que es casi otro personaje. En definitiva, Donde nacen las bestias es una apuesta s\u00f3lida dentro de la novela de suspense y thriller en espa\u00f1ol, que combina leyenda, paisaje y crimen con destreza. Quienes disfrutan de la tensi\u00f3n atmosf\u00e9rica, de los entornos opresivos y de una trama que revela sus secretos poco a poco, <b>encontrar\u00e1n una lectura estimulante<\/b>. <\/p>\n<p>Noticias relacionadas<a href=\"https:\/\/as.com\/meristation\/libros\/el-sueno-de-troya-el-regreso-de-alfonso-goizueta-finalista-del-premio-planeta-2023-f202510-n\/\" class=\"mm__wr\" title=\"Revive la apasionante aventura arqueol\u00f3gica de Heinrich Schliemann y el hallazgo que convirti\u00f3 en realidad uno de los grandes mitos de la humanidad.\" data-tb-link=\"\" rel=\"nofollow noopener\" target=\"_blank\"><img decoding=\"async\" src=\"https:\/\/www.europesays.com\/es\/wp-content\/uploads\/2025\/10\/YHRPFY6N6BH2XKOMARNFARLVL4.jpg\" alt=\"\u2018El sue\u00f1o de Troya\u2019: el regreso de Alfonso Goizueta, finalista del Premio Planeta 2023\" class=\"mm__img\" height=\"9\" width=\"16\"   loading=\"lazy\" data-tb-thumbnail=\"\"\/><\/a><a href=\"https:\/\/as.com\/meristation\/libros\/mensaje-de-esperanza-de-dan-brown-en-la-presentacion-de-el-ultimo-secreto-la-ia-esta-sucediendo-f202510-n\/\" class=\"mm__wr\" title=\"El autor de \u2018El c\u00f3digo Da Vinci\u2019, que es n\u00famero 1 de ventas en todos los pa\u00edses donde se ha publicado ya su libro, reflexiona sobre la inteligencia artificial.\" data-tb-link=\"\" rel=\"nofollow noopener\" target=\"_blank\"><img decoding=\"async\" src=\"https:\/\/www.europesays.com\/es\/wp-content\/uploads\/2025\/10\/Z6UH3IXM4JGZFONZMAR6YDRSHU.jpeg\" alt=\"Mensaje de esperanza de Dan Brown en la presentaci\u00f3n de \u2018El \u00faltimo secreto\u2019: \u201cLa IA est\u00e1 sucediendo\u201d\" class=\"mm__img\" height=\"9\" width=\"16\"   loading=\"lazy\" data-tb-thumbnail=\"\"\/><\/a><\/p>\n<p class=\"\">Suscr\u00edbete al <a href=\"https:\/\/www.youtube.com\/@meristation\" target=\"_self\" rel=\"nofollow noopener\" title=\"https:\/\/www.youtube.com\/@meristation\">canal de MeriStation en YouTube<\/a>, tu web de videojuegos y entretenimiento para conocer todas las noticias y novedades sobre el mundo del videojuego, cine, series, manga y anime. An\u00e1lisis, entrevistas, tr\u00e1ileres, gameplays, p\u00f3dcast y mucho m\u00e1s. Tambi\u00e9n te animamos a seguir <a href=\"https:\/\/www.tiktok.com\/@meristation\" rel=\"nofollow noopener\" title=\"https:\/\/www.tiktok.com\/@meristation\" target=\"_blank\">nuestra cuenta de TikTok<\/a>. <\/p>\n<p class=\"\">\u00a1S\u00edguenos en ambas y, si est\u00e1s interesado en licenciar este contenido, pincha <a href=\"https:\/\/profesional.elpais.com\/soluciones-sindicacion?utm_medium=interno&amp;utm_source=crosslinking&amp;utm_campaign=sindicacion_as_pie_articulos\" target=\"_blank\" rel=\"nofollow noopener\" title=\"https:\/\/profesional.elpais.com\/soluciones-sindicacion?utm_medium=interno&amp;utm_source=crosslinking&amp;utm_campaign=sindicacion_as_pie_articulos\">aqu\u00ed<\/a>!<\/p>\n<p><script async src=\"\/\/www.tiktok.com\/embed.js\"><\/script><\/p>\n","protected":false},"excerpt":{"rendered":"Si eres amante del thriller, no puedes dejar de leer Donde nacen las bestias, de Pedro Feijoo. Se&hellip;\n","protected":false},"author":2,"featured_media":198271,"comment_status":"","ping_status":"","sticky":false,"template":"","format":"standard","meta":{"footnotes":""},"categories":[172],"tags":[224,146,147,25,24,225,23],"class_list":{"0":"post-198270","1":"post","2":"type-post","3":"status-publish","4":"format-standard","5":"has-post-thumbnail","7":"category-libros","8":"tag-books","9":"tag-entertainment","10":"tag-entretenimiento","11":"tag-es","12":"tag-espana","13":"tag-libros","14":"tag-spain"},"share_on_mastodon":{"url":"https:\/\/pubeurope.com\/@es\/115429056642923574","error":""},"_links":{"self":[{"href":"https:\/\/www.europesays.com\/es\/wp-json\/wp\/v2\/posts\/198270","targetHints":{"allow":["GET"]}}],"collection":[{"href":"https:\/\/www.europesays.com\/es\/wp-json\/wp\/v2\/posts"}],"about":[{"href":"https:\/\/www.europesays.com\/es\/wp-json\/wp\/v2\/types\/post"}],"author":[{"embeddable":true,"href":"https:\/\/www.europesays.com\/es\/wp-json\/wp\/v2\/users\/2"}],"replies":[{"embeddable":true,"href":"https:\/\/www.europesays.com\/es\/wp-json\/wp\/v2\/comments?post=198270"}],"version-history":[{"count":0,"href":"https:\/\/www.europesays.com\/es\/wp-json\/wp\/v2\/posts\/198270\/revisions"}],"wp:featuredmedia":[{"embeddable":true,"href":"https:\/\/www.europesays.com\/es\/wp-json\/wp\/v2\/media\/198271"}],"wp:attachment":[{"href":"https:\/\/www.europesays.com\/es\/wp-json\/wp\/v2\/media?parent=198270"}],"wp:term":[{"taxonomy":"category","embeddable":true,"href":"https:\/\/www.europesays.com\/es\/wp-json\/wp\/v2\/categories?post=198270"},{"taxonomy":"post_tag","embeddable":true,"href":"https:\/\/www.europesays.com\/es\/wp-json\/wp\/v2\/tags?post=198270"}],"curies":[{"name":"wp","href":"https:\/\/api.w.org\/{rel}","templated":true}]}}