{"id":198272,"date":"2025-10-24T12:06:08","date_gmt":"2025-10-24T12:06:08","guid":{"rendered":"https:\/\/www.europesays.com\/es\/198272\/"},"modified":"2025-10-24T12:06:08","modified_gmt":"2025-10-24T12:06:08","slug":"silvia-intxaurrondo-demanda-a-rtve-por-las-condiciones-laborales-y-economicas-de-su-nuevo-contrato","status":"publish","type":"post","link":"https:\/\/www.europesays.com\/es\/198272\/","title":{"rendered":"Silvia Intxaurrondo demanda a RTVE por las condiciones laborales y econ\u00f3micas de su nuevo contrato"},"content":{"rendered":"<p style=\"\">Silvia Intxaurrondo ha presentado una demanda contra RTVE con la asistencia de un despacho especializado en Derecho Laboral, en respuesta a lo que considera sus \u00ab<a href=\"https:\/\/www.abc.es\/play\/television\/noticias\/transparencia-exige-rtve-haga-publicos-contratos-intxaurrondo-20241001114234-nt.html\" target=\"_self\" data-voc-vtm-id=\"in-text-traffic\" title=\"nuevas condiciones laborales\" data-mrf-link=\"www.abc.es\" rel=\"nofollow noopener\">nuevas condiciones laborales<\/a>\u00bb impuestas por la Corporaci\u00f3n. Tal y como adelant\u00f3 El Mundo y ha podido confirmar ABC, la  &#8230; denuncia fue registrada hace una semana y RTVE la recibi\u00f3 el pasado martes por la tarde. El juicio est\u00e1 previsto para celebrarse en primavera. Mientras tanto, Intxaurrondo contin\u00faa al frente de La Hora de La 1, que mantiene el liderazgo en su franja matinal. <\/p>\n<p class=\"voc-p\" style=\"\">Hace algo m\u00e1s de dos a\u00f1os, cuando &#8216;La Hora de La 1&#8217; pas\u00f3 a ser producci\u00f3n propia de RTVE, Silvia Intxaurrondo continu\u00f3 en el programa como profesional externa a trav\u00e9s de su empresa, Sukun Comunicaci\u00f3n S.L., percibiendo hasta 269.000 euros anuales, seg\u00fan datos publicados por RTVE y el Portal de Transparencia.<\/p>\n<p class=\"voc-p\" style=\"\">En 2023, una inspecci\u00f3n de Trabajo abri\u00f3 una investigaci\u00f3n por posible irregularidad en su contrato mercantil. Tras determinar que deb\u00eda estar dada de alta como trabajadora de RTVE, la Corporaci\u00f3n tuvo que ofrecerle un nuevo contrato como \u00abpersonal no fijo\u00bb, con un salario acorde al convenio (unos 45.000 euros anuales m\u00e1s pluses), muy inferior al anterior, algo que en principio ya fue advertido por la misma Corporaci\u00f3n a la presentadora ya que ten\u00eda que estar sujeta al convenio colectivo.<\/p>\n<p class=\"voc-p\" style=\"\">Adem\u00e1s de la p\u00e9rdida econ\u00f3mica, Intxaurrondo perdi\u00f3 beneficios como los desplazamientos o la autonom\u00eda total en el contenido del programa. En ese acuerdo, Intxaurrondo pod\u00eda decidir de forma aut\u00f3noma el contenido de sus intervenciones, mientras que ahora debe seguir el C\u00f3digo \u00c9tico y el Manual de Estilo de RTVE. Estas diferencias en sueldo y condiciones son las que la han llevado a demandar a RTVE, reclamando mantener su nivel retributivo y lograr mayor estabilidad laboral.<\/p>\n<p>\nLa voz de los sindicatos\n<\/p>\n<p class=\"voc-p\" style=\"\">ABC ha hablado con los sindicatos, y USO RTVE ha recordado a trav\u00e9s de un comunicado  que \u00abla Inspecci\u00f3n de Trabajo ya hab\u00eda intervenido tras una denuncia an\u00f3nima al detectar una relaci\u00f3n laboral encubierta bajo una contrataci\u00f3n externa\u00bb, un modelo que, seg\u00fan denuncian, vulnera \u00abvulnera los principios de acceso al empleo p\u00fablico y los mecanismos de control interno previstos en la normativa del sector p\u00fablico estatal\u00bb.<\/p>\n<p class=\"voc-p\" style=\"\">USO subraya que RTVE se vio obligada a regularizar la situaci\u00f3n de la periodista y aprovecha para denunciar lo que considera un agravio comparativo dentro de la empresa p\u00fablica. \u00abMientras la plantilla sufre a\u00f1os de p\u00e9rdida de poder adquisitivo, algunos perfiles medi\u00e1ticos disfrutan de condiciones excepcionales, ajenas al convenio y a las tablas salariales vigentes\u00bb, se\u00f1ala el comunicado, criticando lo que define como una \u00abdoble vara de medir\u00bb.<\/p>\n<p class=\"voc-p\" style=\"\">El sindicato tambi\u00e9n advierte de que \u00abcualquier intento de retribuir por encima de esos l\u00edmites rompe la igualdad y la credibilidad de RTVE como servicio p\u00fablico\u00bb* y reclama poner fin a la \u00abcultura del privilegio\u00bb, apelando a que se refuerce un modelo laboral basado en \u00abel m\u00e9rito, la transparencia y el cumplimiento estricto del convenio colectivo\u00bb.<\/p>\n<p class=\"voc-p\" style=\"\">USO recuerda que \u00abRTVE pertenece a todos los ciudadanos\u00bb y que \u00abning\u00fan nombre propio, por conocido que sea, est\u00e1 por encima de la ley, del convenio ni del respeto a los trabajadores que sostienen el servicio p\u00fablico\u00bb. Adem\u00e1s, critica que, mientras se mantienen abiertas oposiciones para redactores con cientos de aspirantes cualificados, \u00abalgunos nombres medi\u00e1ticos est\u00e1n cobrando cifras que multiplican por mucho el salario de los trabajadores de plantilla\u00bb.<\/p>\n","protected":false},"excerpt":{"rendered":"Silvia Intxaurrondo ha presentado una demanda contra RTVE con la asistencia de un despacho especializado en Derecho Laboral,&hellip;\n","protected":false},"author":2,"featured_media":198273,"comment_status":"","ping_status":"","sticky":false,"template":"","format":"standard","meta":{"footnotes":""},"categories":[171],"tags":[14795,106,6386,34440,146,147,25,24,39327,52465,524,518,15615,23,214],"class_list":{"0":"post-198272","1":"post","2":"type-post","3":"status-publish","4":"format-standard","5":"has-post-thumbnail","7":"category-tv","8":"tag-condiciones","9":"tag-contrato","10":"tag-demanda","11":"tag-economicas","12":"tag-entertainment","13":"tag-entretenimiento","14":"tag-es","15":"tag-espana","16":"tag-intxaurrondo","17":"tag-laborales","18":"tag-nuevo","19":"tag-rtve","20":"tag-silvia","21":"tag-spain","22":"tag-tv"},"share_on_mastodon":{"url":"https:\/\/pubeurope.com\/@es\/115429060390514387","error":""},"_links":{"self":[{"href":"https:\/\/www.europesays.com\/es\/wp-json\/wp\/v2\/posts\/198272","targetHints":{"allow":["GET"]}}],"collection":[{"href":"https:\/\/www.europesays.com\/es\/wp-json\/wp\/v2\/posts"}],"about":[{"href":"https:\/\/www.europesays.com\/es\/wp-json\/wp\/v2\/types\/post"}],"author":[{"embeddable":true,"href":"https:\/\/www.europesays.com\/es\/wp-json\/wp\/v2\/users\/2"}],"replies":[{"embeddable":true,"href":"https:\/\/www.europesays.com\/es\/wp-json\/wp\/v2\/comments?post=198272"}],"version-history":[{"count":0,"href":"https:\/\/www.europesays.com\/es\/wp-json\/wp\/v2\/posts\/198272\/revisions"}],"wp:featuredmedia":[{"embeddable":true,"href":"https:\/\/www.europesays.com\/es\/wp-json\/wp\/v2\/media\/198273"}],"wp:attachment":[{"href":"https:\/\/www.europesays.com\/es\/wp-json\/wp\/v2\/media?parent=198272"}],"wp:term":[{"taxonomy":"category","embeddable":true,"href":"https:\/\/www.europesays.com\/es\/wp-json\/wp\/v2\/categories?post=198272"},{"taxonomy":"post_tag","embeddable":true,"href":"https:\/\/www.europesays.com\/es\/wp-json\/wp\/v2\/tags?post=198272"}],"curies":[{"name":"wp","href":"https:\/\/api.w.org\/{rel}","templated":true}]}}