{"id":198278,"date":"2025-10-24T12:09:11","date_gmt":"2025-10-24T12:09:11","guid":{"rendered":"https:\/\/www.europesays.com\/es\/198278\/"},"modified":"2025-10-24T12:09:11","modified_gmt":"2025-10-24T12:09:11","slug":"llega-el-clasico-con-real-madrid-y-barcelona-en-buen-momento","status":"publish","type":"post","link":"https:\/\/www.europesays.com\/es\/198278\/","title":{"rendered":"Llega el cl\u00e1sico con Real Madrid y Barcelona en buen momento"},"content":{"rendered":"<p>Bienvenidos a La hinchada, el programa donde repasamos todas las novedades deportivas del fin de semana.<\/p>\n<p>En esta edici\u00f3n analizamos a fondo el gran partido de la liga espa\u00f1ola como es el cl\u00e1sico entre Real Madrid y Barcelona en el Santiago Bernab\u00e9u. Adem\u00e1s, hablamos sobre segunda divisi\u00f3n, f\u00fatbol femenino con la ida de las semifinales de la Nations League y el f\u00fatbol internacional. <\/p>\n<p>Cerramos con el mundo del motor con los Grandes Premios de MotoGP y F\u00f3rmula1.<\/p>\n<p>Todo ello, lo analizamos con nuestro colaborador externo, <strong>Jos\u00e9 Luis S\u00e1nchez Vera<\/strong><\/p>\n","protected":false},"excerpt":{"rendered":"Bienvenidos a La hinchada, el programa donde repasamos todas las novedades deportivas del fin de semana. En esta&hellip;\n","protected":false},"author":2,"featured_media":198279,"comment_status":"","ping_status":"","sticky":false,"template":"","format":"standard","meta":{"footnotes":""},"categories":[93],"tags":[168,25,24,49043,54816,133,1448,1986,1987,23,167],"class_list":{"0":"post-198278","1":"post","2":"type-post","3":"status-publish","4":"format-standard","5":"has-post-thumbnail","7":"category-deportes","8":"tag-deportes","9":"tag-es","10":"tag-espana","11":"tag-la-hinchada","12":"tag-llega-el-clasico-con-real-madrid-y-barcelona-en-buen-momento","13":"tag-online","14":"tag-radio","15":"tag-rne","16":"tag-rtve-play","17":"tag-spain","18":"tag-sports"},"share_on_mastodon":{"url":"https:\/\/pubeurope.com\/@es\/115429072194966497","error":""},"_links":{"self":[{"href":"https:\/\/www.europesays.com\/es\/wp-json\/wp\/v2\/posts\/198278","targetHints":{"allow":["GET"]}}],"collection":[{"href":"https:\/\/www.europesays.com\/es\/wp-json\/wp\/v2\/posts"}],"about":[{"href":"https:\/\/www.europesays.com\/es\/wp-json\/wp\/v2\/types\/post"}],"author":[{"embeddable":true,"href":"https:\/\/www.europesays.com\/es\/wp-json\/wp\/v2\/users\/2"}],"replies":[{"embeddable":true,"href":"https:\/\/www.europesays.com\/es\/wp-json\/wp\/v2\/comments?post=198278"}],"version-history":[{"count":0,"href":"https:\/\/www.europesays.com\/es\/wp-json\/wp\/v2\/posts\/198278\/revisions"}],"wp:featuredmedia":[{"embeddable":true,"href":"https:\/\/www.europesays.com\/es\/wp-json\/wp\/v2\/media\/198279"}],"wp:attachment":[{"href":"https:\/\/www.europesays.com\/es\/wp-json\/wp\/v2\/media?parent=198278"}],"wp:term":[{"taxonomy":"category","embeddable":true,"href":"https:\/\/www.europesays.com\/es\/wp-json\/wp\/v2\/categories?post=198278"},{"taxonomy":"post_tag","embeddable":true,"href":"https:\/\/www.europesays.com\/es\/wp-json\/wp\/v2\/tags?post=198278"}],"curies":[{"name":"wp","href":"https:\/\/api.w.org\/{rel}","templated":true}]}}