{"id":198296,"date":"2025-10-24T12:18:12","date_gmt":"2025-10-24T12:18:12","guid":{"rendered":"https:\/\/www.europesays.com\/es\/198296\/"},"modified":"2025-10-24T12:18:12","modified_gmt":"2025-10-24T12:18:12","slug":"la-tertulia-taurina-los-13-designa-a-fabio-jimenez-como-mejor-novillero-de-la-temporada-en-sevilla","status":"publish","type":"post","link":"https:\/\/www.europesays.com\/es\/198296\/","title":{"rendered":"La tertulia taurina &#8216;Los 13&#8217; designa a Fabio Jim\u00e9nez como mejor novillero de la temporada en Sevilla"},"content":{"rendered":"<p style=\"\">La Tertulia Taurina <strong>&#8216;Los 13 del Baratillo&#8217;<\/strong> ha designado a <strong>Fabio Jim\u00e9nez<\/strong> como el <strong>mejor novillero con picadores<\/strong> de la temporada en la <strong>Real Maestranza de Caballer\u00eda de Sevilla<\/strong>. El  riojano cuaj\u00f3 una importante actuaci\u00f3n el pasado mes de junio  &#8230; donde logr\u00f3 <strong>cortar una oreja<\/strong> a un novillo de la ganader\u00eda de <strong>Julio de la Puerta<\/strong>.<\/p>\n<p class=\"voc-p\" style=\"\">En la tertulia han destacado  <strong>la clase, el compromiso y la personalidad<\/strong> de esta joven promesa que ha cuajado una importante temporada culminada con la <strong>alternativa<\/strong> el pasado 15 de agosto en su localidad natal de <strong>Alfaro<\/strong>, de manos de <strong>Diego Urdiales<\/strong> y con <strong>Alejandro Talavante<\/strong> como testigo.<\/p>\n<p class=\"voc-p\" style=\"\">La votaci\u00f3n se celebr\u00f3 este jueves, sumando el premiado la gran mayor\u00eda de los votos emitidos. De esta forma la entidad sevillana <strong>premia el mejor toreo de un novillero ejecutado en las novilladas de abono<\/strong> de la pasada temporada. Jim\u00e9nez es el trig\u00e9simo segundo premiado en los casi 50 a\u00f1os desde la creaci\u00f3n de la tertulia.<\/p>\n<p class=\"voc-p\" style=\"\">La Tertulia &#8216;Los 13&#8217; -con casi medio siglo de antig\u00fcedad- es una entidad taurina de de prestigio en la capital hispalense, caracterizada por el fomento y la difusi\u00f3n de la fiesta de los toros, premiando cada a\u00f1o al novillero con picadores m\u00e1s destacado de la temporada en el coso del Baratillo. <strong>L<\/strong><strong>a tertulia vivi\u00f3 un profundo proceso de renovaci\u00f3n el pasado oto\u00f1o<\/strong> con la incorporaci\u00f3n de savia nueva. <\/p>\n<p class=\"voc-p\" style=\"\">Mario Triana (1978) fue el primer diestro en recibir el galard\u00f3n, que representa la Puerta de Toriles del coso del Baratillo. Desde entonces, la n\u00f3mina de triunfadores es bastante amplia: Pepe Luis V\u00e1zquez (1979), Curro Dur\u00e1n (1981), Lucio Sand\u00edn (1983), Emilio Oliva (1984), Fernando Cepeda (1986), Domingo Valderrama (1988), Julio Aparicio (1989), Manuel Caballero (1990), Joaqu\u00edn D\u00edaz (1991), Pedrito de Portugal (1993), Vicente Barrera (1994), Cristina S\u00e1nchez (1995), Luis Mariscal (1996), El Juli (1998), Manuel Escribano (2002), Jesuli de Torrecera (2003), Salvador Cort\u00e9s (2004), Oliva Soto (2006), Miguel \u00c1ngel Delgado (2007), Esa\u00fa Fern\u00e1ndez (2010), Gonzalo Caballero (2012), Lama de G\u00f3ngora (2013), Jos\u00e9 Garrido (2014), Roca Rey (2015), Daniel Garc\u00eda Navarrete (2018), Rafael Gonz\u00e1lez (2019), Manuel Perera (2021), Isaac Fonseca (2022), Curro Dur\u00e1n (2023) y Aar\u00f3n Palacio (2024).<\/p>\n","protected":false},"excerpt":{"rendered":"La Tertulia Taurina &#8216;Los 13 del Baratillo&#8217; ha designado a Fabio Jim\u00e9nez como el mejor novillero con picadores&hellip;\n","protected":false},"author":2,"featured_media":198297,"comment_status":"","ping_status":"","sticky":false,"template":"","format":"standard","meta":{"footnotes":""},"categories":[277],"tags":[373,168,54819,25,24,22054,11672,1684,11161,1171,23,167,1152,374],"class_list":{"0":"post-198296","1":"post","2":"type-post","3":"status-publish","4":"format-standard","5":"has-post-thumbnail","7":"category-toreo","8":"tag-bullfighting","9":"tag-deportes","10":"tag-designado","11":"tag-es","12":"tag-espana","13":"tag-fabio","14":"tag-jimenez","15":"tag-mejor","16":"tag-novillero","17":"tag-sevilla","18":"tag-spain","19":"tag-sports","20":"tag-temporada","21":"tag-toreo"},"share_on_mastodon":{"url":"https:\/\/pubeurope.com\/@es\/115429107474952821","error":""},"_links":{"self":[{"href":"https:\/\/www.europesays.com\/es\/wp-json\/wp\/v2\/posts\/198296","targetHints":{"allow":["GET"]}}],"collection":[{"href":"https:\/\/www.europesays.com\/es\/wp-json\/wp\/v2\/posts"}],"about":[{"href":"https:\/\/www.europesays.com\/es\/wp-json\/wp\/v2\/types\/post"}],"author":[{"embeddable":true,"href":"https:\/\/www.europesays.com\/es\/wp-json\/wp\/v2\/users\/2"}],"replies":[{"embeddable":true,"href":"https:\/\/www.europesays.com\/es\/wp-json\/wp\/v2\/comments?post=198296"}],"version-history":[{"count":0,"href":"https:\/\/www.europesays.com\/es\/wp-json\/wp\/v2\/posts\/198296\/revisions"}],"wp:featuredmedia":[{"embeddable":true,"href":"https:\/\/www.europesays.com\/es\/wp-json\/wp\/v2\/media\/198297"}],"wp:attachment":[{"href":"https:\/\/www.europesays.com\/es\/wp-json\/wp\/v2\/media?parent=198296"}],"wp:term":[{"taxonomy":"category","embeddable":true,"href":"https:\/\/www.europesays.com\/es\/wp-json\/wp\/v2\/categories?post=198296"},{"taxonomy":"post_tag","embeddable":true,"href":"https:\/\/www.europesays.com\/es\/wp-json\/wp\/v2\/tags?post=198296"}],"curies":[{"name":"wp","href":"https:\/\/api.w.org\/{rel}","templated":true}]}}